{"id":149997,"date":"2024-12-06T20:52:36","date_gmt":"2024-12-07T02:52:36","guid":{"rendered":"https:\/\/www.uv.mx\/prensa\/?p=149997"},"modified":"2024-12-06T20:52:36","modified_gmt":"2024-12-07T02:52:36","slug":"campana-apadrina-una-carta-del-voluntariado-uv-cumple-10-anos","status":"publish","type":"post","link":"https:\/\/www.uv.mx\/prensa\/general\/campana-apadrina-una-carta-del-voluntariado-uv-cumple-10-anos\/","title":{"rendered":"Campa\u00f1a \u201cApadrina una carta\u201d, del Voluntariado UV, cumple 10 a\u00f1os"},"content":{"rendered":"<ul>\n<li data-leveltext=\"\uf0b7\" data-font=\"Symbol\" data-listid=\"3\" data-list-defn-props=\"{&quot;335552541&quot;:1,&quot;335559685&quot;:720,&quot;335559991&quot;:360,&quot;469769226&quot;:&quot;Symbol&quot;,&quot;469769242&quot;:[8226],&quot;469777803&quot;:&quot;left&quot;,&quot;469777804&quot;:&quot;\uf0b7&quot;,&quot;469777815&quot;:&quot;hybridMultilevel&quot;}\" data-aria-posinset=\"1\" data-aria-level=\"1\"><i><span data-contrast=\"auto\">En el caso de la regi\u00f3n Xalapa se instal\u00f3 un m\u00f3dulo en el Edificio \u201cA\u201d de Rector\u00eda, de 9:00 a 14:30 horas hasta el 18 de diciembre<\/span><\/i><span data-ccp-props=\"{&quot;134233117&quot;:false,&quot;134233118&quot;:false,&quot;201341983&quot;:0,&quot;335559738&quot;:0,&quot;335559739&quot;:0,&quot;335559740&quot;:240}\">\u00a0<\/span><\/li>\n<\/ul>\n<ul>\n<li data-leveltext=\"\uf0b7\" data-font=\"Symbol\" data-listid=\"3\" data-list-defn-props=\"{&quot;335552541&quot;:1,&quot;335559685&quot;:720,&quot;335559991&quot;:360,&quot;469769226&quot;:&quot;Symbol&quot;,&quot;469769242&quot;:[8226],&quot;469777803&quot;:&quot;left&quot;,&quot;469777804&quot;:&quot;\uf0b7&quot;,&quot;469777815&quot;:&quot;hybridMultilevel&quot;}\" data-aria-posinset=\"2\" data-aria-level=\"1\"><i><span data-contrast=\"auto\">La campa\u00f1a \u201cDona un juguete\u201d se sumar\u00e1 a esta iniciativa, comenzando sus entregas en febrero de 2025<\/span><\/i><span data-ccp-props=\"{&quot;134233117&quot;:false,&quot;134233118&quot;:false,&quot;201341983&quot;:0,&quot;335559738&quot;:0,&quot;335559739&quot;:0,&quot;335559740&quot;:240}\">\u00a0<\/span><\/li>\n<\/ul>\n<p><span data-ccp-props=\"{&quot;134233117&quot;:false,&quot;134233118&quot;:false,&quot;201341983&quot;:0,&quot;335559738&quot;:0,&quot;335559739&quot;:0,&quot;335559740&quot;:240}\">\u00a0<\/span><\/p>\n<div id=\"attachment_149947\" style=\"width: 732px\" class=\"wp-caption aligncenter\"><img aria-describedby=\"caption-attachment-149947\" decoding=\"async\" loading=\"lazy\" class=\"size-full wp-image-149947\" src=\"https:\/\/www.uv.mx\/prensa\/files\/2024\/12\/03122024-DAVID-Campana-Apadrina-una-carta-Voluntariado-UV-1.jpg\" alt=\"Milton Res\u00e9ndiz y Dana Jim\u00e9nez, del Voluntariado UV, invitaron a participar en la campa\u00f1a \u201cApadrina una carta\u201d \" width=\"722\" height=\"476\" srcset=\"https:\/\/www.uv.mx\/prensa\/files\/2024\/12\/03122024-DAVID-Campana-Apadrina-una-carta-Voluntariado-UV-1.jpg 722w, https:\/\/www.uv.mx\/prensa\/files\/2024\/12\/03122024-DAVID-Campana-Apadrina-una-carta-Voluntariado-UV-1-300x198.jpg 300w\" sizes=\"(max-width: 722px) 100vw, 722px\" \/><p id=\"caption-attachment-149947\" class=\"wp-caption-text\">Milton Res\u00e9ndiz y Dana Jim\u00e9nez, del Voluntariado UV, invitaron a participar en la campa\u00f1a \u201cApadrina una carta\u201d<\/p><\/div>\n<p>&nbsp;<\/p>\n<p><b><i><span data-contrast=\"auto\">David Sandoval Rodr\u00edguez<\/span><\/i><\/b><span data-ccp-props=\"{&quot;134233117&quot;:false,&quot;134233118&quot;:false,&quot;201341983&quot;:0,&quot;335559738&quot;:0,&quot;335559739&quot;:0,&quot;335559740&quot;:240}\">\u00a0<\/span><\/p>\n<p><b><i><span data-contrast=\"auto\">Fotos: Omar Portilla Palacios<\/span><\/i><\/b><\/p>\n<p><b><i><span data-contrast=\"auto\">06\/12\/2024, Xalapa, Ver.-<\/span><\/i><\/b><span data-contrast=\"auto\"> Por d\u00e9cimo a\u00f1o consecutivo, la Universidad Veracruzana (UV), a trav\u00e9s del Voluntariado UV, invita a su comunidad y a la sociedad en general a sumarse a la campa\u00f1a \u201cApadrina una carta\u201d que reci\u00e9n comenz\u00f3 y finalizar\u00e1 con la entrega de juguetes el pr\u00f3ximo febrero.<\/span><span data-ccp-props=\"{&quot;134233117&quot;:false,&quot;134233118&quot;:false,&quot;201341983&quot;:0,&quot;335559738&quot;:0,&quot;335559739&quot;:0,&quot;335559740&quot;:240}\">\u00a0<\/span><\/p>\n<p><span data-contrast=\"auto\">En entrevista, Milton Res\u00e9ndiz Vera, encargado del Voluntariado UV, expres\u00f3 que esta iniciativa ha mostrado su permanencia, ganando cada vez m\u00e1s inter\u00e9s por parte de la comunidad universitaria, que incluso durante la pandemia por COVID 19 solicit\u00f3 cartas, lo que permiti\u00f3 continuar esta labor ininterrumpidamente.<\/span><span data-ccp-props=\"{&quot;134233117&quot;:false,&quot;134233118&quot;:false,&quot;201341983&quot;:0,&quot;335559731&quot;:705,&quot;335559738&quot;:0,&quot;335559739&quot;:0,&quot;335559740&quot;:240}\">\u00a0<\/span><\/p>\n<p><span data-contrast=\"auto\">\u201cEs una manera de impactar positivamente en la vida de ni\u00f1as y ni\u00f1os de comunidades donde la Universidad tiene v\u00ednculos, son localidades cercanas a las Casas UV en las que colaboran estudiantes de servicio social, realizando talleres, acompa\u00f1amiento y brindando atenci\u00f3n a la salud.\u201d<\/span><span data-ccp-props=\"{&quot;134233117&quot;:false,&quot;134233118&quot;:false,&quot;201341983&quot;:0,&quot;335559731&quot;:705,&quot;335559738&quot;:0,&quot;335559739&quot;:0,&quot;335559740&quot;:240}\">\u00a0<\/span><\/p>\n<p><span data-contrast=\"auto\">Mencion\u00f3 que, al ser una campa\u00f1a implementada a lo largo de una d\u00e9cada, ha permitido que algunos de aquellos ni\u00f1os beneficiados en las primeras ediciones hoy en d\u00eda sean estudiantes de la UV.<\/span><span data-ccp-props=\"{&quot;134233117&quot;:false,&quot;134233118&quot;:false,&quot;201341983&quot;:0,&quot;335559731&quot;:705,&quot;335559738&quot;:0,&quot;335559739&quot;:0,&quot;335559740&quot;:240}\">\u00a0<\/span><\/p>\n<p><span data-contrast=\"auto\">No es una campa\u00f1a que s\u00f3lo quiera llevar regalos, las comunidades en las que se entregan son receptivas a la instituci\u00f3n y a sus estudiantes, por eso es una manera de agradecerles su participaci\u00f3n.<\/span><span data-ccp-props=\"{&quot;134233117&quot;:false,&quot;134233118&quot;:false,&quot;201341983&quot;:0,&quot;335559731&quot;:705,&quot;335559738&quot;:0,&quot;335559739&quot;:0,&quot;335559740&quot;:240}\">\u00a0<\/span><\/p>\n<p><span data-contrast=\"auto\">\u201cLo que buscamos hacer con todos los programas que lleva a cabo el Voluntariado UV, como los Comedores Universitarios y el apoyo a los albergues de migrantes, es crear un impacto positivo a largo plazo\u201d, agreg\u00f3.<\/span><span data-ccp-props=\"{&quot;134233117&quot;:false,&quot;134233118&quot;:false,&quot;201341983&quot;:0,&quot;335559731&quot;:705,&quot;335559738&quot;:0,&quot;335559739&quot;:0,&quot;335559740&quot;:240}\">\u00a0<\/span><\/p>\n<p><span data-contrast=\"auto\">Para realizar este trabajo se requiere de la colaboraci\u00f3n de otras instancias universitarias como la Direcci\u00f3n General de Vinculaci\u00f3n y las Direcciones Generales de las \u00c1reas Acad\u00e9micas, por lo que Res\u00e9ndiz Vera agradeci\u00f3 tambi\u00e9n su apoyo.<\/span><\/p>\n<div id=\"attachment_149946\" style=\"width: 732px\" class=\"wp-caption aligncenter\"><img aria-describedby=\"caption-attachment-149946\" decoding=\"async\" loading=\"lazy\" class=\"size-full wp-image-149946\" src=\"https:\/\/www.uv.mx\/prensa\/files\/2024\/12\/03122024-DAVID-Campana-Apadrina-una-carta-Voluntariado-UV-2.jpg\" alt=\"Res\u00e9ndiz Vera dijo que cada a\u00f1o crece el n\u00famero de cartas, as\u00ed como la demanda de la comunidad UV por ser padrinos en la campa\u00f1a \" width=\"722\" height=\"467\" srcset=\"https:\/\/www.uv.mx\/prensa\/files\/2024\/12\/03122024-DAVID-Campana-Apadrina-una-carta-Voluntariado-UV-2.jpg 722w, https:\/\/www.uv.mx\/prensa\/files\/2024\/12\/03122024-DAVID-Campana-Apadrina-una-carta-Voluntariado-UV-2-300x194.jpg 300w\" sizes=\"(max-width: 722px) 100vw, 722px\" \/><p id=\"caption-attachment-149946\" class=\"wp-caption-text\">Res\u00e9ndiz Vera dijo que cada a\u00f1o crece el n\u00famero de cartas, as\u00ed como la demanda de la comunidad UV por ser padrinos en la campa\u00f1a<\/p><\/div>\n<p>&nbsp;<\/p>\n<p><span data-contrast=\"auto\">Recalc\u00f3 adem\u00e1s que el inter\u00e9s por participar ha crecido constantemente, pues el a\u00f1o pasado se terminaron las 700 cartas programadas y para 2024 se repartir\u00e1n 900 \u00fanicamente en la regi\u00f3n Xalapa, a las que se sumar\u00e1n las distribuidas en las dem\u00e1s regiones universitarias donde tambi\u00e9n se ha incrementado y esperan superar la cifra de 2023, que fue de mil 600 cartas.<\/span><span data-ccp-props=\"{&quot;134233117&quot;:false,&quot;134233118&quot;:false,&quot;201341983&quot;:0,&quot;335559731&quot;:705,&quot;335559738&quot;:0,&quot;335559739&quot;:0,&quot;335559740&quot;:240}\">\u00a0<\/span><\/p>\n<p><span data-contrast=\"auto\">Hasta el mi\u00e9rcoles 18 de diciembre estar\u00e1 ubicado un m\u00f3dulo del Voluntariado UV en el vest\u00edbulo del Edificio \u201cA\u201d de la Unidad Central de Rector\u00eda, de 9:00 a 14:30 horas, para poder apadrinar cartas.<\/span><span data-ccp-props=\"{&quot;134233117&quot;:false,&quot;134233118&quot;:false,&quot;201341983&quot;:0,&quot;335559731&quot;:705,&quot;335559738&quot;:0,&quot;335559739&quot;:0,&quot;335559740&quot;:240}\">\u00a0<\/span><\/p>\n<p><span data-contrast=\"auto\">En caso de que alguna dependencia o entidad acad\u00e9mica desee que el Voluntariado UV acuda para efectuar un reparto en su sede, puede llamar al tel\u00e9fono 2288159004 o dirigirse al correo electr\u00f3nico: <\/span><a href=\"mailto:voluntariado@uv.mx\"><span data-contrast=\"none\">voluntariado@uv.mx<\/span><\/a><span data-ccp-props=\"{&quot;134233117&quot;:false,&quot;134233118&quot;:false,&quot;201341983&quot;:0,&quot;335559731&quot;:705,&quot;335559738&quot;:0,&quot;335559739&quot;:0,&quot;335559740&quot;:240}\">\u00a0<\/span><\/p>\n<p><span data-ccp-props=\"{&quot;134233117&quot;:false,&quot;134233118&quot;:false,&quot;201341983&quot;:0,&quot;335559738&quot;:0,&quot;335559739&quot;:0,&quot;335559740&quot;:240}\">\u00a0<\/span><b><span data-contrast=\"auto\">Campa\u00f1a \u201cDona un juguete\u201d va de la mano<\/span><\/b><span data-ccp-props=\"{&quot;134233117&quot;:false,&quot;134233118&quot;:false,&quot;201341983&quot;:0,&quot;335559738&quot;:0,&quot;335559739&quot;:0,&quot;335559740&quot;:240}\"><br \/>\n<\/span><span data-contrast=\"auto\">A partir de febrero de 2025 se comenzar\u00e1n a repartir los regalos de \u201cApadrina una carta\u201d y para todos aquellos que tengan el inter\u00e9s de participar y no hayan alcanzado una misiva, podr\u00e1n sumarse mediante la campa\u00f1a \u201cDona un juguete\u201d.<\/span><span data-ccp-props=\"{&quot;134233117&quot;:false,&quot;134233118&quot;:false,&quot;201341983&quot;:0,&quot;335559738&quot;:0,&quot;335559739&quot;:0,&quot;335559740&quot;:240}\">\u00a0<\/span><\/p>\n<p><span data-contrast=\"auto\">Res\u00e9ndiz Vera record\u00f3 que muchas veces los hermanitos peque\u00f1os o aquellos ni\u00f1os que no pueden estudiar esperan tambi\u00e9n un regalo y acuden a las visitas del Voluntariado UV; es para ellos a quienes est\u00e1 dirigida esta campa\u00f1a.<\/span><span data-ccp-props=\"{&quot;134233117&quot;:false,&quot;134233118&quot;:false,&quot;201341983&quot;:0,&quot;335559731&quot;:705,&quot;335559738&quot;:0,&quot;335559739&quot;:0,&quot;335559740&quot;:240}\">\u00a0<\/span><\/p>\n<p><span data-contrast=\"auto\">Hay personas que desean apoyar, pero sus recursos son limitados, para ellos es que se ide\u00f3 esta campa\u00f1a y as\u00ed puedan aportar un juguete que ser\u00e1 entregado en la misma fecha en que se visiten las comunidades, generando un doble beneficio a las infancias.<\/span><span data-ccp-props=\"{&quot;134233117&quot;:false,&quot;134233118&quot;:false,&quot;201341983&quot;:0,&quot;335559731&quot;:705,&quot;335559738&quot;:0,&quot;335559739&quot;:0,&quot;335559740&quot;:240}\">\u00a0<\/span><\/p>\n<p><span data-contrast=\"auto\">\u201cPueden donar un juguete sabiendo que \u00e9ste llegar\u00e1 al hermanito menor, al ni\u00f1o que no puede ir a clases, y as\u00ed es como podemos llevar m\u00e1s juguetes a las comunidades. Tambi\u00e9n pueden participar los estudiantes que nos han apoyado en a\u00f1os anteriores\u201d, coment\u00f3.<\/span><\/p>\n<div id=\"attachment_149948\" style=\"width: 732px\" class=\"wp-caption aligncenter\"><img aria-describedby=\"caption-attachment-149948\" decoding=\"async\" loading=\"lazy\" class=\"size-full wp-image-149948\" src=\"https:\/\/www.uv.mx\/prensa\/files\/2024\/12\/03122024-DAVID-Campana-Apadrina-una-carta-Voluntariado-UV-3.jpg\" alt=\"La campa\u00f1a se ha ido sistematizando para facilitar el llenado por parte de los ni\u00f1os y la clasificaci\u00f3n por parte del Voluntariado UV \" width=\"722\" height=\"510\" srcset=\"https:\/\/www.uv.mx\/prensa\/files\/2024\/12\/03122024-DAVID-Campana-Apadrina-una-carta-Voluntariado-UV-3.jpg 722w, https:\/\/www.uv.mx\/prensa\/files\/2024\/12\/03122024-DAVID-Campana-Apadrina-una-carta-Voluntariado-UV-3-300x212.jpg 300w\" sizes=\"(max-width: 722px) 100vw, 722px\" \/><p id=\"caption-attachment-149948\" class=\"wp-caption-text\">La campa\u00f1a se ha ido sistematizando para facilitar el llenado por parte de los ni\u00f1os y la clasificaci\u00f3n por parte del Voluntariado UV<\/p><\/div>\n<p>&nbsp;<\/p>\n<p><b><span data-contrast=\"auto\">Un proceso sistematizado detr\u00e1s de las campa\u00f1as<br \/>\n<\/span><\/b><span data-contrast=\"auto\">Con el paso del tiempo se han ido implementando mejoras en las campa\u00f1as y a la fecha se cuenta con una base de datos que permite un registro y seguimiento de las cartas, desde la generaci\u00f3n de sus folios hasta su entrega a las y los ni\u00f1os.<\/span><span data-ccp-props=\"{&quot;134233117&quot;:false,&quot;134233118&quot;:false,&quot;201341983&quot;:0,&quot;335559738&quot;:0,&quot;335559739&quot;:0,&quot;335559740&quot;:240}\">\u00a0<\/span><\/p>\n<p><span data-contrast=\"auto\">En esta ocasi\u00f3n, con ambas campa\u00f1as se apoyar\u00e1 a 17 localidades de siete municipios, precis\u00f3 Dana Pamela Jim\u00e9nez Escobar, gestor log\u00edstico de la entidad universitaria.<\/span><span data-ccp-props=\"{&quot;134233117&quot;:false,&quot;134233118&quot;:false,&quot;201341983&quot;:0,&quot;335559731&quot;:705,&quot;335559738&quot;:0,&quot;335559739&quot;:0,&quot;335559740&quot;:240}\">\u00a0<\/span><\/p>\n<p><span data-contrast=\"auto\">\u201cAhora, por cuestiones de comodidad para los ni\u00f1os y de log\u00edstica para nosotros, se les dan opciones m\u00faltiples y que ellos puedan escribir lo que desean; una vez que las cartas llegan con nosotros hacemos una base de datos con el folio, nombres y listado de juguetes.\u201d<\/span><span data-ccp-props=\"{&quot;134233117&quot;:false,&quot;134233118&quot;:false,&quot;201341983&quot;:0,&quot;335559731&quot;:705,&quot;335559738&quot;:0,&quot;335559739&quot;:0,&quot;335559740&quot;:240}\">\u00a0<\/span><\/p>\n<p><span data-contrast=\"auto\">Ya con los regalos, en la Casa de la Rector\u00eda de la UV el equipo del Voluntariado UV \u2013integrado por seis personas\u2013 revisa los paquetes y corroboran que est\u00e9n completos, posteriormente refuerzan los empaques y los agrupan de acuerdo a las comunidades en las que se entregar\u00e1n.<\/span><span data-ccp-props=\"{&quot;134233117&quot;:false,&quot;134233118&quot;:false,&quot;201341983&quot;:0,&quot;335559731&quot;:705,&quot;335559738&quot;:0,&quot;335559739&quot;:0,&quot;335559740&quot;:240}\">\u00a0<\/span><\/p>\n<p><span data-contrast=\"auto\">Para mayores informes sobre c\u00f3mo participar en las campa\u00f1as, se puede acceder al sitio oficial: <\/span><a href=\"https:\/\/www.uv.mx\/voluntariado\/\"><span data-contrast=\"none\">https:\/\/www.uv.mx\/voluntariado\/<\/span><\/a><span data-ccp-props=\"{&quot;134233117&quot;:false,&quot;134233118&quot;:false,&quot;201341983&quot;:0,&quot;335559731&quot;:705,&quot;335559738&quot;:0,&quot;335559739&quot;:0,&quot;335559740&quot;:240}\">\u00a0<\/span><\/p>\n","protected":false},"excerpt":{"rendered":"<p>La comunidad universitaria y sociedad en general pueden sumarse a la iniciativa universitaria desde el sitio oficial https:\/\/www.uv.mx\/voluntariado\/ <\/p>\n","protected":false},"author":1775,"featured_media":149945,"comment_status":"closed","ping_status":"closed","sticky":false,"template":"","format":"standard","meta":[],"categories":[1,61],"tags":[64,20445,3230,9663,20444,4159,994,20443,65,6928,6462,7415,6228],"_links":{"self":[{"href":"https:\/\/www.uv.mx\/prensa\/wp-json\/wp\/v2\/posts\/149997"}],"collection":[{"href":"https:\/\/www.uv.mx\/prensa\/wp-json\/wp\/v2\/posts"}],"about":[{"href":"https:\/\/www.uv.mx\/prensa\/wp-json\/wp\/v2\/types\/post"}],"author":[{"embeddable":true,"href":"https:\/\/www.uv.mx\/prensa\/wp-json\/wp\/v2\/users\/1775"}],"replies":[{"embeddable":true,"href":"https:\/\/www.uv.mx\/prensa\/wp-json\/wp\/v2\/comments?post=149997"}],"version-history":[{"count":1,"href":"https:\/\/www.uv.mx\/prensa\/wp-json\/wp\/v2\/posts\/149997\/revisions"}],"predecessor-version":[{"id":149998,"href":"https:\/\/www.uv.mx\/prensa\/wp-json\/wp\/v2\/posts\/149997\/revisions\/149998"}],"wp:featuredmedia":[{"embeddable":true,"href":"https:\/\/www.uv.mx\/prensa\/wp-json\/wp\/v2\/media\/149945"}],"wp:attachment":[{"href":"https:\/\/www.uv.mx\/prensa\/wp-json\/wp\/v2\/media?parent=149997"}],"wp:term":[{"taxonomy":"category","embeddable":true,"href":"https:\/\/www.uv.mx\/prensa\/wp-json\/wp\/v2\/categories?post=149997"},{"taxonomy":"post_tag","embeddable":true,"href":"https:\/\/www.uv.mx\/prensa\/wp-json\/wp\/v2\/tags?post=149997"}],"curies":[{"name":"wp","href":"https:\/\/api.w.org\/{rel}","templated":true}]}}