{"id":150492,"date":"2025-01-08T18:42:45","date_gmt":"2025-01-09T00:42:45","guid":{"rendered":"https:\/\/www.uv.mx\/prensa\/?p=150492"},"modified":"2025-01-08T18:42:45","modified_gmt":"2025-01-09T00:42:45","slug":"egresada-de-musica-uv-elaboro-texto-de-ayuda-para-la-educacion-basica","status":"publish","type":"post","link":"https:\/\/www.uv.mx\/prensa\/general\/egresada-de-musica-uv-elaboro-texto-de-ayuda-para-la-educacion-basica\/","title":{"rendered":"Egresada de M\u00fasica UV elabor\u00f3 texto de ayuda para la educaci\u00f3n b\u00e1sica"},"content":{"rendered":"<ul>\n<li data-leveltext=\"\u00b7\" data-font=\"Symbol\" data-listid=\"1\" data-list-defn-props=\"{&quot;335552541&quot;:1,&quot;335559685&quot;:720,&quot;335559991&quot;:360,&quot;469769226&quot;:&quot;Symbol&quot;,&quot;469769242&quot;:[8226],&quot;469777803&quot;:&quot;left&quot;,&quot;469777804&quot;:&quot;\u00b7&quot;,&quot;469777815&quot;:&quot;hybridMultilevel&quot;}\" data-aria-posinset=\"1\" data-aria-level=\"1\"><i><span data-contrast=\"auto\">Ante la aridez de material did\u00e1ctico que adopte la m\u00fasica como auxiliar, Andrea Isabel Grajales Y\u00e9pez decidi\u00f3 generar una gu\u00eda<\/span><\/i><span data-ccp-props=\"{&quot;335559739&quot;:0}\">\u00a0<\/span><\/li>\n<\/ul>\n<ul>\n<li data-leveltext=\"\u00b7\" data-font=\"Symbol\" data-listid=\"1\" data-list-defn-props=\"{&quot;335552541&quot;:1,&quot;335559685&quot;:720,&quot;335559991&quot;:360,&quot;469769226&quot;:&quot;Symbol&quot;,&quot;469769242&quot;:[8226],&quot;469777803&quot;:&quot;left&quot;,&quot;469777804&quot;:&quot;\u00b7&quot;,&quot;469777815&quot;:&quot;hybridMultilevel&quot;}\" data-aria-posinset=\"2\" data-aria-level=\"1\"><i><span data-contrast=\"auto\">La expresi\u00f3n y comunicaci\u00f3n mediante la m\u00fasica no conoce limitantes ni diferencia de lenguas<\/span><\/i><span data-ccp-props=\"{&quot;335559739&quot;:0}\">\u00a0<\/span><\/li>\n<\/ul>\n<ul>\n<li data-leveltext=\"\u00b7\" data-font=\"Symbol\" data-listid=\"1\" data-list-defn-props=\"{&quot;335552541&quot;:1,&quot;335559685&quot;:720,&quot;335559991&quot;:360,&quot;469769226&quot;:&quot;Symbol&quot;,&quot;469769242&quot;:[8226],&quot;469777803&quot;:&quot;left&quot;,&quot;469777804&quot;:&quot;\u00b7&quot;,&quot;469777815&quot;:&quot;hybridMultilevel&quot;}\" data-aria-posinset=\"3\" data-aria-level=\"1\"><i><span data-contrast=\"auto\">Por este trabajo, recibi\u00f3 el Premio \u201cArte, Ciencia, Luz\u201d que otorga la Universidad Veracruzana (UV)<\/span><\/i><span data-ccp-props=\"{&quot;335559739&quot;:0}\">\u00a0<\/span><\/li>\n<\/ul>\n<p><span data-ccp-props=\"{&quot;201341983&quot;:0,&quot;335559739&quot;:0,&quot;335559740&quot;:240}\">\u00a0<\/span><\/p>\n<div id=\"attachment_150468\" style=\"width: 732px\" class=\"wp-caption aligncenter\"><img aria-describedby=\"caption-attachment-150468\" decoding=\"async\" loading=\"lazy\" class=\"size-full wp-image-150468\" src=\"https:\/\/www.uv.mx\/prensa\/files\/2025\/01\/021224-Musica-Andrea-Isabel-Grajales-2.jpg\" alt=\"Andrea Isabel Grajales Y\u00e9pez, egresada de la Facultad de M\u00fasica UV recibi\u00f3 el Premio \u201cArte, Ciencia, Luz\u201d  \" width=\"722\" height=\"481\" srcset=\"https:\/\/www.uv.mx\/prensa\/files\/2025\/01\/021224-Musica-Andrea-Isabel-Grajales-2.jpg 722w, https:\/\/www.uv.mx\/prensa\/files\/2025\/01\/021224-Musica-Andrea-Isabel-Grajales-2-300x200.jpg 300w\" sizes=\"(max-width: 722px) 100vw, 722px\" \/><p id=\"caption-attachment-150468\" class=\"wp-caption-text\">Andrea Isabel Grajales Y\u00e9pez, egresada de la Facultad de M\u00fasica UV recibi\u00f3 el Premio \u201cArte, Ciencia, Luz\u201d<\/p><\/div>\n<p>&nbsp;<\/p>\n<p><b><i><span data-contrast=\"auto\">Jorge V\u00e1zquez Pacheco<\/span><\/i><\/b><span data-ccp-props=\"{&quot;201341983&quot;:0,&quot;335559739&quot;:0,&quot;335559740&quot;:240}\">\u00a0<\/span><\/p>\n<p><b><i><span data-contrast=\"auto\">Fotos: Omar Portilla Palacios<\/span><\/i><\/b><\/p>\n<p><b><i><span data-contrast=\"auto\">08\/01\/2025, Xalapa, Ver.- <\/span><\/i><\/b><span data-contrast=\"auto\">Andrea Isabel Grajales Y\u00e9pez, egresada de la Licenciatura en Educaci\u00f3n Musical de la Facultad de M\u00fasica de la Universidad Veracruzana (UV), elabor\u00f3 el documento \u201cAprendiendo a leer y escribir con m\u00fasica: propuesta de gu\u00eda did\u00e1ctica para el primer grado de educaci\u00f3n primaria\u201d, destinado a los profesores de este nivel escolar, por el cual se hizo acreedora al Premio \u201cArte, Ciencia, Luz\u201d que otorga esta casa de estudios.<\/span><span data-ccp-props=\"{&quot;201341983&quot;:0,&quot;335559739&quot;:0,&quot;335559740&quot;:240}\">\u00a0<\/span><\/p>\n<p><span data-contrast=\"auto\">La m\u00fasica se relaciona directamente con asuntos motrices y con las artes visuales, por ello el acercamiento de un ni\u00f1o debe ser desde la educaci\u00f3n b\u00e1sica, aunque no todos tienen esa posibilidad, dijo la joven universitaria.\u00a0<\/span><span data-ccp-props=\"{&quot;201341983&quot;:0,&quot;335559739&quot;:0,&quot;335559740&quot;:240}\">\u00a0<\/span><\/p>\n<p><span data-contrast=\"auto\">Con su trabajo, Andrea Isabel Grajales pretende atender la necesidad de los ense\u00f1antes con un volumen al que podr\u00e1n acceder gratuitamente para obtener ayuda did\u00e1ctica.<\/span><span data-ccp-props=\"{&quot;201341983&quot;:0,&quot;335559731&quot;:708,&quot;335559739&quot;:0,&quot;335559740&quot;:240}\">\u00a0<\/span><\/p>\n<p><span data-contrast=\"auto\">\u201cLa m\u00fasica es importante para el desarrollo humano, no s\u00f3lo por cuestiones emocionales; los trazos de musicogramas, aunque sean garabatos, conllevan desarrollo de motricidad. No todo es pr\u00e1ctica sobre un instrumento, porque no todos los ni\u00f1os y escuelas tienen esa posibilidad\u201d, subraya la entrevistada.<\/span><span data-ccp-props=\"{&quot;201341983&quot;:0,&quot;335559731&quot;:708,&quot;335559739&quot;:0,&quot;335559740&quot;:240}\">\u00a0<\/span><\/p>\n<p><span data-contrast=\"auto\">\u201cComo medio de expresi\u00f3n, permite la comunicaci\u00f3n con los dem\u00e1s y no necesariamente a trav\u00e9s de las palabras; tambi\u00e9n por medio de composiciones peque\u00f1as y sin importar el idioma.\u201d<\/span><\/p>\n<div id=\"attachment_150493\" style=\"width: 538px\" class=\"wp-caption aligncenter\"><img aria-describedby=\"caption-attachment-150493\" decoding=\"async\" loading=\"lazy\" class=\"size-full wp-image-150493\" src=\"https:\/\/www.uv.mx\/prensa\/files\/2025\/01\/17-12-2024-PACHECO-Musica-Andrea-Isabel-Grajales-Foto-2.-100k.jpg\" alt=\"La contraportada detalla los prop\u00f3sitos del apoyo did\u00e1ctico generado por Grajales Y\u00e9pez \" width=\"528\" height=\"480\" srcset=\"https:\/\/www.uv.mx\/prensa\/files\/2025\/01\/17-12-2024-PACHECO-Musica-Andrea-Isabel-Grajales-Foto-2.-100k.jpg 528w, https:\/\/www.uv.mx\/prensa\/files\/2025\/01\/17-12-2024-PACHECO-Musica-Andrea-Isabel-Grajales-Foto-2.-100k-300x273.jpg 300w\" sizes=\"(max-width: 528px) 100vw, 528px\" \/><p id=\"caption-attachment-150493\" class=\"wp-caption-text\">La contraportada detalla los prop\u00f3sitos del apoyo did\u00e1ctico generado por Grajales Y\u00e9pez<\/p><\/div>\n<p>&nbsp;<\/p>\n<p><span data-contrast=\"auto\">Los ni\u00f1os son capaces de componer y expresar lo que sienten con ritmos, melod\u00edas, tarareos y cantos. La m\u00fasica es el elemento perfecto para trabajar de manera transversal con otras \u00e1reas, como matem\u00e1ticas, teatro, lectura, comprensi\u00f3n de la creaci\u00f3n y, por supuesto, investigaci\u00f3n.<\/span><\/p>\n<p><span data-contrast=\"auto\">\u201cEscuchar incentiva a cuestionarnos: \u00bfqu\u00e9 es lo que quiere comunicar la m\u00fasica?, \u00bfqu\u00e9 significa para una comunidad o para otro individuo? Aunque no haya instrumento a la mano, la voz y el cuerpo son los dos recursos que tienen los ni\u00f1os con limitantes o neurodivergencias\u201d, plante\u00f3.<\/span><span data-ccp-props=\"{&quot;201341983&quot;:0,&quot;335559731&quot;:708,&quot;335559739&quot;:0,&quot;335559740&quot;:240}\">\u00a0<\/span><\/p>\n<p><span data-contrast=\"auto\">De esta forma, muchos autistas o con s\u00edndrome Down convierten su cuerpo en herramienta mediante la percusi\u00f3n sobre el pecho o la cabeza, aplaudiendo o golpeando en objetos.<\/span><span data-ccp-props=\"{&quot;201341983&quot;:0,&quot;335559731&quot;:708,&quot;335559739&quot;:0,&quot;335559740&quot;:240}\">\u00a0<\/span><\/p>\n<p><span data-contrast=\"auto\">Grajales Y\u00e9pez recomend\u00f3 que los ejercicios no sean siempre de la misma forma, \u201cdeben adaptarse, porque en un aula cada ni\u00f1o es distinto\u201d.<\/span><\/p>\n<div id=\"attachment_150494\" style=\"width: 538px\" class=\"wp-caption aligncenter\"><img aria-describedby=\"caption-attachment-150494\" decoding=\"async\" loading=\"lazy\" class=\"size-full wp-image-150494\" src=\"https:\/\/www.uv.mx\/prensa\/files\/2025\/01\/17-12-2024-PACHECO-Musica-Andrea-Isabel-Grajales-Foto-3.-100k.jpg\" alt=\"Contenidos orientados al terreno formativo \" width=\"528\" height=\"480\" srcset=\"https:\/\/www.uv.mx\/prensa\/files\/2025\/01\/17-12-2024-PACHECO-Musica-Andrea-Isabel-Grajales-Foto-3.-100k.jpg 528w, https:\/\/www.uv.mx\/prensa\/files\/2025\/01\/17-12-2024-PACHECO-Musica-Andrea-Isabel-Grajales-Foto-3.-100k-300x273.jpg 300w\" sizes=\"(max-width: 528px) 100vw, 528px\" \/><p id=\"caption-attachment-150494\" class=\"wp-caption-text\">Contenidos orientados al terreno formativo<\/p><\/div>\n<p>&nbsp;<\/p>\n<p><span data-contrast=\"auto\">El texto \u00edntegro ya se encuentra en el repositorio de la UV y pronto estar\u00e1 al alcance de todo interesado. \u201cMi intenci\u00f3n es que el libro se imprima y tener la oportunidad de compartirlo\u201d, pues si uno busca un texto escolar actualizado sobre artes, seguramente no lo hallar\u00e1 o encontrar\u00e1 informaci\u00f3n fuera de contexto.<\/span><span data-ccp-props=\"{&quot;201341983&quot;:0,&quot;335559731&quot;:708,&quot;335559739&quot;:0,&quot;335559740&quot;:240}\">\u00a0<\/span><\/p>\n<p><span data-contrast=\"auto\">Reconoci\u00f3 que antes del suyo, hubo similares propuestas. \u201cLa diferencia es que mi material lo ofrecer\u00e9 sin costo para que est\u00e9 al alcance de todos. Yo me dedico a la docencia, lo cual me aporta herramientas para crear y adaptar en una continua reconstrucci\u00f3n. El tema es suficientemente amplio y todos los conceptos no caben en un solo compendio\u201d.<\/span><span data-ccp-props=\"{&quot;201341983&quot;:0,&quot;335559731&quot;:708,&quot;335559739&quot;:0,&quot;335559740&quot;:240}\">\u00a0<\/span><\/p>\n<p><span data-contrast=\"auto\">Por \u00faltimo, dijo que obtener el premio de la UV le hizo muy feliz, por los muchos meses de esfuerzo y trabajo. \u201cEs muy motivante y nos impulsa a seguir adelante\u201d.<\/span><span data-ccp-props=\"{&quot;201341983&quot;:0,&quot;335559731&quot;:708,&quot;335559739&quot;:0,&quot;335559740&quot;:240}\">\u00a0<\/span><\/p>\n","protected":false},"excerpt":{"rendered":"<p>La m\u00fasica, valioso auxiliar en la educaci\u00f3n, incide en el desarrollo motriz y expresivo <\/p>\n","protected":false},"author":1775,"featured_media":150466,"comment_status":"closed","ping_status":"closed","sticky":false,"template":"","format":"standard","meta":[],"categories":[6301,1,61],"tags":[20789,5212,6318,723,10052,20371,4158,9231,724,6462,9649,20790],"_links":{"self":[{"href":"https:\/\/www.uv.mx\/prensa\/wp-json\/wp\/v2\/posts\/150492"}],"collection":[{"href":"https:\/\/www.uv.mx\/prensa\/wp-json\/wp\/v2\/posts"}],"about":[{"href":"https:\/\/www.uv.mx\/prensa\/wp-json\/wp\/v2\/types\/post"}],"author":[{"embeddable":true,"href":"https:\/\/www.uv.mx\/prensa\/wp-json\/wp\/v2\/users\/1775"}],"replies":[{"embeddable":true,"href":"https:\/\/www.uv.mx\/prensa\/wp-json\/wp\/v2\/comments?post=150492"}],"version-history":[{"count":1,"href":"https:\/\/www.uv.mx\/prensa\/wp-json\/wp\/v2\/posts\/150492\/revisions"}],"predecessor-version":[{"id":150495,"href":"https:\/\/www.uv.mx\/prensa\/wp-json\/wp\/v2\/posts\/150492\/revisions\/150495"}],"wp:featuredmedia":[{"embeddable":true,"href":"https:\/\/www.uv.mx\/prensa\/wp-json\/wp\/v2\/media\/150466"}],"wp:attachment":[{"href":"https:\/\/www.uv.mx\/prensa\/wp-json\/wp\/v2\/media?parent=150492"}],"wp:term":[{"taxonomy":"category","embeddable":true,"href":"https:\/\/www.uv.mx\/prensa\/wp-json\/wp\/v2\/categories?post=150492"},{"taxonomy":"post_tag","embeddable":true,"href":"https:\/\/www.uv.mx\/prensa\/wp-json\/wp\/v2\/tags?post=150492"}],"curies":[{"name":"wp","href":"https:\/\/api.w.org\/{rel}","templated":true}]}}