{"id":150695,"date":"2025-01-15T14:15:54","date_gmt":"2025-01-15T20:15:54","guid":{"rendered":"https:\/\/www.uv.mx\/prensa\/?p=150695"},"modified":"2025-01-15T14:32:00","modified_gmt":"2025-01-15T20:32:00","slug":"titulares-de-entidades-uv-compartieron-desafios-y-lineas-de-trabajo","status":"publish","type":"post","link":"https:\/\/www.uv.mx\/prensa\/general\/titulares-de-entidades-uv-compartieron-desafios-y-lineas-de-trabajo\/","title":{"rendered":"Titulares de entidades UV compartieron desaf\u00edos y l\u00edneas de trabajo\u00a0"},"content":{"rendered":"<ul>\n<li data-leveltext=\"\uf0b7\" data-font=\"Symbol\" data-listid=\"6\" data-list-defn-props=\"{&quot;335552541&quot;:1,&quot;335559685&quot;:720,&quot;335559991&quot;:360,&quot;469769226&quot;:&quot;Symbol&quot;,&quot;469769242&quot;:[8226],&quot;469777803&quot;:&quot;left&quot;,&quot;469777804&quot;:&quot;\uf0b7&quot;,&quot;469777815&quot;:&quot;hybridMultilevel&quot;}\" data-aria-posinset=\"1\" data-aria-level=\"1\"><i><span data-contrast=\"auto\">Dialogaron sobre las investigaciones que realizan con la finalidad de crear redes de colaboraci\u00f3n\u00a0<\/span><\/i><span data-ccp-props=\"{}\">\u00a0<\/span><\/li>\n<\/ul>\n<p><span data-ccp-props=\"{&quot;335559685&quot;:720}\">\u00a0<\/span><\/p>\n<div id=\"attachment_150602\" style=\"width: 732px\" class=\"wp-caption aligncenter\"><img aria-describedby=\"caption-attachment-150602\" decoding=\"async\" loading=\"lazy\" class=\"size-full wp-image-150602\" src=\"https:\/\/www.uv.mx\/prensa\/files\/2025\/01\/111224-CARLOS-Investigadoras-UV-1.jpg\" alt=\"\" width=\"722\" height=\"722\" srcset=\"https:\/\/www.uv.mx\/prensa\/files\/2025\/01\/111224-CARLOS-Investigadoras-UV-1.jpg 722w, https:\/\/www.uv.mx\/prensa\/files\/2025\/01\/111224-CARLOS-Investigadoras-UV-1-300x300.jpg 300w, https:\/\/www.uv.mx\/prensa\/files\/2025\/01\/111224-CARLOS-Investigadoras-UV-1-150x150.jpg 150w, https:\/\/www.uv.mx\/prensa\/files\/2025\/01\/111224-CARLOS-Investigadoras-UV-1-120x120.jpg 120w, https:\/\/www.uv.mx\/prensa\/files\/2025\/01\/111224-CARLOS-Investigadoras-UV-1-360x360.jpg 360w\" sizes=\"(max-width: 722px) 100vw, 722px\" \/><p id=\"caption-attachment-150602\" class=\"wp-caption-text\">Titulares de institutos y centros de investigaci\u00f3n de la UV compartieron desaf\u00edos, experiencias y l\u00edneas de trabajo<\/p><\/div>\n<p><span data-ccp-props=\"{}\">\u00a0<\/span><\/p>\n<p><b><i><span data-contrast=\"auto\">Carlos Hugo Hermida Rosales, <\/span><\/i><\/b><b><i><span data-contrast=\"none\">Jorge V\u00e1zquez Pacheco<\/span><\/i><\/b><span data-ccp-props=\"{&quot;201341983&quot;:0,&quot;335559739&quot;:0,&quot;335559740&quot;:240}\">\u00a0<\/span><\/p>\n<p><b><i><span data-contrast=\"auto\">Fot\u00f3grafo: Luis Fernando Fern\u00e1ndez, C\u00e9sar Pisil <\/span><\/i><\/b><span data-ccp-props=\"{}\">\u00a0<\/span><\/p>\n<p><b><i><span data-contrast=\"auto\">15\/01\/2025, Xalapa, Ver.-<\/span><\/i><\/b><span data-contrast=\"auto\"> Titulares de institutos y centros de investigaci\u00f3n de la Universidad Veracruzana (UV) compartieron desaf\u00edos, experiencias, l\u00edneas de trabajo y \u00e1reas de oportunidad de las entidades acad\u00e9micas a su cargo, como parte del Encuentro de la Investigaci\u00f3n en la Universidad Veracruzana: Retos y Perspectivas.<\/span><span data-ccp-props=\"{&quot;201341983&quot;:0,&quot;335559731&quot;:0,&quot;335559739&quot;:0,&quot;335559740&quot;:240}\">\u00a0<\/span><\/p>\n<p><span data-contrast=\"auto\">Estela Castillo Hern\u00e1ndez, del Instituto de Investigaciones Ling\u00fc\u00edstico-Literarias (IIL-L), explic\u00f3 que \u00e9sta es una entidad acad\u00e9mica que promueve, estudia y difunde la literatura hispanoamericana por medio de la teor\u00eda, cr\u00edtica y publicaciones literarias, a trav\u00e9s de una plantilla docente acreditada y la vinculaci\u00f3n con distintos sectores sociales y comunidades.<\/span><\/p>\n<p>&nbsp;<\/p>\n<div id=\"attachment_150606\" style=\"width: 732px\" class=\"wp-caption aligncenter\"><img aria-describedby=\"caption-attachment-150606\" decoding=\"async\" loading=\"lazy\" class=\"size-full wp-image-150606\" src=\"https:\/\/www.uv.mx\/prensa\/files\/2025\/01\/111224-CARLOS-Investigadoras-UV-2.jpg\" alt=\"\" width=\"722\" height=\"481\" srcset=\"https:\/\/www.uv.mx\/prensa\/files\/2025\/01\/111224-CARLOS-Investigadoras-UV-2.jpg 722w, https:\/\/www.uv.mx\/prensa\/files\/2025\/01\/111224-CARLOS-Investigadoras-UV-2-300x200.jpg 300w\" sizes=\"(max-width: 722px) 100vw, 722px\" \/><p id=\"caption-attachment-150606\" class=\"wp-caption-text\">Estela Castillo Hern\u00e1ndez, titular del Instituto de Investigaciones Ling\u00fc\u00edstico-Literarias<\/p><\/div>\n<p><span data-ccp-props=\"{&quot;201341983&quot;:0,&quot;335559731&quot;:708,&quot;335559739&quot;:0,&quot;335559740&quot;:240}\">\u00a0<\/span><\/p>\n<p><span data-contrast=\"auto\">Puntualiz\u00f3 que entre los principales retos del instituto se encuentran la necesidad de generar actividades que liguen a catedr\u00e1ticos con alumnos, la falta de espacios propios para llevar a cabo investigaci\u00f3n, la dificultad al desarrollar proyectos con incidencia social, y la carencia de una sola base de datos de donde se extraigan diferentes informes.<\/span><span data-ccp-props=\"{&quot;335559731&quot;:708}\">\u00a0<\/span><\/p>\n<p><span data-contrast=\"auto\">Por su parte, Rossana Citlali Zepeda Hern\u00e1ndez indic\u00f3 que el Centro de Investigaciones Biom\u00e9dicas (CIB) tiene por finalidad contribuir a la creaci\u00f3n, aplicaci\u00f3n y difusi\u00f3n del conocimiento en el campo de la biomedicina, y a la formaci\u00f3n de profesionistas con perfil de excelencia.<\/span><\/p>\n<p>&nbsp;<\/p>\n<div id=\"attachment_150605\" style=\"width: 732px\" class=\"wp-caption aligncenter\"><img aria-describedby=\"caption-attachment-150605\" decoding=\"async\" loading=\"lazy\" class=\"size-full wp-image-150605\" src=\"https:\/\/www.uv.mx\/prensa\/files\/2025\/01\/111224-CARLOS-Investigadoras-UV-3.jpg\" alt=\"\" width=\"722\" height=\"481\" srcset=\"https:\/\/www.uv.mx\/prensa\/files\/2025\/01\/111224-CARLOS-Investigadoras-UV-3.jpg 722w, https:\/\/www.uv.mx\/prensa\/files\/2025\/01\/111224-CARLOS-Investigadoras-UV-3-300x200.jpg 300w\" sizes=\"(max-width: 722px) 100vw, 722px\" \/><p id=\"caption-attachment-150605\" class=\"wp-caption-text\">Rossana Citlali Zepeda Hern\u00e1ndez, coordinadora del Centro de Investigaciones Biom\u00e9dicas<\/p><\/div>\n<p>&nbsp;<\/p>\n<p><span data-contrast=\"auto\">Comparti\u00f3 que en la entidad acad\u00e9mica existen seis laboratorios que realizan estudios de cultivo celular, inmunohistoqu\u00edmica, microscopia y an\u00e1lisis conductual, entre otros; adem\u00e1s, las \u00e1reas de adicciones, metabolismo y disbiosis \u2013alteraci\u00f3n microbiota intestinal\u2013 tienen un gran potencial para el trabajo colaborativo.\u00a0<\/span><span data-ccp-props=\"{&quot;335559731&quot;:708}\">\u00a0<\/span><\/p>\n<p><span data-contrast=\"auto\">A su vez, Maribel Jim\u00e9nez Fern\u00e1ndez expuso que el Centro de Investigaci\u00f3n y Desarrollo en Alimentos (<\/span><i><span data-contrast=\"auto\">Cidea<\/span><\/i><span data-contrast=\"auto\">) <\/span><span data-contrast=\"auto\">realiza <\/span><span data-contrast=\"auto\">diversos estudios y forma recursos humanos de alto nivel con conocimientos cient\u00edficos, tecnol\u00f3gicos y de innovaci\u00f3n que contribuyan a brindar respuesta a problemas de seguridad alimentaria y salud.<\/span><\/p>\n<p>&nbsp;<\/p>\n<div id=\"attachment_150604\" style=\"width: 732px\" class=\"wp-caption aligncenter\"><img aria-describedby=\"caption-attachment-150604\" decoding=\"async\" loading=\"lazy\" class=\"size-full wp-image-150604\" src=\"https:\/\/www.uv.mx\/prensa\/files\/2025\/01\/111224-CARLOS-Investigadoras-UV-4.jpg\" alt=\"\" width=\"722\" height=\"481\" srcset=\"https:\/\/www.uv.mx\/prensa\/files\/2025\/01\/111224-CARLOS-Investigadoras-UV-4.jpg 722w, https:\/\/www.uv.mx\/prensa\/files\/2025\/01\/111224-CARLOS-Investigadoras-UV-4-300x200.jpg 300w\" sizes=\"(max-width: 722px) 100vw, 722px\" \/><p id=\"caption-attachment-150604\" class=\"wp-caption-text\">Maribel Jim\u00e9nez Fern\u00e1ndez, coordinadora del Centro de Investigaci\u00f3n y Desarrollo en Alimentos<\/p><\/div>\n<p>&nbsp;<\/p>\n<p><span data-contrast=\"auto\">\u201cEl centro demuestra su compromiso con las l\u00edneas estrat\u00e9gicas del Programa de Trabajo 2021-2025 \u2018Por una transformaci\u00f3n integral\u2019, y se posiciona como un l\u00edder en el desarrollo de soluciones alimentarias sostenibles y funcionales que respondan a necesidades globales\u201d, manifest\u00f3.<\/span><span data-ccp-props=\"{&quot;335559731&quot;:708}\">\u00a0<\/span><\/p>\n<p><span data-contrast=\"auto\">Flor Lucila Delf\u00edn Pozos coment\u00f3 que el Instituto de Investigaciones en Contadur\u00eda (IIC) genera conocimiento a trav\u00e9s de proyectos inter, multi y transdisciplinares dentro de las ciencias econ\u00f3mico-administrativas, con objetivo de lograr un mayor beneficio econ\u00f3mico, cultural, de sustentabilidad e igualdad de g\u00e9nero.<\/span><\/p>\n<p>&nbsp;<\/p>\n<div id=\"attachment_150603\" style=\"width: 732px\" class=\"wp-caption aligncenter\"><img aria-describedby=\"caption-attachment-150603\" decoding=\"async\" loading=\"lazy\" class=\"size-full wp-image-150603\" src=\"https:\/\/www.uv.mx\/prensa\/files\/2025\/01\/111224-CARLOS-Investigadoras-UV-5.jpg\" alt=\"\" width=\"722\" height=\"481\" srcset=\"https:\/\/www.uv.mx\/prensa\/files\/2025\/01\/111224-CARLOS-Investigadoras-UV-5.jpg 722w, https:\/\/www.uv.mx\/prensa\/files\/2025\/01\/111224-CARLOS-Investigadoras-UV-5-300x200.jpg 300w\" sizes=\"(max-width: 722px) 100vw, 722px\" \/><p id=\"caption-attachment-150603\" class=\"wp-caption-text\">Flor Lucila Delf\u00edn Pozos, titular del Instituto de Investigaciones en Contadur\u00eda<\/p><\/div>\n<p>&nbsp;<\/p>\n<p><span data-contrast=\"auto\">\u201cOferta programas de posgrado de calidad y pertinencia social, que atienden la demanda de profesionistas con las competencias que los mercados nacional e internacional requieren, y promueve las funciones de vinculaci\u00f3n, difusi\u00f3n y extensi\u00f3n con excelencia acad\u00e9mica\u201d, afirm\u00f3.\u00a0<\/span><span data-ccp-props=\"{&quot;335559731&quot;:708}\">\u00a0<\/span><\/p>\n<p><span data-contrast=\"none\">Jaime Mart\u00ednez Castillo, del Centro de Investigaci\u00f3n en Micro y Nanotecnolog\u00eda (<\/span><i><span data-contrast=\"none\">Microna<\/span><\/i><span data-contrast=\"none\">)<\/span> <span data-contrast=\"none\">coment\u00f3 que se trabaja para que esta entidad se convierta en un Instituto, manteniendo la excelencia y calidad de sus funciones en la formaci\u00f3n de maestros y doctores especializados en el \u00e1rea correspondiente.<\/span><\/p>\n<p>&nbsp;<\/p>\n<div id=\"attachment_150699\" style=\"width: 732px\" class=\"wp-caption aligncenter\"><img aria-describedby=\"caption-attachment-150699\" decoding=\"async\" loading=\"lazy\" class=\"size-full wp-image-150699\" src=\"https:\/\/www.uv.mx\/prensa\/files\/2025\/01\/11122024-PACHECO-Investigadores-6.jpg\" alt=\"\" width=\"722\" height=\"481\" srcset=\"https:\/\/www.uv.mx\/prensa\/files\/2025\/01\/11122024-PACHECO-Investigadores-6.jpg 722w, https:\/\/www.uv.mx\/prensa\/files\/2025\/01\/11122024-PACHECO-Investigadores-6-300x200.jpg 300w\" sizes=\"(max-width: 722px) 100vw, 722px\" \/><p id=\"caption-attachment-150699\" class=\"wp-caption-text\">Jaime Mart\u00ednez Castillo, del Centro de Investigaci\u00f3n en Micro y Nanotecnolog\u00eda (Microna)<\/p><\/div>\n<p><span data-ccp-props=\"{&quot;201341983&quot;:0,&quot;335559731&quot;:708,&quot;335559739&quot;:0,&quot;335559740&quot;:240}\">\u00a0<\/span><\/p>\n<p><span data-contrast=\"none\">Detall\u00f3 que fue creado en agosto de 2005 y gran parte de su trabajo se centra en la impartici\u00f3n de clases, tutor\u00edas, direcci\u00f3n de tesis y art\u00edculos en \u00e1reas de licenciatura, maestr\u00eda y doctorado.<\/span><span data-ccp-props=\"{&quot;201341983&quot;:0,&quot;335559731&quot;:708,&quot;335559739&quot;:0,&quot;335559740&quot;:240}\">\u00a0<\/span><\/p>\n<p><span data-contrast=\"none\">Carlos \u00c1vila Bello, del Centro de Estudios Interdisciplinarios en Agrobiodiversidad (<\/span><i><span data-contrast=\"none\">CEIAbio<\/span><\/i><span data-contrast=\"none\">), explic\u00f3 que \u00e9ste se ubica en Acayucan, como parte de la regi\u00f3n Coatzacoalcos-Minatitl\u00e1n, y es el m\u00e1s reciente de los 21 centros adscritos a la Direcci\u00f3n General de Investigaciones. Su visi\u00f3n elemental es posicionarse como referente a nivel internacional en lo que respecta a conservaci\u00f3n y manejo de la biodiversidad, a trav\u00e9s de la investigaci\u00f3n cient\u00edfica interdisciplinaria.<\/span><\/p>\n<p>&nbsp;<\/p>\n<div id=\"attachment_150698\" style=\"width: 732px\" class=\"wp-caption aligncenter\"><img aria-describedby=\"caption-attachment-150698\" decoding=\"async\" loading=\"lazy\" class=\"size-full wp-image-150698\" src=\"https:\/\/www.uv.mx\/prensa\/files\/2025\/01\/11122024-PACHECO-Investigadores-7.jpg\" alt=\"\" width=\"722\" height=\"481\" srcset=\"https:\/\/www.uv.mx\/prensa\/files\/2025\/01\/11122024-PACHECO-Investigadores-7.jpg 722w, https:\/\/www.uv.mx\/prensa\/files\/2025\/01\/11122024-PACHECO-Investigadores-7-300x200.jpg 300w\" sizes=\"(max-width: 722px) 100vw, 722px\" \/><p id=\"caption-attachment-150698\" class=\"wp-caption-text\">\u201cPosicionaremos nuestro centro de Acayucan como referente en conservaci\u00f3n y manejo de biodiversidad\u201d: Carlos \u00c1vila Bello<\/p><\/div>\n<p><span data-ccp-props=\"{&quot;201341983&quot;:0,&quot;335559731&quot;:708,&quot;335559739&quot;:0,&quot;335559740&quot;:240}\">\u00a0<\/span><\/p>\n<p><span data-contrast=\"none\">Gloria Elena Cruz S\u00e1nchez, del Instituto de Investigaciones en Educaci\u00f3n, habl\u00f3 de la vinculaci\u00f3n que se mantiene con universidades nacionales, 10 latinoamericanas y 19 europeas.<\/span><span data-ccp-props=\"{&quot;201341983&quot;:0,&quot;335559731&quot;:708,&quot;335559739&quot;:0,&quot;335559740&quot;:240}\">\u00a0<\/span><\/p>\n<p><span data-contrast=\"none\">Sus retos se centran en mantener la calidad de posgrados y el encuentro de nuevas formas para la comunicaci\u00f3n de la ciencia.<\/span><\/p>\n<p>&nbsp;<\/p>\n<div id=\"attachment_150697\" style=\"width: 732px\" class=\"wp-caption aligncenter\"><img aria-describedby=\"caption-attachment-150697\" decoding=\"async\" loading=\"lazy\" class=\"size-full wp-image-150697\" src=\"https:\/\/www.uv.mx\/prensa\/files\/2025\/01\/11122024-PACHECO-Investigadores-8.jpg\" alt=\"\" width=\"722\" height=\"481\" srcset=\"https:\/\/www.uv.mx\/prensa\/files\/2025\/01\/11122024-PACHECO-Investigadores-8.jpg 722w, https:\/\/www.uv.mx\/prensa\/files\/2025\/01\/11122024-PACHECO-Investigadores-8-300x200.jpg 300w\" sizes=\"(max-width: 722px) 100vw, 722px\" \/><p id=\"caption-attachment-150697\" class=\"wp-caption-text\">Gloria Elena Cruz S\u00e1nchez, directora del Instituto de Investigaciones en Educaci\u00f3n<\/p><\/div>\n<p><span data-ccp-props=\"{&quot;201341983&quot;:0,&quot;335559731&quot;:708,&quot;335559739&quot;:0,&quot;335559740&quot;:240}\">\u00a0<\/span><\/p>\n<p><span data-contrast=\"none\">Para concluir, Jos\u00e9 Luis P\u00e9rez Chac\u00f3n, del Instituto de Investigaciones y Estudios Superiores Econ\u00f3micos y Sociales (IIESES) mencion\u00f3 las cinco L\u00edneas de Generaci\u00f3n y Aplicaci\u00f3n del Conocimiento en las que basan su quehacer: Desarrollo, Educaci\u00f3n y Sociedad; An\u00e1lisis estad\u00edstico para estudios sobre desarrollo; Regionalizaci\u00f3n e Integraci\u00f3n; Desarrollo y Complejidad; Administraci\u00f3n P\u00fablica.<\/span><span data-ccp-props=\"{&quot;134233117&quot;:false,&quot;134233118&quot;:false,&quot;201341983&quot;:0,&quot;335551550&quot;:1,&quot;335551620&quot;:1,&quot;335559685&quot;:0,&quot;335559731&quot;:708,&quot;335559737&quot;:0,&quot;335559738&quot;:0,&quot;335559739&quot;:0,&quot;335559740&quot;:240}\">\u00a0<\/span><\/p>\n<p>&nbsp;<\/p>\n<div id=\"attachment_150696\" style=\"width: 732px\" class=\"wp-caption aligncenter\"><img aria-describedby=\"caption-attachment-150696\" decoding=\"async\" loading=\"lazy\" class=\"size-full wp-image-150696\" src=\"https:\/\/www.uv.mx\/prensa\/files\/2025\/01\/11122024-PACHECO-Investigadores-9.jpg\" alt=\"\" width=\"722\" height=\"407\" srcset=\"https:\/\/www.uv.mx\/prensa\/files\/2025\/01\/11122024-PACHECO-Investigadores-9.jpg 722w, https:\/\/www.uv.mx\/prensa\/files\/2025\/01\/11122024-PACHECO-Investigadores-9-300x169.jpg 300w\" sizes=\"(max-width: 722px) 100vw, 722px\" \/><p id=\"caption-attachment-150696\" class=\"wp-caption-text\">El personal est\u00e1 comprometido con los proyectos de investigaci\u00f3n<\/p><\/div>\n","protected":false},"excerpt":{"rendered":"<p>En el Encuentro de la Investigaci\u00f3n en la Universidad Veracruzana: Retos y Perspectivas<\/p>\n","protected":false},"author":1869,"featured_media":150607,"comment_status":"closed","ping_status":"closed","sticky":false,"template":"","format":"standard","meta":[],"categories":[47,1,61,5174],"tags":[20927,20929,12122,18468,12757,3145,20483,20926,8203,12975,13565,848,8057,10201,9082,20928,20711,2798,6845],"_links":{"self":[{"href":"https:\/\/www.uv.mx\/prensa\/wp-json\/wp\/v2\/posts\/150695"}],"collection":[{"href":"https:\/\/www.uv.mx\/prensa\/wp-json\/wp\/v2\/posts"}],"about":[{"href":"https:\/\/www.uv.mx\/prensa\/wp-json\/wp\/v2\/types\/post"}],"author":[{"embeddable":true,"href":"https:\/\/www.uv.mx\/prensa\/wp-json\/wp\/v2\/users\/1869"}],"replies":[{"embeddable":true,"href":"https:\/\/www.uv.mx\/prensa\/wp-json\/wp\/v2\/comments?post=150695"}],"version-history":[{"count":1,"href":"https:\/\/www.uv.mx\/prensa\/wp-json\/wp\/v2\/posts\/150695\/revisions"}],"predecessor-version":[{"id":150700,"href":"https:\/\/www.uv.mx\/prensa\/wp-json\/wp\/v2\/posts\/150695\/revisions\/150700"}],"wp:featuredmedia":[{"embeddable":true,"href":"https:\/\/www.uv.mx\/prensa\/wp-json\/wp\/v2\/media\/150607"}],"wp:attachment":[{"href":"https:\/\/www.uv.mx\/prensa\/wp-json\/wp\/v2\/media?parent=150695"}],"wp:term":[{"taxonomy":"category","embeddable":true,"href":"https:\/\/www.uv.mx\/prensa\/wp-json\/wp\/v2\/categories?post=150695"},{"taxonomy":"post_tag","embeddable":true,"href":"https:\/\/www.uv.mx\/prensa\/wp-json\/wp\/v2\/tags?post=150695"}],"curies":[{"name":"wp","href":"https:\/\/api.w.org\/{rel}","templated":true}]}}