{"id":150729,"date":"2025-01-15T17:47:10","date_gmt":"2025-01-15T23:47:10","guid":{"rendered":"https:\/\/www.uv.mx\/prensa\/?p=150729"},"modified":"2025-01-15T17:47:10","modified_gmt":"2025-01-15T23:47:10","slug":"monocultivos-danan-fertilidad-de-la-tierra-alumna-uv-intercultural","status":"publish","type":"post","link":"https:\/\/www.uv.mx\/prensa\/general\/monocultivos-danan-fertilidad-de-la-tierra-alumna-uv-intercultural\/","title":{"rendered":"Monocultivos da\u00f1an fertilidad de la tierra: alumna UV-Intercultural"},"content":{"rendered":"<ul>\n<li data-leveltext=\"\uf0b7\" data-font=\"Symbol\" data-listid=\"6\" data-list-defn-props=\"{&quot;335552541&quot;:1,&quot;335559685&quot;:720,&quot;335559991&quot;:360,&quot;469769226&quot;:&quot;Symbol&quot;,&quot;469769242&quot;:[8226],&quot;469777803&quot;:&quot;left&quot;,&quot;469777804&quot;:&quot;\uf0b7&quot;,&quot;469777815&quot;:&quot;hybridMultilevel&quot;}\" data-aria-posinset=\"1\" data-aria-level=\"1\"><i><span data-contrast=\"auto\">Yaneth Garc\u00eda Rodr\u00edguez, estudiante de la Licenciatura en Agroecolog\u00eda y Soberan\u00eda Alimentaria, dise\u00f1a un plan de <\/span><\/i><i><span data-contrast=\"auto\">transici\u00f3n agroecol\u00f3gica con productores de sand\u00eda\u00a0<\/span><\/i><span data-ccp-props=\"{}\">\u00a0<\/span><\/li>\n<\/ul>\n<ul>\n<li data-leveltext=\"\uf0b7\" data-font=\"Symbol\" data-listid=\"6\" data-list-defn-props=\"{&quot;335552541&quot;:1,&quot;335559685&quot;:720,&quot;335559991&quot;:360,&quot;469769226&quot;:&quot;Symbol&quot;,&quot;469769242&quot;:[8226],&quot;469777803&quot;:&quot;left&quot;,&quot;469777804&quot;:&quot;\uf0b7&quot;,&quot;469777815&quot;:&quot;hybridMultilevel&quot;}\" data-aria-posinset=\"2\" data-aria-level=\"1\"><i><span data-contrast=\"auto\">Desarrollar\u00e1 el proyecto en <\/span><\/i><i><span data-contrast=\"auto\">Hato de la Higuera, localidad perteneciente al municipio de Puente Nacional<\/span><\/i><span data-ccp-props=\"{}\">\u00a0<\/span><\/li>\n<\/ul>\n<p><span data-ccp-props=\"{}\">\u00a0<\/span><\/p>\n<div id=\"attachment_150682\" style=\"width: 732px\" class=\"wp-caption aligncenter\"><img aria-describedby=\"caption-attachment-150682\" decoding=\"async\" loading=\"lazy\" class=\"size-full wp-image-150682\" src=\"https:\/\/www.uv.mx\/prensa\/files\/2025\/01\/091224-CARLOS-Alumna-UVI-stock-2-1.jpg\" alt=\"Hato de la Higuera es una poblaci\u00f3n que tiene poco m\u00e1s de 800 habitantes  \" width=\"722\" height=\"386\" srcset=\"https:\/\/www.uv.mx\/prensa\/files\/2025\/01\/091224-CARLOS-Alumna-UVI-stock-2-1.jpg 722w, https:\/\/www.uv.mx\/prensa\/files\/2025\/01\/091224-CARLOS-Alumna-UVI-stock-2-1-300x160.jpg 300w\" sizes=\"(max-width: 722px) 100vw, 722px\" \/><p id=\"caption-attachment-150682\" class=\"wp-caption-text\">Hato de la Higuera es una poblaci\u00f3n que tiene poco m\u00e1s de 800 habitantes<\/p><\/div>\n<p>&nbsp;<\/p>\n<p><b><i><span data-contrast=\"auto\">Carlos Hugo Hermida Rosales<\/span><\/i><\/b><span data-ccp-props=\"{}\">\u00a0<\/span><\/p>\n<p><b><i><span data-contrast=\"auto\">Fotos: Cortes\u00eda entrevistada<\/span><\/i><\/b><\/p>\n<p><b><i><span data-contrast=\"auto\">15\/01\/2025, Xalapa, Ver.-<\/span><\/i><\/b><span data-contrast=\"auto\"> Yaneth Garc\u00eda Rodr\u00edguez, estudiante de la Licenciatura en Agroecolog\u00eda y Soberan\u00eda Alimentaria (LASA) de la Universidad Veracruzana Intercultural (UV-Intercultural), sede Xalapa, afirm\u00f3 que los monocultivos tienen un impacto negativo en el ambiente y en la biodiversidad, pues a pesar de ser una soluci\u00f3n r\u00e1pida para generar ingresos, dejan\u00a0los suelos deteriorados.\u00a0<\/span><span data-ccp-props=\"{}\">\u00a0<\/span><\/p>\n<p><span data-contrast=\"auto\">La joven dise\u00f1a un plan de <\/span><span data-contrast=\"auto\">transici\u00f3n agroecol\u00f3gica con productores de sand\u00eda en la comunidad Hato de la Higuera, ubicada en el municipio de Puente Nacional, a partir de las experiencias previas de los involucrados, la recuperaci\u00f3n de suelos y el tratamiento integral de plagas y enfermedades.<\/span><span data-ccp-props=\"{&quot;335559731&quot;:708}\">\u00a0<\/span><\/p>\n<p><span data-contrast=\"auto\">Yaneth Garc\u00eda relat\u00f3 que la localidad cuenta con una poblaci\u00f3n de aproximadamente 800 habitantes, cuyos principales ingresos provienen de la actividad agr\u00edcola y ganadera; la siembra de sand\u00eda y ma\u00edz son las m\u00e1s comunes y el manejo convencional es la \u00fanica forma de cultivo.\u00a0<\/span><span data-ccp-props=\"{&quot;335559731&quot;:708}\">\u00a0<\/span><\/p>\n<p><span data-contrast=\"auto\">De febrero a julio de 2024 llev\u00f3 a cabo un diagn\u00f3stico ecol\u00f3gico participativo con tres productores de sand\u00eda, <\/span><span data-contrast=\"auto\">con la finalidad de obtener un conjunto de indicadores adecuados para evaluar los puntos cr\u00edticos de la sustentabilidad de su agroecosistema.<\/span><\/p>\n<div id=\"attachment_150683\" style=\"width: 732px\" class=\"wp-caption aligncenter\"><img aria-describedby=\"caption-attachment-150683\" decoding=\"async\" loading=\"lazy\" class=\"size-full wp-image-150683\" src=\"https:\/\/www.uv.mx\/prensa\/files\/2025\/01\/091224-CARLOS-Alumna-UVI-stock-2-2.jpg\" alt=\"El cultivo de sand\u00eda es una de las principales fuentes de ingreso de la localidad \" width=\"722\" height=\"402\" srcset=\"https:\/\/www.uv.mx\/prensa\/files\/2025\/01\/091224-CARLOS-Alumna-UVI-stock-2-2.jpg 722w, https:\/\/www.uv.mx\/prensa\/files\/2025\/01\/091224-CARLOS-Alumna-UVI-stock-2-2-300x167.jpg 300w\" sizes=\"(max-width: 722px) 100vw, 722px\" \/><p id=\"caption-attachment-150683\" class=\"wp-caption-text\">El cultivo de sand\u00eda es una de las principales fuentes de ingreso de la localidad<\/p><\/div>\n<p>&nbsp;<\/p>\n<p><span data-contrast=\"auto\">Entre los resultados encontr\u00f3 p\u00e9rdida de fertilidad del suelo debido al bajo \u00edndice de materia org\u00e1nica, escasa biodiversidad vegetal, erosi\u00f3n, cosecha deficiente y desaparici\u00f3n de saberes tradicionales.<\/span><span data-ccp-props=\"{&quot;335559731&quot;:708}\">\u00a0<\/span><\/p>\n<p><span data-contrast=\"auto\">La estudiante explic\u00f3 que los agroecosistemas de sand\u00eda requieren una alta inversi\u00f3n que conlleva una baja tasa de ganancias, y se enfrentan al olvido por el desinter\u00e9s de las nuevas generaciones.<\/span><span data-ccp-props=\"{&quot;335559731&quot;:708}\">\u00a0<\/span><\/p>\n<p><span data-contrast=\"auto\">\u201cLos pobladores m\u00e1s j\u00f3venes abandonan la escuela y optan por migrar a Estados Unidos y Canad\u00e1, y con los recursos que generan compran casa o autom\u00f3vil pero no invierten en actividades del campo\u201d, puntualiz\u00f3.<\/span><span data-ccp-props=\"{&quot;335559731&quot;:708}\">\u00a0<\/span><\/p>\n<p><span data-contrast=\"auto\">Yaneth Garc\u00eda coment\u00f3 que, en conjunto con actores y productores de <\/span><span data-contrast=\"auto\">Hato de la Higuera, <\/span><span data-contrast=\"auto\">implementar\u00e1 a lo largo de 2025 <\/span><span data-contrast=\"auto\">un manejo agroecol\u00f3gico integral en parcelas experimentales, con la finalidad de iniciar la transici\u00f3n de los cultivos a m\u00e9todos amigables con el medio, que aumenten la sustentabilidad de los agroecosistemas.<\/span><\/p>\n<div id=\"attachment_150684\" style=\"width: 732px\" class=\"wp-caption aligncenter\"><img aria-describedby=\"caption-attachment-150684\" decoding=\"async\" loading=\"lazy\" class=\"size-full wp-image-150684\" src=\"https:\/\/www.uv.mx\/prensa\/files\/2025\/01\/091224-CARLOS-Alumna-UVI-stock-2-3.jpg\" alt=\"Yaneth Garc\u00eda Rodr\u00edguez \" width=\"722\" height=\"542\" srcset=\"https:\/\/www.uv.mx\/prensa\/files\/2025\/01\/091224-CARLOS-Alumna-UVI-stock-2-3.jpg 722w, https:\/\/www.uv.mx\/prensa\/files\/2025\/01\/091224-CARLOS-Alumna-UVI-stock-2-3-300x225.jpg 300w\" sizes=\"(max-width: 722px) 100vw, 722px\" \/><p id=\"caption-attachment-150684\" class=\"wp-caption-text\">Yaneth Garc\u00eda Rodr\u00edguez<\/p><\/div>\n<p>&nbsp;<\/p>\n<p><span data-contrast=\"auto\">\u201cCon esta prueba piloto espero crear impacto y mostrar que existen alternativas de siembra sanas que no requieren de grandes inversiones y pueden sostenerse con insumos locales, recuperar los saberes tradicionales e involucrar a las nuevas generaciones\u201d, manifest\u00f3.\u00a0<\/span><span data-ccp-props=\"{&quot;335559731&quot;:708}\">\u00a0<\/span><\/p>\n","protected":false},"excerpt":{"rendered":"<p>Tienen un impacto negativo en el ambiente, porque al deteriorar los suelos perjudican la biodiversidad <\/p>\n","protected":false},"author":1775,"featured_media":150681,"comment_status":"closed","ping_status":"closed","sticky":false,"template":"","format":"standard","meta":[],"categories":[15423,1,61,6299,8444],"tags":[4161,20938,13227,20940,20939,20937,8064,8749,20936],"_links":{"self":[{"href":"https:\/\/www.uv.mx\/prensa\/wp-json\/wp\/v2\/posts\/150729"}],"collection":[{"href":"https:\/\/www.uv.mx\/prensa\/wp-json\/wp\/v2\/posts"}],"about":[{"href":"https:\/\/www.uv.mx\/prensa\/wp-json\/wp\/v2\/types\/post"}],"author":[{"embeddable":true,"href":"https:\/\/www.uv.mx\/prensa\/wp-json\/wp\/v2\/users\/1775"}],"replies":[{"embeddable":true,"href":"https:\/\/www.uv.mx\/prensa\/wp-json\/wp\/v2\/comments?post=150729"}],"version-history":[{"count":1,"href":"https:\/\/www.uv.mx\/prensa\/wp-json\/wp\/v2\/posts\/150729\/revisions"}],"predecessor-version":[{"id":150730,"href":"https:\/\/www.uv.mx\/prensa\/wp-json\/wp\/v2\/posts\/150729\/revisions\/150730"}],"wp:featuredmedia":[{"embeddable":true,"href":"https:\/\/www.uv.mx\/prensa\/wp-json\/wp\/v2\/media\/150681"}],"wp:attachment":[{"href":"https:\/\/www.uv.mx\/prensa\/wp-json\/wp\/v2\/media?parent=150729"}],"wp:term":[{"taxonomy":"category","embeddable":true,"href":"https:\/\/www.uv.mx\/prensa\/wp-json\/wp\/v2\/categories?post=150729"},{"taxonomy":"post_tag","embeddable":true,"href":"https:\/\/www.uv.mx\/prensa\/wp-json\/wp\/v2\/tags?post=150729"}],"curies":[{"name":"wp","href":"https:\/\/api.w.org\/{rel}","templated":true}]}}