{"id":15145,"date":"2016-09-07T15:08:35","date_gmt":"2016-09-07T20:08:35","guid":{"rendered":"https:\/\/www.uv.mx\/prensa\/?p=15145"},"modified":"2016-09-07T15:08:35","modified_gmt":"2016-09-07T20:08:35","slug":"psicologia-social-importante-en-el-enfrentamiento-de-problemas-actuales","status":"publish","type":"post","link":"https:\/\/www.uv.mx\/prensa\/general\/psicologia-social-importante-en-el-enfrentamiento-de-problemas-actuales\/","title":{"rendered":"Psicolog\u00eda social, importante en el enfrentamiento de problemas actuales"},"content":{"rendered":"<ul>\n<li><i><em>Con jornada acad\u00e9mica, la Facultad de Psicolog\u00eda celebra 40 a\u00f1os de la incorporaci\u00f3n de esta disciplina<\/em><\/i><\/li>\n<\/ul>\n<p>&nbsp;<\/p>\n<div id=\"attachment_15146\" style=\"width: 732px\" class=\"wp-caption aligncenter\"><a href=\"https:\/\/www.uv.mx\/prensa\/files\/2016\/09\/070916.-banner-psicologia-y-foto-1-ok.jpg\"><img aria-describedby=\"caption-attachment-15146\" decoding=\"async\" loading=\"lazy\" class=\"size-full wp-image-15146\" src=\"https:\/\/www.uv.mx\/prensa\/files\/2016\/09\/070916.-banner-psicologia-y-foto-1-ok.jpg\" alt=\"Con gran participaci\u00f3n inici\u00f3 la Primera Jornada de Psicolog\u00eda Social \" width=\"722\" height=\"482\" srcset=\"https:\/\/www.uv.mx\/prensa\/files\/2016\/09\/070916.-banner-psicologia-y-foto-1-ok.jpg 722w, https:\/\/www.uv.mx\/prensa\/files\/2016\/09\/070916.-banner-psicologia-y-foto-1-ok-300x200.jpg 300w\" sizes=\"(max-width: 722px) 100vw, 722px\" \/><\/a><p id=\"caption-attachment-15146\" class=\"wp-caption-text\">Con gran participaci\u00f3n inici\u00f3 la Primera Jornada de Psicolog\u00eda Social<\/p><\/div>\n<p>&nbsp;<\/p>\n<p><strong><em>Jos\u00e9 Luis Couttolenc Soto<\/em><\/strong><\/p>\n<p>&nbsp;<\/p>\n<p><strong><em>Xalapa, Ver. 07\/09\/2016.- <\/em><\/strong>La psicolog\u00eda social juega un papel importante en el estudio cient\u00edfico de c\u00f3mo los pensamientos, sentimientos y comportamientos de una persona son influidos por la presencia real, imaginada o impl\u00edcita de otras personas, y permite adem\u00e1s abordar y enfrentar los problemas actuales; adem\u00e1s es considerada una de las cuatro grandes ramas de la psicolog\u00eda, junto con la cl\u00ednica, la educativa y la organizacional.<\/p>\n<p>Con este concepto iniciaron este mi\u00e9rcoles 7 de septiembre los trabajos de la Primera Jornada de Psicolog\u00eda Social -continuar\u00e1n 8 y 9- organizada por la Facultad de Psicolog\u00eda de la Universidad Veracruzana (UV), inaugurada por el secretario T\u00e9cnico de la Secretar\u00eda Acad\u00e9mica, Mauricio Eliseo Aguirre Serena.<\/p>\n<p>El director de la Facultad, Juan Grapain Contreras, expres\u00f3 que se llevar\u00e1n a cabo conferencias y talleres, que ser\u00e1n un referente para el acercamiento de los estudiantes de la carrera hacia el papel actual de la psicolog\u00eda social en torno a la realidad actual, as\u00ed como su pertinencia ante las nuevas problem\u00e1ticas sociales que se presentan.<\/p>\n<p>Destac\u00f3 que los alumnos tendr\u00e1n la oportunidad de conocer \u201cde viva voz, c\u00f3mo es que lleg\u00f3 la psicolog\u00eda social a la Facultad de Psicolog\u00eda en esos a\u00f1os marcados por el conductismo, c\u00f3mo se instaur\u00f3 y c\u00f3mo cambi\u00f3 el curr\u00edculum de formaci\u00f3n, porque todos sabemos el compromiso social de nuestra Facultad\u201d.<\/p>\n<div id=\"attachment_15147\" style=\"width: 732px\" class=\"wp-caption aligncenter\"><a href=\"https:\/\/www.uv.mx\/prensa\/files\/2016\/09\/070916.-Juan-Grapain-ok.jpg\"><img aria-describedby=\"caption-attachment-15147\" decoding=\"async\" loading=\"lazy\" class=\"size-full wp-image-15147\" src=\"https:\/\/www.uv.mx\/prensa\/files\/2016\/09\/070916.-Juan-Grapain-ok.jpg\" alt=\"Juan Grapain invit\u00f3  a participar en las actividades de los d\u00edas 8 y 9 de septiembre\" width=\"722\" height=\"482\" srcset=\"https:\/\/www.uv.mx\/prensa\/files\/2016\/09\/070916.-Juan-Grapain-ok.jpg 722w, https:\/\/www.uv.mx\/prensa\/files\/2016\/09\/070916.-Juan-Grapain-ok-300x200.jpg 300w\" sizes=\"(max-width: 722px) 100vw, 722px\" \/><\/a><p id=\"caption-attachment-15147\" class=\"wp-caption-text\">Juan Grapain invit\u00f3 a participar en las actividades de los d\u00edas 8 y 9 de septiembre<\/p><\/div>\n<p>Por su parte Arturo Marinero Heredia, coordinador de la Unidad Psicosocial y del evento, apunt\u00f3 que es importante celebrar los 40 a\u00f1os de la psicolog\u00eda social porque desde su fundaci\u00f3n, en 1976, \u201cesta Facultad tuvo un modelo tanto de ense\u00f1anza como de paradigma que le sosten\u00eda absoluta y totalmente conductista\u201d.<\/p>\n<p>Agreg\u00f3 que su aparici\u00f3n fue un parteaguas que dio origen a otras corrientes en psicolog\u00eda \u201cque miran a un sujeto social, hist\u00f3rico y ps\u00edquico, apareciendo otras teor\u00edas como el psicoan\u00e1lisis que tiene una visi\u00f3n social del sujeto; es entonces cuando cambia el rumbo de nuestra Facultad y del programa de estudio, y junto con ello hasta los modos de intervenci\u00f3n\u201d.<\/p>\n<p>Durante los tres d\u00edas del evento se contar\u00e1 con la participaci\u00f3n de reconocidos especialistas en la materia, quienes tendr\u00e1n a su cargo las conferencias, talleres, cursos, foros y conversatorios que incluye el programa.<\/p>\n<p>La psicolog\u00eda social es definida tambi\u00e9n como la ciencia que estudia los fen\u00f3menos sociales e intenta descubrir las leyes por las que se rige la convivencia; investiga las organizaciones sociales y trata de establecer los patrones de comportamiento de los individuos en los grupos, los roles que desempe\u00f1an y todas las situaciones que influyen en su conducta. Todo grupo social adopta una forma de organizaci\u00f3n dictaminada por la misma sociedad con el fin de resolver m\u00e1s eficazmente los problemas de la subsistencia.<\/p>\n","protected":false},"excerpt":{"rendered":"<p><strong><em> Jos\u00e9 Luis Couttolenc Soto.-<\/em><\/strong> La psicolog\u00eda social juega un papel importante en el estudio cient\u00edfico de c\u00f3mo los pensamientos, sentimientos y comportamientos de una persona son influidos por la presencia real, imaginada o impl\u00edcita de otras personas, y permite adem\u00e1s abordar y enfrentar los problemas actuales; adem\u00e1s es considerada una de las cuatro grandes ramas de la psicolog\u00eda, junto con la cl\u00ednica, la educativa y la organizacional.<\/p>\n","protected":false},"author":1809,"featured_media":15148,"comment_status":"closed","ping_status":"closed","sticky":false,"template":"","format":"standard","meta":[],"categories":[1],"tags":[3],"_links":{"self":[{"href":"https:\/\/www.uv.mx\/prensa\/wp-json\/wp\/v2\/posts\/15145"}],"collection":[{"href":"https:\/\/www.uv.mx\/prensa\/wp-json\/wp\/v2\/posts"}],"about":[{"href":"https:\/\/www.uv.mx\/prensa\/wp-json\/wp\/v2\/types\/post"}],"author":[{"embeddable":true,"href":"https:\/\/www.uv.mx\/prensa\/wp-json\/wp\/v2\/users\/1809"}],"replies":[{"embeddable":true,"href":"https:\/\/www.uv.mx\/prensa\/wp-json\/wp\/v2\/comments?post=15145"}],"version-history":[{"count":0,"href":"https:\/\/www.uv.mx\/prensa\/wp-json\/wp\/v2\/posts\/15145\/revisions"}],"wp:featuredmedia":[{"embeddable":true,"href":"https:\/\/www.uv.mx\/prensa\/wp-json\/wp\/v2\/media\/15148"}],"wp:attachment":[{"href":"https:\/\/www.uv.mx\/prensa\/wp-json\/wp\/v2\/media?parent=15145"}],"wp:term":[{"taxonomy":"category","embeddable":true,"href":"https:\/\/www.uv.mx\/prensa\/wp-json\/wp\/v2\/categories?post=15145"},{"taxonomy":"post_tag","embeddable":true,"href":"https:\/\/www.uv.mx\/prensa\/wp-json\/wp\/v2\/tags?post=15145"}],"curies":[{"name":"wp","href":"https:\/\/api.w.org\/{rel}","templated":true}]}}