{"id":15455,"date":"2016-09-14T14:51:51","date_gmt":"2016-09-14T19:51:51","guid":{"rendered":"https:\/\/www.uv.mx\/prensa\/?p=15455"},"modified":"2016-09-14T14:51:51","modified_gmt":"2016-09-14T19:51:51","slug":"veracruz-vive-en-el-autoritarismo-alberto-olvera","status":"publish","type":"post","link":"https:\/\/www.uv.mx\/prensa\/general\/veracruz-vive-en-el-autoritarismo-alberto-olvera\/","title":{"rendered":"Veracruz vive en el autoritarismo: Alberto Olvera"},"content":{"rendered":"<ul>\n<li><em>\u201cPese a la alternancia pol\u00edtica, dif\u00edcilmente en el estado se romper\u00e1 con el sistema pol\u00edtico autoritario, porque permanecen las pactos y redes clientelares\u201d, lament\u00f3 el investigador<\/em><\/li>\n<li><em>Leopoldo Alafita resalt\u00f3 que por primera vez el estado tendr\u00e1 una C\u00e1mara de Diputados plural<\/em><\/li>\n<li><em>Ambos participaron en el Coloquio \u201cVeracruz: crisis, alternancia y resistencias\u201d<\/em><\/li>\n<\/ul>\n<p>&nbsp;<\/p>\n<div id=\"attachment_15456\" style=\"width: 732px\" class=\"wp-caption aligncenter\"><a href=\"https:\/\/www.uv.mx\/prensa\/files\/2016\/09\/itico-1.jpg\"><img aria-describedby=\"caption-attachment-15456\" decoding=\"async\" loading=\"lazy\" class=\"size-full wp-image-15456\" src=\"https:\/\/www.uv.mx\/prensa\/files\/2016\/09\/itico-1.jpg\" alt=\"Participantes de la Mesa 5 \u201cR\u00e9gimen pol\u00edtico y elecciones\u201d\" width=\"722\" height=\"482\" srcset=\"https:\/\/www.uv.mx\/prensa\/files\/2016\/09\/itico-1.jpg 722w, https:\/\/www.uv.mx\/prensa\/files\/2016\/09\/itico-1-300x200.jpg 300w\" sizes=\"(max-width: 722px) 100vw, 722px\" \/><\/a><p id=\"caption-attachment-15456\" class=\"wp-caption-text\">Participantes de la Mesa 5 \u201cR\u00e9gimen pol\u00edtico y elecciones\u201d<\/p><\/div>\n<p>&nbsp;<\/p>\n<p><strong><em>Paola Cort\u00e9s P\u00e9rez<\/em><\/strong><\/p>\n<p>&nbsp;<\/p>\n<p><strong><em>Xalapa, Ver. 14\/09\/2016.-<\/em><\/strong><em>\u00a0<\/em>En Veracruz no se ha roto con el sistema pol\u00edtico autoritario que se vive desde hace a\u00f1os pese a la alternancia pol\u00edtica que se ha logrado en las elecciones para gobernador del estado, advirti\u00f3 Alberto Olvera Rivera, investigador adscrito al Instituto de Investigaciones Hist\u00f3rico-Sociales (IIH-S) de la Universidad Veracruzana (UV), durante su participaci\u00f3n en la Mesa 5 \u201cR\u00e9gimen pol\u00edtico y elecciones\u201d del Coloquio \u201cVeracruz: crisis, alternancia y resistencias\u201d.<\/p>\n<p>El evento fue organizado por el Cuerpo Acad\u00e9mico (CA) Estudios Sociopol\u00edticos del IIH-S, en la sala de videoconferencias de la Unidad de Servicios Bibliotecarios y de Informaci\u00f3n (USB), los d\u00edas 7 y 8 de septiembre.<\/p>\n<p>En la mesa tambi\u00e9n participaron Manuel Reyna Mu\u00f1oz y Leopoldo Alafita, moderados por Efra\u00edn Qui\u00f1onez, todos ellos investigadores del IIH-S.<\/p>\n<p>&nbsp;<\/p>\n<div id=\"attachment_15458\" style=\"width: 492px\" class=\"wp-caption aligncenter\"><a href=\"https:\/\/www.uv.mx\/prensa\/files\/2016\/09\/Rico-2.jpg\"><img aria-describedby=\"caption-attachment-15458\" decoding=\"async\" loading=\"lazy\" class=\"size-full wp-image-15458\" src=\"https:\/\/www.uv.mx\/prensa\/files\/2016\/09\/Rico-2.jpg\" alt=\"Alberto Olvera Rivera advirti\u00f3 que los veracruzanos tendr\u00e1n por muchos a\u00f1os un sistema pol\u00edtico autoritario\" width=\"482\" height=\"722\" srcset=\"https:\/\/www.uv.mx\/prensa\/files\/2016\/09\/Rico-2.jpg 482w, https:\/\/www.uv.mx\/prensa\/files\/2016\/09\/Rico-2-200x300.jpg 200w\" sizes=\"(max-width: 482px) 100vw, 482px\" \/><\/a><p id=\"caption-attachment-15458\" class=\"wp-caption-text\">Alberto Olvera Rivera advirti\u00f3 que los veracruzanos tendr\u00e1n por muchos a\u00f1os un sistema pol\u00edtico autoritario<\/p><\/div>\n<p>&nbsp;<\/p>\n<p>Durante su intervenci\u00f3n, intitulada \u201cEl r\u00e9gimen autoritario en Veracruz\u201d, Olvera Rivera enfatiz\u00f3 que no habr\u00e1 una ruptura del sistema pol\u00edtico autoritario pese a la alternancia pol\u00edtica, debido a \u201cla herencia maldita\u201d dejada por los gobiernos estatales de Javier Duarte de Ochoa y Fidel Herrera Beltr\u00e1n.<\/p>\n<p>\u201cMuchos a\u00f1os tendremos el mismo sistema pol\u00edtico en que resaltan dos puntos: el primero, hay una alta continuidad en el personal pol\u00edtico; el segundo, es que el objetivo principal de la gubernatura de dos a\u00f1os ser\u00e1 garantizar que su partido gane en la siguiente elecci\u00f3n estatal; as\u00ed que tendremos la misma l\u00f3gica de utilizaci\u00f3n de poder para fines electorales hasta donde sea posible.\u201d<\/p>\n<p>Adem\u00e1s, resalt\u00f3, persisten todos los pactos realizados con el crimen organizado y corporaciones, ejemplo de ello son los sindicatos, cacicazgos regionales, asociaciones ganaderas, entre otras, mismos que pueden ser controlados y usados por el nuevo gobierno para garantizar su permanencia en el poder. \u201cEsto demuestra que Veracruz vive en la prehistoria pol\u00edtica nacional, nada m\u00e1s que en el presente.<\/p>\n<p>&nbsp;<\/p>\n<div id=\"attachment_15459\" style=\"width: 492px\" class=\"wp-caption aligncenter\"><a href=\"https:\/\/www.uv.mx\/prensa\/files\/2016\/09\/co-3.jpg\"><img aria-describedby=\"caption-attachment-15459\" decoding=\"async\" loading=\"lazy\" class=\"size-full wp-image-15459\" src=\"https:\/\/www.uv.mx\/prensa\/files\/2016\/09\/co-3.jpg\" alt=\"Manuel Reyna Mu\u00f1oz, investigador del IIH-S\" width=\"482\" height=\"722\" srcset=\"https:\/\/www.uv.mx\/prensa\/files\/2016\/09\/co-3.jpg 482w, https:\/\/www.uv.mx\/prensa\/files\/2016\/09\/co-3-200x300.jpg 200w\" sizes=\"(max-width: 482px) 100vw, 482px\" \/><\/a><p id=\"caption-attachment-15459\" class=\"wp-caption-text\">Manuel Reyna Mu\u00f1oz, investigador del IIH-S<\/p><\/div>\n<p>&nbsp;<\/p>\n<p>\u201dEl nuevo gobierno, con las mismas pr\u00e1cticas puede intentar utilizar esta estructura corporativa para obtener el voto a favor de su partido. El tener el gobierno facilita este tipo de reproducci\u00f3n de pr\u00e1cticas.\u201d<\/p>\n<p>Entonces, explic\u00f3 que la herencia maldita implica la persistencia de una estructura pol\u00edtica, de una cultura basada en arreglos clientelares y, sobre todo, en una estructura constitucional y de instituciones que ha heredado el gobierno saliente.<\/p>\n<p>Dijo que el gobierno entrante tiene una posibilidad de empezar a desestructurar el control pol\u00edtico y luchar contra la corrupci\u00f3n a trav\u00e9s de limpiar y poner orden en dos instancias: la Fiscal\u00eda General del Estado y el \u00d3rgano de Fiscalizaci\u00f3n Superior del Estado (<em>Orfis<\/em>), donde sus titulares est\u00e1n designados para continuar por varios a\u00f1os en el cargo.<\/p>\n<p>Para lograr lo anterior, plante\u00f3 una alianza pol\u00edtica entre los partidos Acci\u00f3n Nacional, de la Revoluci\u00f3n Democr\u00e1tica y Movimiento Regeneraci\u00f3n Nacional, a fin de poner cierto orden en el Poder Judicial.<\/p>\n<p>\u201c\u00bfHabr\u00e1 la capacidad pol\u00edtica de las direcciones de estos partidos pol\u00edticos para establecer esta alianza, que nos conviene a todos? No lo s\u00e9, pero debemos exigirles que est\u00e9n a la altura de esta oportunidad ya que por primera vez en la historia, la alianza de la oposici\u00f3n puede vencer al PRI, incluso con mayor\u00eda calificada que puede hacer grandes cambios constitucionales en beneficio de los veracruzanos.\u201d<\/p>\n<p>Asimismo, apunt\u00f3 que la crisis econ\u00f3mica, pol\u00edtica y social que se vive en Veracruz es resultado del debilitamiento y rompimiento del presidencialismo federal que sucedi\u00f3 a partir de 1997, cuando hubo un equilibrio de fuerzas pol\u00edticas en el Poder Legislativo que ayud\u00f3 a controlar los excesos del Poder Ejecutivo.<\/p>\n<p>\u201cAl fraccionarse y descentralizar el poder federal, los gobernadores recogieron estas piezas para fortalecerse, ejemplo de ello fue la administraci\u00f3n de Fidel Herrera que us\u00f3 diversas pr\u00e1cticas, como el pacto y el clientelismo, para tener el completo control, volvi\u00e9ndose un estado subnacional radicalizado, donde el todo el poder se centraba en la figura del gobernador.\u201d<\/p>\n<p>&nbsp;<\/p>\n<div id=\"attachment_15460\" style=\"width: 492px\" class=\"wp-caption aligncenter\"><a href=\"https:\/\/www.uv.mx\/prensa\/files\/2016\/09\/n-po-4.jpg\"><img aria-describedby=\"caption-attachment-15460\" decoding=\"async\" loading=\"lazy\" class=\"size-full wp-image-15460\" src=\"https:\/\/www.uv.mx\/prensa\/files\/2016\/09\/n-po-4.jpg\" alt=\"Leopoldo Alafita dijo que por primera vez Veracruz tendr\u00e1 una C\u00e1mara de Diputados plural\" width=\"482\" height=\"722\" srcset=\"https:\/\/www.uv.mx\/prensa\/files\/2016\/09\/n-po-4.jpg 482w, https:\/\/www.uv.mx\/prensa\/files\/2016\/09\/n-po-4-200x300.jpg 200w\" sizes=\"(max-width: 482px) 100vw, 482px\" \/><\/a><p id=\"caption-attachment-15460\" class=\"wp-caption-text\">Leopoldo Alafita dijo que por primera vez Veracruz tendr\u00e1 una C\u00e1mara de Diputados plural<\/p><\/div>\n<p>&nbsp;<\/p>\n<p>Este sistema autoritario, detall\u00f3, fue heredado a Javier Duarte, sin embargo el nepotismo se volvi\u00f3 hist\u00e9rico, desp\u00f3tico, se tomaron decisiones autoritarias, descabelladas y caprichosas; en s\u00edntesis, \u201cno ten\u00eda una estrategia como la tuvo Fidel Herrera, hubo un descontrol en el uso del erario p\u00fablico\u201d, hasta que en 2016 se dio una ruptura con el gobierno federal por los excesos de Duarte de Ochoa que tuvieron costos pol\u00edticos, comenzando as\u00ed una implosi\u00f3n del gobierno estatal que marca el fin de r\u00e9gimen.<\/p>\n<p>En su intervenci\u00f3n, Manuel Reyna Mu\u00f1oz present\u00f3 un an\u00e1lisis y reflexi\u00f3n sobre el proceso electoral para la elecci\u00f3n de gobernador y diputados locales, donde destac\u00f3 que la elecci\u00f3n presenta m\u00faltiples interpretaciones; por ejemplo, se sabe que fue una elecci\u00f3n que involucr\u00f3 a seis partidos pol\u00edticos, pero en realidad la disputa s\u00f3lo se dio entre dos o tres.<\/p>\n<p>Apunt\u00f3 que en este proceso se distinguen seis sucesos importantes: se dio una elecci\u00f3n para una gubernatura de dos a\u00f1os; los veracruzanos tuvieron la oportunidad de votar por un candidato independiente; por primera vez, uno de los seis candidatos a gobernador fue mujer; por primera ocasi\u00f3n, se dio una coalici\u00f3n entre grupos pol\u00edticos antag\u00f3nicos; la campa\u00f1a pol\u00edtica fue de las m\u00e1s sucias e innecesarias en la historia electoral del estado; el proceso electoral se dio en una de las crisis m\u00e1s agudas que ha tenido la entidad.<\/p>\n<p>Por \u00faltimo, Leopoldo Alafita dijo que lo importante es que se tendr\u00e1 una C\u00e1mara de Diputados hist\u00f3rica, ya que por primera vez se contar\u00e1 con una representaci\u00f3n plural, lo cual significa una oportunidad de gran trascendencia para la ciudadan\u00eda veracruzana.<\/p>\n","protected":false},"excerpt":{"rendered":"<p><strong><em>Paola Cort\u00e9s.-<\/em><\/strong>En Veracruz no se ha roto con el sistema pol\u00edtico autoritario que se vive desde hace a\u00f1os pese a la alternancia pol\u00edtica que se ha logrado en las elecciones para gobernador del estado, advirti\u00f3 Alberto Olvera Rivera, investigador adscrito al Instituto de Investigaciones Hist\u00f3rico-Sociales (IIH-S) de la Universidad Veracruzana (UV), durante su participaci\u00f3n en la Mesa 5 \u201cR\u00e9gimen pol\u00edtico y elecciones\u201d del Coloquio \u201cVeracruz: crisis, alternancia y resistencias\u201d.<\/p>\n","protected":false},"author":1810,"featured_media":15457,"comment_status":"closed","ping_status":"closed","sticky":false,"template":"","format":"standard","meta":[],"categories":[1],"tags":[3],"_links":{"self":[{"href":"https:\/\/www.uv.mx\/prensa\/wp-json\/wp\/v2\/posts\/15455"}],"collection":[{"href":"https:\/\/www.uv.mx\/prensa\/wp-json\/wp\/v2\/posts"}],"about":[{"href":"https:\/\/www.uv.mx\/prensa\/wp-json\/wp\/v2\/types\/post"}],"author":[{"embeddable":true,"href":"https:\/\/www.uv.mx\/prensa\/wp-json\/wp\/v2\/users\/1810"}],"replies":[{"embeddable":true,"href":"https:\/\/www.uv.mx\/prensa\/wp-json\/wp\/v2\/comments?post=15455"}],"version-history":[{"count":0,"href":"https:\/\/www.uv.mx\/prensa\/wp-json\/wp\/v2\/posts\/15455\/revisions"}],"wp:featuredmedia":[{"embeddable":true,"href":"https:\/\/www.uv.mx\/prensa\/wp-json\/wp\/v2\/media\/15457"}],"wp:attachment":[{"href":"https:\/\/www.uv.mx\/prensa\/wp-json\/wp\/v2\/media?parent=15455"}],"wp:term":[{"taxonomy":"category","embeddable":true,"href":"https:\/\/www.uv.mx\/prensa\/wp-json\/wp\/v2\/categories?post=15455"},{"taxonomy":"post_tag","embeddable":true,"href":"https:\/\/www.uv.mx\/prensa\/wp-json\/wp\/v2\/tags?post=15455"}],"curies":[{"name":"wp","href":"https:\/\/api.w.org\/{rel}","templated":true}]}}