{"id":15700,"date":"2016-09-20T13:58:31","date_gmt":"2016-09-20T18:58:31","guid":{"rendered":"https:\/\/www.uv.mx\/prensa\/?p=15700"},"modified":"2016-09-20T20:31:59","modified_gmt":"2016-09-21T01:31:59","slug":"uv-acoge-reflexion-sobre-modelo-educativo-de-la-sep","status":"publish","type":"post","link":"https:\/\/www.uv.mx\/prensa\/general\/uv-acoge-reflexion-sobre-modelo-educativo-de-la-sep\/","title":{"rendered":"UV acoge reflexi\u00f3n sobre Modelo Educativo de la SEP"},"content":{"rendered":"<ul>\n<li><i><em>Asisten acad\u00e9micos, investigadores y alumnos de la propia instituci\u00f3n, as\u00ed como de escuelas normales de la entidad<\/em><\/i><\/li>\n<li><em>En nuestras instituciones tenemos a los especialistas en educaci\u00f3n y a los j\u00f3venes que habr\u00e1n de ser los futuros maestros, recalc\u00f3 Sara Ladr\u00f3n de Guevara<\/em><\/li>\n<\/ul>\n<p>&nbsp;<\/p>\n<div id=\"attachment_15701\" style=\"width: 732px\" class=\"wp-caption aligncenter\"><a href=\"https:\/\/www.uv.mx\/prensa\/files\/2016\/09\/200916.-Modelo-educativo-1-ok.jpg\"><img aria-describedby=\"caption-attachment-15701\" decoding=\"async\" loading=\"lazy\" class=\"size-full wp-image-15701\" src=\"https:\/\/www.uv.mx\/prensa\/files\/2016\/09\/200916.-Modelo-educativo-1-ok.jpg\" alt=\"La rectora Sara Ladr\u00f3n de Guevara manifest\u00f3 las afinidades entre el Modelo Educativo de la SEP y el MEIF de la UV\" width=\"722\" height=\"482\" srcset=\"https:\/\/www.uv.mx\/prensa\/files\/2016\/09\/200916.-Modelo-educativo-1-ok.jpg 722w, https:\/\/www.uv.mx\/prensa\/files\/2016\/09\/200916.-Modelo-educativo-1-ok-300x200.jpg 300w\" sizes=\"(max-width: 722px) 100vw, 722px\" \/><\/a><p id=\"caption-attachment-15701\" class=\"wp-caption-text\">La rectora Sara Ladr\u00f3n de Guevara manifest\u00f3 las afinidades entre el Modelo Educativo de la SEP y el MEIF de la UV<\/p><\/div>\n<p>&nbsp;<\/p>\n<p><strong><em>David Sandoval Rodr\u00edguez<\/em><\/strong><\/p>\n<p>&nbsp;<\/p>\n<p><strong><em>Xalapa, Ver. 20\/09\/2016.- <\/em><\/strong>La Universidad Veracruzana (UV) celebra que se genere un espacio de reflexi\u00f3n y debate sobre el Modelo Educativo 2016 que propone la Secretar\u00eda de Educaci\u00f3n P\u00fablica (SEP) y tiene afinidades con su propio Modelo Educativo Integral y Flexible (MEIF), expres\u00f3 la rectora Sara Ladr\u00f3n de Guevara al inaugurar el martes 20 de septiembre el foro \u201cEl Modelo Educativo 2016 y la estructura curricular de la educaci\u00f3n obligatoria vista desde la Universidad\u201d.<\/p>\n<p>La sala de videoconferencias de la Unidad de Servicios Bibliotecarios y de Informaci\u00f3n (USBI) luci\u00f3 repleta de acad\u00e9micos, especialistas, invitados especiales y alumnos de diversas instituciones. La rectora Sara Ladr\u00f3n de Guevara realiz\u00f3 la inauguraci\u00f3n y celebr\u00f3 que fuera la UV la sede de este evento, con el que se busca hallar los conocimientos que sirvan para formar a las nuevas generaciones.<\/p>\n<p>Asimismo, destac\u00f3 que \u201cen nuestras instituciones tenemos a los especialistas en educaci\u00f3n, a los que est\u00e1n reflexionando sobre el proceso educativo y a los j\u00f3venes estudiantes que habr\u00e1n de ser los futuros maestros\u201d.<\/p>\n<p>Precisamente en la UV se efect\u00faa la revisi\u00f3n, reflexi\u00f3n y evaluaci\u00f3n del modelo educativo, puntualiz\u00f3; \u201cqu\u00e9 mejor momento para revisar esto como un todo, en esa integralidad que significa formar a ciudadanos y a profesionistas, formar en el conocimiento y tambi\u00e9n formar como personas\u201d.<\/p>\n<div id=\"attachment_15702\" style=\"width: 732px\" class=\"wp-caption aligncenter\"><a href=\"https:\/\/www.uv.mx\/prensa\/files\/2016\/09\/200916.-Modelo-educativo-2-ok.jpg\"><img aria-describedby=\"caption-attachment-15702\" decoding=\"async\" loading=\"lazy\" class=\"size-full wp-image-15702\" src=\"https:\/\/www.uv.mx\/prensa\/files\/2016\/09\/200916.-Modelo-educativo-2-ok.jpg\" alt=\"El inter\u00e9s de los asistentes super\u00f3 la capacidad de la sala de videoconferencias de la USBI\" width=\"722\" height=\"482\" srcset=\"https:\/\/www.uv.mx\/prensa\/files\/2016\/09\/200916.-Modelo-educativo-2-ok.jpg 722w, https:\/\/www.uv.mx\/prensa\/files\/2016\/09\/200916.-Modelo-educativo-2-ok-300x200.jpg 300w\" sizes=\"(max-width: 722px) 100vw, 722px\" \/><\/a><p id=\"caption-attachment-15702\" class=\"wp-caption-text\">El inter\u00e9s de los asistentes super\u00f3 la capacidad de la sala de videoconferencias de la USBI<\/p><\/div>\n<p>&nbsp;<\/p>\n<p>A nombre de los organizadores, Juan Carlos Ortega Guerrero, coordinador del\u00a0Programa de Investigaci\u00f3n e Innovaci\u00f3n en Educaci\u00f3n Superior (PIIES) de la UV,\u00a0dio la bienvenida a los presentes y se\u00f1al\u00f3 que en respuesta a la consulta propuesta por la SEP para el an\u00e1lisis del Modelo Educativo 2016 se realiza el foro.<\/p>\n<p>\u201cDebido a la importancia que tiene la propuesta, acad\u00e9micos de la Escuela Normal \u2018Juan Enr\u00edquez\u2019 de Tlacotalpan, de la Benem\u00e9rita Escuela Normal Veracruzana, de las facultades de Psicolog\u00eda y Pedagog\u00eda de Xalapa, Veracruz y Poza Rica, y del Programa de Investigaci\u00f3n e Innovaci\u00f3n en Educaci\u00f3n Superior de la UV, decidimos dar a conocer nuestras opiniones respecto al contenido, alcance, aciertos y retos que deber\u00e1n enfrentarse y superarse si es que se quiere construir una oferta educativa que promueva en los estudiantes la construcci\u00f3n de los conocimientos, habilidades y actitudes necesarias para desenvolverse con \u00e9xito en la sociedad del siglo XXI\u201d, explic\u00f3 Ortega Guerrero.<\/p>\n<p>Al finalizar el foro se elaborar\u00e1 un documento con las propuestas resultantes para ser entregado a la SEP y difundirlo en medios de comunicaci\u00f3n, a\u00f1adi\u00f3.<\/p>\n<p>En la inauguraci\u00f3n formal se cont\u00f3 con la presencia de Leticia Rodr\u00edguez Audirac, secretaria Acad\u00e9mica de la UV; Flavia Beatriz Ramos Garc\u00eda, jefa de la Unidad de Estudios de Posgrado de la Benem\u00e9rita Escuela Normal Veracruzana; Fabio Fuentes Navarro, director de la Escuela Normal \u201cJuan Enr\u00edquez\u201d; Roc\u00edo Gonz\u00e1lez Guerrero, Mar\u00eda Cristina Miranda \u00c1lvarez y Miriam Alejandre Espinosa, directoras de la facultades de Pedagog\u00eda de las regiones Xalapa, Veracruz y Poza Rica-Tuxpan, respectivamente, y Ricardo Mercado del Collado, acad\u00e9mico de la Facultad de Psicolog\u00eda.<\/p>\n<div id=\"attachment_15703\" style=\"width: 732px\" class=\"wp-caption aligncenter\"><a href=\"https:\/\/www.uv.mx\/prensa\/files\/2016\/09\/200916.-Modelo-educativo-3-ok.jpg\"><img aria-describedby=\"caption-attachment-15703\" decoding=\"async\" loading=\"lazy\" class=\"size-full wp-image-15703\" src=\"https:\/\/www.uv.mx\/prensa\/files\/2016\/09\/200916.-Modelo-educativo-3-ok.jpg\" alt=\"Olac Fuentes Molinar enunci\u00f3 severas contradicciones en la propuesta de la SEP\" width=\"722\" height=\"482\" srcset=\"https:\/\/www.uv.mx\/prensa\/files\/2016\/09\/200916.-Modelo-educativo-3-ok.jpg 722w, https:\/\/www.uv.mx\/prensa\/files\/2016\/09\/200916.-Modelo-educativo-3-ok-300x200.jpg 300w\" sizes=\"(max-width: 722px) 100vw, 722px\" \/><\/a><p id=\"caption-attachment-15703\" class=\"wp-caption-text\">Olac Fuentes Molinar enunci\u00f3 severas contradicciones en la propuesta de la SEP<\/p><\/div>\n<p>&nbsp;<\/p>\n<p><strong>Sistema educativo mexicano, una cat\u00e1strofe: Olac Fuentes<\/strong><\/p>\n<p>Olac Fuentes Molinar, profesor de la Universidad Aut\u00f3noma Metropolitana (UAM) y ex Subsecretario de Educaci\u00f3n B\u00e1sica de la SEP de 1992 a 2001, dict\u00f3 la conferencia \u201cResultados de aprendizaje y desigualdad\u201d. Comenz\u00f3 se\u00f1alando que el defecto b\u00e1sico de la propuesta del Modelo Educativo es la contradicci\u00f3n.<\/p>\n<p>\u201cLo que hoy podemos discutir del modelo est\u00e1 presentado en tres documentos de orden, de contenido, no s\u00f3lo muy distinto sino muy poco consistente internamente, quiero decir, el sino de la presentaci\u00f3n de esta propuesta es b\u00e1sicamente la contradicci\u00f3n y se expresa de uno a otro de los documentos que se presentan\u201d, precis\u00f3 el acad\u00e9mico.<\/p>\n<p>Recalc\u00f3 que en ninguno de los tres documentos se hace una referencia espec\u00edfica a qui\u00e9nes son y en qu\u00e9 condiciones de aprendizaje est\u00e1n los estudiantes cuyo objetivo es la aplicaci\u00f3n de la propuesta, \u201cextra\u00f1a que no tenga siquiera un elemento diagn\u00f3stico de car\u00e1cter general\u201d.<\/p>\n<p>Puntualiz\u00f3 que una propuesta de reforma seria, bien intencionada y con la misi\u00f3n de lograr resultados, \u201ctiene que hacerse pensando en que lo que tenemos enfrente, como sistema educativo y como constructor de aprendizajes, es una cat\u00e1strofe\u201d.<\/p>\n<p>De hecho, continu\u00f3, \u00e9sta es una de sus carencias, porque no analiza \u201cque el estado catastr\u00f3fico afecta de distinta manera e intensidad a quienes provienen de distintos niveles socioecon\u00f3micos, principalmente aquellos con los menores ingresos familiares\u201d.<\/p>\n<p>Refiri\u00f3 que los procesos de consulta propuestos por la SEP han sido insuficientes y concluy\u00f3 que \u201cestamos en una situaci\u00f3n en la cual el valor de la escolarizaci\u00f3n es, por lo menos, un valor incierto, para unos se realiza y para otros no, y tiene que ver con el sistema y su inconsciencia de la diferencia\u201d.<\/p>\n","protected":false},"excerpt":{"rendered":"<p><strong><em> David Sandoval Rodr\u00edguez.-<\/em><\/strong> La Universidad Veracruzana (UV) celebra que se genere un espacio de reflexi\u00f3n y debate sobre el Modelo Educativo 2016 que propone la Secretar\u00eda de Educaci\u00f3n P\u00fablica (SEP) y tiene afinidades con su propio Modelo Educativo Integral y Flexible (MEIF), expres\u00f3 la rectora Sara Ladr\u00f3n de Guevara al inaugurar el martes 20 de septiembre el foro \u201cEl Modelo Educativo 2016 y la estructura curricular de la educaci\u00f3n obligatoria vista desde la Universidad\u201d.<\/p>\n","protected":false},"author":1809,"featured_media":15704,"comment_status":"closed","ping_status":"closed","sticky":false,"template":"","format":"standard","meta":[],"categories":[1],"tags":[2],"_links":{"self":[{"href":"https:\/\/www.uv.mx\/prensa\/wp-json\/wp\/v2\/posts\/15700"}],"collection":[{"href":"https:\/\/www.uv.mx\/prensa\/wp-json\/wp\/v2\/posts"}],"about":[{"href":"https:\/\/www.uv.mx\/prensa\/wp-json\/wp\/v2\/types\/post"}],"author":[{"embeddable":true,"href":"https:\/\/www.uv.mx\/prensa\/wp-json\/wp\/v2\/users\/1809"}],"replies":[{"embeddable":true,"href":"https:\/\/www.uv.mx\/prensa\/wp-json\/wp\/v2\/comments?post=15700"}],"version-history":[{"count":0,"href":"https:\/\/www.uv.mx\/prensa\/wp-json\/wp\/v2\/posts\/15700\/revisions"}],"wp:featuredmedia":[{"embeddable":true,"href":"https:\/\/www.uv.mx\/prensa\/wp-json\/wp\/v2\/media\/15704"}],"wp:attachment":[{"href":"https:\/\/www.uv.mx\/prensa\/wp-json\/wp\/v2\/media?parent=15700"}],"wp:term":[{"taxonomy":"category","embeddable":true,"href":"https:\/\/www.uv.mx\/prensa\/wp-json\/wp\/v2\/categories?post=15700"},{"taxonomy":"post_tag","embeddable":true,"href":"https:\/\/www.uv.mx\/prensa\/wp-json\/wp\/v2\/tags?post=15700"}],"curies":[{"name":"wp","href":"https:\/\/api.w.org\/{rel}","templated":true}]}}