{"id":16329,"date":"2016-10-04T14:50:25","date_gmt":"2016-10-04T19:50:25","guid":{"rendered":"https:\/\/www.uv.mx\/prensa\/?p=16329"},"modified":"2016-10-04T14:52:01","modified_gmt":"2016-10-04T19:52:01","slug":"centro-de-idiomas-atendio-a-mil-937-alumnos-entre-2015-y-2016","status":"publish","type":"post","link":"https:\/\/www.uv.mx\/prensa\/regiones\/centro-de-idiomas-atendio-a-mil-937-alumnos-entre-2015-y-2016\/","title":{"rendered":"Centro de Idiomas atendi\u00f3 a mil 937 alumnos entre 2015 y 2016"},"content":{"rendered":"<p>&nbsp;<\/p>\n<div id=\"attachment_16342\" style=\"width: 732px\" class=\"wp-caption aligncenter\"><a href=\"https:\/\/www.uv.mx\/prensa\/files\/2016\/10\/e-idiomas-ok.jpg\"><img aria-describedby=\"caption-attachment-16342\" decoding=\"async\" loading=\"lazy\" class=\"size-full wp-image-16342\" src=\"https:\/\/www.uv.mx\/prensa\/files\/2016\/10\/e-idiomas-ok.jpg\" alt=\"M\u00f3nica Boza Azani, coordinadora del Centro de Idiomas \" width=\"722\" height=\"407\" srcset=\"https:\/\/www.uv.mx\/prensa\/files\/2016\/10\/e-idiomas-ok.jpg 722w, https:\/\/www.uv.mx\/prensa\/files\/2016\/10\/e-idiomas-ok-300x169.jpg 300w\" sizes=\"(max-width: 722px) 100vw, 722px\" \/><\/a><p id=\"caption-attachment-16342\" class=\"wp-caption-text\">M\u00f3nica Boza Azani, coordinadora del Centro de Idiomas<\/p><\/div>\n<p>&nbsp;<\/p>\n<p>&nbsp;<\/p>\n<p><strong><em>Francisco Javier Cha\u00edn Revuelta<\/em><\/strong><\/p>\n<p>&nbsp;<\/p>\n<p><strong><em>C\u00f3rdoba, Ver.<\/em><\/strong><strong><em>04\/10\/2016.-<\/em><\/strong><strong><em>\u00a0<\/em><\/strong>M\u00f3nica Boza Azani, coordinadora del Centro de Idiomas de la Universidad Veracruzana (UV), present\u00f3 su Informe de Labores 2015-2016 ante la comunidad acad\u00e9mica y autoridades universitarias, conforme a los tres ejes del Programa de Trabajo Estrat\u00e9gico 2013-2017: \u201cInnovaci\u00f3n acad\u00e9mica con calidad\u201d, \u201cPresencia en el entorno con pertinencia e impacto social\u201d y \u201cGobierno y gesti\u00f3n responsables y con transparencia\u201d.<\/p>\n<p>Con respecto al primer eje, M\u00f3nica Boza detall\u00f3 los programas educativos que cumplen con los est\u00e1ndares de calidad nacionales e internacionales, mencion\u00f3 la planta acad\u00e9mica de calidad con la que se cuenta, inform\u00f3 de los programas de atracci\u00f3n y de retenci\u00f3n de estudiantes de calidad, as\u00ed como de los programas de investigaci\u00f3n de calidad socialmente pertinentes.<\/p>\n<p>En cuanto al segundo eje, la Coordinadora mostr\u00f3 el trabajo realizado por los egresados y que genera impacto tanto en la UV como en la sociedad; asimismo, mencion\u00f3 el fortalecimiento en la vinculaci\u00f3n con el medio y el fomento al respeto a la equidad de g\u00e9nero y a la interculturalidad.<\/p>\n<p>En relaci\u00f3n con el tercer eje, M\u00f3nica Boza habl\u00f3 de la gesti\u00f3n institucional, las finanzas de la entidad acad\u00e9mica y de la infraestructura f\u00edsica y equipamiento.<\/p>\n<p>Adem\u00e1s dio algunas cifras, entre las m\u00e1s destacables: se atendieron mil 937 alumnos en los cursos de Ingl\u00e9s, Franc\u00e9s y Portugu\u00e9s; se aplicaron 328 ex\u00e1menes de certificaci\u00f3n del dominio de la lengua inglesa; la participaci\u00f3n en decenas de actividades externas e internas enfocadas a la promoci\u00f3n de la lectura. Tambi\u00e9n habl\u00f3 de la Especializaci\u00f3n en Promoci\u00f3n de la Lectura que se estudia en el Centro de Idiomas.<\/p>\n<p>Resalt\u00f3 que en la planta acad\u00e9mica hay dos doctores, un candidato a doctor, 10 tienen maestr\u00edas y siete en el nivel de licenciatura. De la formaci\u00f3n acad\u00e9mica mencion\u00f3 varios foros, congresos, cursos, encuentros y talleres en los que se han participado en diferentes geograf\u00edas e instituciones.<\/p>\n<p>Tambi\u00e9n dijo que el Centro de Idiomas cuenta con el Cuerpo Acad\u00e9mico (CA) Lengua, Cultura, Literatura y Sociedad que trabaja en un libro interactivo de vocabulario. Asimismo, detall\u00f3 muchas actividades que tienen que ver con todos los programas estrat\u00e9gicos y l\u00edneas de acci\u00f3n que realiza la Universidad.<\/p>\n<p>Presidieron el evento Mar\u00eda Magdalena Hern\u00e1ndez Alarc\u00f3n, directora general de Relaciones Internacionales; Luz del Carmen Rivas Morales, directora general de los Centros de Idiomas y de Autoacceso; Jos\u00e9 Eduardo Mart\u00ednez Canales, secretario Acad\u00e9mico regional, y Javier Zepeda Albarr\u00e1n, administrador del Centro de Idiomas C\u00f3rdoba.<\/p>\n","protected":false},"excerpt":{"rendered":"<p><strong><em>Francisco Javier Cha\u00edn.-<\/em><\/strong> M\u00f3nica Boza Azani, coordinadora del Centro de Idiomas de la Universidad Veracruzana (UV), present\u00f3 su Informe de Labores 2015-2016 ante la comunidad acad\u00e9mica y autoridades universitarias, conforme a los tres ejes del Programa de Trabajo Estrat\u00e9gico 2013-2017: \u201cInnovaci\u00f3n acad\u00e9mica con calidad\u201d, \u201cPresencia en el entorno con pertinencia e impacto social\u201d y \u201cGobierno y gesti\u00f3n responsables y con transparencia\u201d.<\/p>\n","protected":false},"author":1810,"featured_media":16343,"comment_status":"closed","ping_status":"closed","sticky":false,"template":"","format":"standard","meta":[],"categories":[32],"tags":[33],"_links":{"self":[{"href":"https:\/\/www.uv.mx\/prensa\/wp-json\/wp\/v2\/posts\/16329"}],"collection":[{"href":"https:\/\/www.uv.mx\/prensa\/wp-json\/wp\/v2\/posts"}],"about":[{"href":"https:\/\/www.uv.mx\/prensa\/wp-json\/wp\/v2\/types\/post"}],"author":[{"embeddable":true,"href":"https:\/\/www.uv.mx\/prensa\/wp-json\/wp\/v2\/users\/1810"}],"replies":[{"embeddable":true,"href":"https:\/\/www.uv.mx\/prensa\/wp-json\/wp\/v2\/comments?post=16329"}],"version-history":[{"count":0,"href":"https:\/\/www.uv.mx\/prensa\/wp-json\/wp\/v2\/posts\/16329\/revisions"}],"wp:featuredmedia":[{"embeddable":true,"href":"https:\/\/www.uv.mx\/prensa\/wp-json\/wp\/v2\/media\/16343"}],"wp:attachment":[{"href":"https:\/\/www.uv.mx\/prensa\/wp-json\/wp\/v2\/media?parent=16329"}],"wp:term":[{"taxonomy":"category","embeddable":true,"href":"https:\/\/www.uv.mx\/prensa\/wp-json\/wp\/v2\/categories?post=16329"},{"taxonomy":"post_tag","embeddable":true,"href":"https:\/\/www.uv.mx\/prensa\/wp-json\/wp\/v2\/tags?post=16329"}],"curies":[{"name":"wp","href":"https:\/\/api.w.org\/{rel}","templated":true}]}}