{"id":17053,"date":"2016-10-17T13:36:36","date_gmt":"2016-10-17T18:36:36","guid":{"rendered":"https:\/\/www.uv.mx\/prensa\/?p=17053"},"modified":"2016-10-17T13:36:36","modified_gmt":"2016-10-17T18:36:36","slug":"humanistas-reflexionaron-sobre-los-retos-educativos-en-iberoamerica","status":"publish","type":"post","link":"https:\/\/www.uv.mx\/prensa\/regiones\/humanistas-reflexionaron-sobre-los-retos-educativos-en-iberoamerica\/","title":{"rendered":"Humanistas reflexionaron sobre los retos educativos en Iberoam\u00e9rica"},"content":{"rendered":"<p>&nbsp;<\/p>\n<div id=\"attachment_17054\" style=\"width: 732px\" class=\"wp-caption aligncenter\"><a href=\"https:\/\/www.uv.mx\/prensa\/files\/2016\/10\/En-ok-141.jpg\"><img aria-describedby=\"caption-attachment-17054\" decoding=\"async\" loading=\"lazy\" class=\"size-full wp-image-17054\" src=\"https:\/\/www.uv.mx\/prensa\/files\/2016\/10\/En-ok-141.jpg\" alt=\"Especialistas de la educaci\u00f3n se congregaron en el Encuentro Iberoamericano\" width=\"722\" height=\"541\" srcset=\"https:\/\/www.uv.mx\/prensa\/files\/2016\/10\/En-ok-141.jpg 722w, https:\/\/www.uv.mx\/prensa\/files\/2016\/10\/En-ok-141-300x225.jpg 300w\" sizes=\"(max-width: 722px) 100vw, 722px\" \/><\/a><p id=\"caption-attachment-17054\" class=\"wp-caption-text\">Especialistas de la educaci\u00f3n se congregaron en el Encuentro Iberoamericano<\/p><\/div>\n<p>&nbsp;<\/p>\n<p><strong><em>Alma Mart\u00ednez y Shuguey Enr\u00edquez<\/em><\/strong><\/p>\n<p>&nbsp;<\/p>\n<p><strong><em>Boca del R\u00edo, Ver.\u00a0<\/em><\/strong>\u00a0<strong><em>17\/10\/2016.-<\/em><\/strong><em>\u00a0<\/em>La Universidad Veracruzana (UV) fue sede, del 11 al 14 de octubre, del XI Encuentro Iberoamericano de Educaci\u00f3n \u201cRetos y perspectivas de la educaci\u00f3n en Iberoam\u00e9rica\u201d, que por primera vez se realiz\u00f3 en M\u00e9xico y que congreg\u00f3 a expertos de pa\u00edses como Espa\u00f1a, Colombia, Argentina, Chile, Per\u00fa, Brasil, Portugal y Costa Rica, por mencionar algunos.<\/p>\n<p>Especialistas en el \u00e1rea educativa reflexionaron sobre los retos de la educaci\u00f3n, as\u00ed como las estrategias para afrontarlos y la incorporaci\u00f3n de las nuevas tecnolog\u00edas.<\/p>\n<p>El Encuentro Iberoamericano de Educaci\u00f3n naci\u00f3 con el objetivo de establecer v\u00ednculos de colaboraci\u00f3n entre la Universidad de Alcal\u00e1 de Henares (UAH), Espa\u00f1a, y la Universidad Estatal Paulista (<em>Unesp<\/em>), de Brasil. Con los a\u00f1os se han sumado m\u00e1s instituciones, dando lugar a un espacio donde el conocimiento es compartido.<\/p>\n<p>En el inicio de los trabajos, la rectora de la UV, Sara Ladr\u00f3n de Guevara, a trav\u00e9s de un video envi\u00f3 un saludo a los asistentes y mencion\u00f3: \u201cLa educaci\u00f3n superior es una de las herramienta clave para el desarrollo de nuestras sociedades en condiciones de justicia e igualdad, de dignidad y equidad, de respeto y tolerancia\u201d.<\/p>\n<p>Asimismo, celebr\u00f3 que este encuentro facilite \u201cofrecer a nuestras juventudes una educaci\u00f3n superior de calidad y a nuestras sociedades, profesionales capaces, responsables y comprometidos con ellas y con sus mejores causas\u201d.<\/p>\n<p>Jos\u00e9 Luis Mart\u00ednez Su\u00e1rez, director general del \u00c1rea Acad\u00e9mica de Humanidades, explic\u00f3 la importancia que \u00e9stas tienen en un mundo mecanizado; afirm\u00f3 que \u201chacen falta para formar mejores seres humanos\u201d, adem\u00e1s de que propician la reflexi\u00f3n innovadora acerca de los retos que tienen los educadores, y puntualiz\u00f3 el papel de la educaci\u00f3n para lograr este objetivo.<\/p>\n<p>El consejero de la Embajada Espa\u00f1ola en M\u00e9xico, Enrique Cort\u00e9s de Abajo, aplaudi\u00f3 este evento que permite la democratizaci\u00f3n del saber, establece compromisos institucionales y facilita el incremento de la movilidad estudiantil, as\u00ed como la producci\u00f3n cient\u00edfica acad\u00e9mica.<\/p>\n<p>&nbsp;<\/p>\n<div id=\"attachment_17055\" style=\"width: 732px\" class=\"wp-caption aligncenter\"><a href=\"https:\/\/www.uv.mx\/prensa\/files\/2016\/10\/Enccacion-2-ok-14.jpg\"><img aria-describedby=\"caption-attachment-17055\" decoding=\"async\" loading=\"lazy\" class=\"size-full wp-image-17055\" src=\"https:\/\/www.uv.mx\/prensa\/files\/2016\/10\/Enccacion-2-ok-14.jpg\" alt=\"Jos\u00e9 Antonio Hernanz dict\u00f3 la conferencia inaugural\" width=\"722\" height=\"332\" srcset=\"https:\/\/www.uv.mx\/prensa\/files\/2016\/10\/Enccacion-2-ok-14.jpg 722w, https:\/\/www.uv.mx\/prensa\/files\/2016\/10\/Enccacion-2-ok-14-300x138.jpg 300w\" sizes=\"(max-width: 722px) 100vw, 722px\" \/><\/a><p id=\"caption-attachment-17055\" class=\"wp-caption-text\">Jos\u00e9 Antonio Hernanz dict\u00f3 la conferencia inaugural<\/p><\/div>\n<p>&nbsp;<\/p>\n<p>Por \u00faltimo, el vicerrector de la regi\u00f3n Veracruz, Alfonso P\u00e9rez Morales, anim\u00f3 a los asistentes para no s\u00f3lo compartir el conocimiento y dise\u00f1ar estrategias innovadoras, sino disfrutar de Veracruz.<\/p>\n<p>El encuentro tambi\u00e9n cont\u00f3 con la asistencia de personalidades como Mario Martin Bris, representante del Rector de la UAH; Jos\u00e9 Luis Bizelli, representante del Rector de la <em>Unesp<\/em>, y Lorena Araujo Silva, secretaria de Educaci\u00f3n Superior de Ecuador.<\/p>\n<p>Por parte de la UV, el director de Desarrollo Acad\u00e9mico e Innovaci\u00f3n Educativa, Jos\u00e9 Antonio Hernanz; la directora de la Facultad de Pedagog\u00eda, Mar\u00eda Cristina Miranda \u00c1lvarez, y el secretario Acad\u00e9mico regional, Carlos Lamothe Zavaleta.<\/p>\n<p>En la conferencia inaugural, Jos\u00e9 Antonio Hernanz puntualiz\u00f3 que la realidad actual exige repensar a la educaci\u00f3n y adecuarse a los tiempos.<\/p>\n<p>Indic\u00f3 que factores como la movilidad, la innovaci\u00f3n tecnol\u00f3gica, la inclusi\u00f3n humanista en todas las \u00e1reas, as\u00ed como los aspectos sociales por los que atraviesa cada sociedad, son determinantes para el educador al momento de incidir en el proceso de ense\u00f1anza-aprendizaje. Adem\u00e1s, afirm\u00f3, es tarea de todos ellos establecer un m\u00e1ximo educativo que eleve los est\u00e1ndares de calidad.<\/p>\n","protected":false},"excerpt":{"rendered":"<p><strong><em>Alma Mart\u00ednez y Shuguey Enr\u00edquez.-<\/em><\/strong>La Universidad Veracruzana (UV) fue sede, del 11 al 14 de octubre, del XI Encuentro Iberoamericano de Educaci\u00f3n \u201cRetos y perspectivas de la educaci\u00f3n en Iberoam\u00e9rica\u201d, que por primera vez se realiz\u00f3 en M\u00e9xico y que congreg\u00f3 a expertos de pa\u00edses como Espa\u00f1a, Colombia, Argentina, Chile, Per\u00fa, Brasil, Portugal y Costa Rica, por mencionar algunos.<\/p>\n","protected":false},"author":1810,"featured_media":17056,"comment_status":"closed","ping_status":"closed","sticky":false,"template":"","format":"standard","meta":[],"categories":[32],"tags":[33],"_links":{"self":[{"href":"https:\/\/www.uv.mx\/prensa\/wp-json\/wp\/v2\/posts\/17053"}],"collection":[{"href":"https:\/\/www.uv.mx\/prensa\/wp-json\/wp\/v2\/posts"}],"about":[{"href":"https:\/\/www.uv.mx\/prensa\/wp-json\/wp\/v2\/types\/post"}],"author":[{"embeddable":true,"href":"https:\/\/www.uv.mx\/prensa\/wp-json\/wp\/v2\/users\/1810"}],"replies":[{"embeddable":true,"href":"https:\/\/www.uv.mx\/prensa\/wp-json\/wp\/v2\/comments?post=17053"}],"version-history":[{"count":0,"href":"https:\/\/www.uv.mx\/prensa\/wp-json\/wp\/v2\/posts\/17053\/revisions"}],"wp:featuredmedia":[{"embeddable":true,"href":"https:\/\/www.uv.mx\/prensa\/wp-json\/wp\/v2\/media\/17056"}],"wp:attachment":[{"href":"https:\/\/www.uv.mx\/prensa\/wp-json\/wp\/v2\/media?parent=17053"}],"wp:term":[{"taxonomy":"category","embeddable":true,"href":"https:\/\/www.uv.mx\/prensa\/wp-json\/wp\/v2\/categories?post=17053"},{"taxonomy":"post_tag","embeddable":true,"href":"https:\/\/www.uv.mx\/prensa\/wp-json\/wp\/v2\/tags?post=17053"}],"curies":[{"name":"wp","href":"https:\/\/api.w.org\/{rel}","templated":true}]}}