{"id":17278,"date":"2016-10-19T14:23:58","date_gmt":"2016-10-19T19:23:58","guid":{"rendered":"https:\/\/www.uv.mx\/prensa\/?p=17278"},"modified":"2016-10-19T14:30:57","modified_gmt":"2016-10-19T19:30:57","slug":"sobrepeso-y-obesidad-asociados-al-desarrollo-del-cancer-de-mama","status":"publish","type":"post","link":"https:\/\/www.uv.mx\/prensa\/general\/sobrepeso-y-obesidad-asociados-al-desarrollo-del-cancer-de-mama\/","title":{"rendered":"Sobrepeso y obesidad, asociados al desarrollo del c\u00e1ncer de mama"},"content":{"rendered":"<ul>\n<li><em>Investigadoras del ISP de la UV encontraron tambi\u00e9n que el uso de fertilizantes y pesticidas favorece este padecimiento en mujeres del campo<\/em><\/li>\n<li><em>Se inici\u00f3 estudio para conocer causas por las que estudiantes universitarias no practican la autoexploraci\u00f3n mamaria<\/em><\/li>\n<\/ul>\n<p>&nbsp;<\/p>\n<div id=\"attachment_17280\" style=\"width: 732px\" class=\"wp-caption aligncenter\"><a href=\"https:\/\/www.uv.mx\/prensa\/files\/2016\/10\/1-ok-19.jpg\"><img aria-describedby=\"caption-attachment-17280\" decoding=\"async\" loading=\"lazy\" class=\"size-full wp-image-17280\" src=\"https:\/\/www.uv.mx\/prensa\/files\/2016\/10\/1-ok-19.jpg\" alt=\"Las especialistas destacaron que no detectar el padecimiento de forma temprana disminuye la probabilidad de supervivencia \" width=\"722\" height=\"482\" srcset=\"https:\/\/www.uv.mx\/prensa\/files\/2016\/10\/1-ok-19.jpg 722w, https:\/\/www.uv.mx\/prensa\/files\/2016\/10\/1-ok-19-300x200.jpg 300w\" sizes=\"(max-width: 722px) 100vw, 722px\" \/><\/a><p id=\"caption-attachment-17280\" class=\"wp-caption-text\">Las especialistas destacaron que no detectar el padecimiento de forma temprana disminuye la probabilidad de supervivencia<\/p><\/div>\n<p>&nbsp;<\/p>\n<p><strong><em>Jos\u00e9 Luis Couttolenc Soto<\/em><\/strong><\/p>\n<p><em>\u00a0<\/em><\/p>\n<p><strong><em>Xalapa, Ver. 19\/10\/2016.-<\/em><\/strong><em>\u00a0<\/em>Investigadoras del Instituto de Salud P\u00fablica (ISP) de la Universidad Veracruzana (UV) llevaron a cabo un estudio denominado \u201cCasos y controles\u201d, el cual fue aplicado a un grupo de pacientes femeninas del Centro Estatal de Cancerolog\u00eda (<em>Cecan<\/em>) \u201cDr. Miguel Dorantes Mesa\u201d, en el que encontraron que algunos factores de riesgo que favorecen el desarrollo de c\u00e1ncer de mama est\u00e1n relacionados con el sobrepeso, la obesidad y el uso de algunas sustancias t\u00f3xicas que se emplean para la limpieza.<\/p>\n<p>Mar\u00eda Teresa \u00c1lvarez Ba\u00f1uelos, integrante del ISP, se\u00f1al\u00f3 que esta enfermedad fue tema de tesis de una de sus alumnas, pues durante los trabajos de investigaci\u00f3n vieron la contribuci\u00f3n de los factores de riesgo y pudieron focalizar que entre \u00e9stos se encuentran los antecedentes familiares, el medio ambiente como tal y la manera en que influyen y contribuyen para el desarrollo del c\u00e1ncer de mama.<\/p>\n<p>&nbsp;<\/p>\n<div id=\"attachment_17286\" style=\"width: 732px\" class=\"wp-caption aligncenter\"><a href=\"https:\/\/www.uv.mx\/prensa\/files\/2016\/10\/2-ok-19.jpg\"><img aria-describedby=\"caption-attachment-17286\" decoding=\"async\" loading=\"lazy\" class=\"size-full wp-image-17286\" src=\"https:\/\/www.uv.mx\/prensa\/files\/2016\/10\/2-ok-19.jpg\" alt=\"Mar\u00eda Teresa \u00c1lvarez Ba\u00f1uelos, investigadora del ISP de la UV\" width=\"722\" height=\"1082\" srcset=\"https:\/\/www.uv.mx\/prensa\/files\/2016\/10\/2-ok-19.jpg 722w, https:\/\/www.uv.mx\/prensa\/files\/2016\/10\/2-ok-19-200x300.jpg 200w, https:\/\/www.uv.mx\/prensa\/files\/2016\/10\/2-ok-19-683x1024.jpg 683w\" sizes=\"(max-width: 722px) 100vw, 722px\" \/><\/a><p id=\"caption-attachment-17286\" class=\"wp-caption-text\">Mar\u00eda Teresa \u00c1lvarez Ba\u00f1uelos, investigadora del ISP de la UV<\/p><\/div>\n<p>La especialista, quien tiene Doctorado en Biolog\u00eda, indic\u00f3 que el factor medio ambiente engloba factores reproductivos, de comportamiento y estilos de vida en general; en el de comportamiento, dijo, se incluye el consumo de alcohol y tabaco; en los estilos de vida, se encontr\u00f3 asociaci\u00f3n con el sobrepeso y obesidad, colesterol elevado y triglic\u00e9ridos altos, lo que conlleva a una disfunci\u00f3n metab\u00f3lica.<\/p>\n<p>Precis\u00f3 que el grupo en estudio \u2013la mayor\u00eda amas de casa con un nivel socioecon\u00f3mico medio bajo, expuestas a diferentes tipos de actividades\u2013 registr\u00f3 en un promedio del 15 al 25 por ciento que el c\u00e1ncer es un problema hereditario con una agregaci\u00f3n familiar de primera a segunda generaci\u00f3n, lo que conlleva a presentarlo a edades m\u00e1s tempranas.<\/p>\n<p>\u201cHicimos un estudio de supervivencia que nos arroj\u00f3 que en un 63 por ciento es de cinco a\u00f1os, muy bajo con respecto a los pa\u00edses en desarrollo, y esto se traduce en que se est\u00e1n diagnosticando en etapas avanzadas, lo que dificulta su tratamiento y el \u00e9xito de \u00e9ste. Es necesaria la sensibilizaci\u00f3n entre las mujeres para hacerse la prueba de la autoexploraci\u00f3n\u201d, dijo la acad\u00e9mica.<\/p>\n<p>Subray\u00f3 que como los estudios no se hacen de manera temprana, la supervivencia es baja, pues cuando el padecimiento se detecta el tumor ya se puede palpar, lo cual disminuye la efectividad del tratamiento.<\/p>\n<p>Por \u00faltimo, \u00c1lvarez Ba\u00f1uelos apunt\u00f3 enf\u00e1ticamente que todo lo anterior constituye hallazgos que no se pueden considerar como una conclusi\u00f3n del estudio, sino como factores de riesgo dado que el c\u00e1ncer es multicausal, y el c\u00e1ncer de mama se puede registrar tambi\u00e9n en hombres, aunque en un menor porcentaje.<\/p>\n<p>&nbsp;<\/p>\n<p><strong>Estudiantes universitarias no practican la autoexploraci\u00f3n<\/strong><\/p>\n<p>&nbsp;<\/p>\n<p>Claudia Guti\u00e9rrez Sida, doctora en Psicolog\u00eda que cursa el segundo a\u00f1o de su estancia posdoctoral en el ISP, dio a conocer que se inici\u00f3 un trabajo para conocer las creencias que llevan a muchas estudiantes universitarias a no practicarse la autoexploraci\u00f3n mamaria.<\/p>\n<p>&nbsp;<\/p>\n<div id=\"attachment_17287\" style=\"width: 732px\" class=\"wp-caption aligncenter\"><a href=\"https:\/\/www.uv.mx\/prensa\/files\/2016\/10\/3-lpoi.jpg\"><img aria-describedby=\"caption-attachment-17287\" decoding=\"async\" loading=\"lazy\" class=\"size-full wp-image-17287\" src=\"https:\/\/www.uv.mx\/prensa\/files\/2016\/10\/3-lpoi.jpg\" alt=\"Claudia Guti\u00e9rrez Sida realiza una estancia posdoctoral en el ISP\" width=\"722\" height=\"1082\" srcset=\"https:\/\/www.uv.mx\/prensa\/files\/2016\/10\/3-lpoi.jpg 722w, https:\/\/www.uv.mx\/prensa\/files\/2016\/10\/3-lpoi-200x300.jpg 200w, https:\/\/www.uv.mx\/prensa\/files\/2016\/10\/3-lpoi-683x1024.jpg 683w\" sizes=\"(max-width: 722px) 100vw, 722px\" \/><\/a><p id=\"caption-attachment-17287\" class=\"wp-caption-text\">Claudia Guti\u00e9rrez Sida realiza una estancia posdoctoral en el ISP<\/p><\/div>\n<p>&nbsp;<\/p>\n<p>Expres\u00f3 que muchas de las estudiantes no lo hacen posiblemente por el desconocimiento de los riesgos que trae esta enfermedad, o quiz\u00e1 por situaciones de creencias que les inculcan desde el seno familiar, por ello se eligi\u00f3 como tema de una tesis de maestr\u00eda la promoci\u00f3n de la prevenci\u00f3n del c\u00e1ncer de mama a trav\u00e9s de la autoexploraci\u00f3n mamaria.<\/p>\n<p>Conocer esta situaci\u00f3n, dijo Guti\u00e9rrez Sida, puede dar la oportunidad de desarrollar programas adecuados para ayudar a las j\u00f3venes que se pudieran enfrentar a este problema de salud.<\/p>\n<p>Precis\u00f3 que el estudio se aplic\u00f3 en un plan piloto en la regi\u00f3n Xalapa y los primeros resultados los estiman tener a finales de noviembre pr\u00f3ximo, no descart\u00f3 que en fecha posterior pudiera ampliarse a las dem\u00e1s regiones universitarias.<\/p>\n<p>\u201cMi experiencia cl\u00ednica de m\u00e1s de 20 a\u00f1os me llev\u00f3 a iniciar este programa, porque nos hemos encontrado que el c\u00e1ncer de mama es una de las principales causas de muerte en las mujeres, y la segunda causa de enfermedad oncol\u00f3gica, adem\u00e1s va en aumento porque no es privativo de un determinado sector de la poblaci\u00f3n, ya que se puede presentar en diferentes condiciones socioecon\u00f3micas o culturales.\u201d<\/p>\n<p>&nbsp;<\/p>\n","protected":false},"excerpt":{"rendered":"<p><strong><em>Jos\u00e9 Luis Couttolenc.-<\/em><\/strong>Investigadoras del Instituto de Salud P\u00fablica (ISP) de la Universidad Veracruzana (UV) llevaron a cabo un estudio denominado \u201cCasos y controles\u201d, el cual fue aplicado a un grupo de pacientes femeninas del Centro Estatal de Cancerolog\u00eda (Cecan) \u201cDr. Miguel Dorantes Mesa\u201d, en el que encontraron que algunos factores de riesgo que favorecen el desarrollo de c\u00e1ncer de mama est\u00e1n relacionados con el sobrepeso, la obesidad y el uso de algunas sustancias t\u00f3xicas que se emplean para la limpieza.<\/p>\n","protected":false},"author":1810,"featured_media":17291,"comment_status":"closed","ping_status":"closed","sticky":false,"template":"","format":"standard","meta":[],"categories":[1],"tags":[2],"_links":{"self":[{"href":"https:\/\/www.uv.mx\/prensa\/wp-json\/wp\/v2\/posts\/17278"}],"collection":[{"href":"https:\/\/www.uv.mx\/prensa\/wp-json\/wp\/v2\/posts"}],"about":[{"href":"https:\/\/www.uv.mx\/prensa\/wp-json\/wp\/v2\/types\/post"}],"author":[{"embeddable":true,"href":"https:\/\/www.uv.mx\/prensa\/wp-json\/wp\/v2\/users\/1810"}],"replies":[{"embeddable":true,"href":"https:\/\/www.uv.mx\/prensa\/wp-json\/wp\/v2\/comments?post=17278"}],"version-history":[{"count":0,"href":"https:\/\/www.uv.mx\/prensa\/wp-json\/wp\/v2\/posts\/17278\/revisions"}],"wp:featuredmedia":[{"embeddable":true,"href":"https:\/\/www.uv.mx\/prensa\/wp-json\/wp\/v2\/media\/17291"}],"wp:attachment":[{"href":"https:\/\/www.uv.mx\/prensa\/wp-json\/wp\/v2\/media?parent=17278"}],"wp:term":[{"taxonomy":"category","embeddable":true,"href":"https:\/\/www.uv.mx\/prensa\/wp-json\/wp\/v2\/categories?post=17278"},{"taxonomy":"post_tag","embeddable":true,"href":"https:\/\/www.uv.mx\/prensa\/wp-json\/wp\/v2\/tags?post=17278"}],"curies":[{"name":"wp","href":"https:\/\/api.w.org\/{rel}","templated":true}]}}