{"id":17766,"date":"2016-10-27T14:23:13","date_gmt":"2016-10-27T19:23:13","guid":{"rendered":"https:\/\/www.uv.mx\/prensa\/?p=17766"},"modified":"2016-10-27T14:23:13","modified_gmt":"2016-10-27T19:23:13","slug":"sistemas-computacionales-deben-servir-al-usuario-academico","status":"publish","type":"post","link":"https:\/\/www.uv.mx\/prensa\/general\/sistemas-computacionales-deben-servir-al-usuario-academico\/","title":{"rendered":"Sistemas computacionales deben servir al usuario: acad\u00e9mico"},"content":{"rendered":"<p>&nbsp;<\/p>\n<ul>\n<li><em>Alumnos participaron en el V Foro de Divulgaci\u00f3n Cient\u00edfica en Ciencias de la Computaci\u00f3n, que se lleva a cabo del 26 al 28 de octubre en la Facultad de Estad\u00edstica e Inform\u00e1tica<\/em><\/li>\n<li><em>El evento es organizado por el Doctorado en Ciencias de la Computaci\u00f3n y la Maestr\u00eda en Sistemas Interactivos Centrados en el Usuario<\/em><\/li>\n<\/ul>\n<p>&nbsp;<\/p>\n<div id=\"attachment_17768\" style=\"width: 732px\" class=\"wp-caption aligncenter\"><a href=\"https:\/\/www.uv.mx\/prensa\/files\/2016\/10\/n-1-ok-l.jpg\"><img aria-describedby=\"caption-attachment-17768\" decoding=\"async\" loading=\"lazy\" class=\"size-full wp-image-17768\" src=\"https:\/\/www.uv.mx\/prensa\/files\/2016\/10\/n-1-ok-l.jpg\" alt=\"Acad\u00e9micos y profesores participaron en el V Foro de Divulgaci\u00f3n Cient\u00edfica en Ciencias de la Computaci\u00f3n\" width=\"722\" height=\"481\" srcset=\"https:\/\/www.uv.mx\/prensa\/files\/2016\/10\/n-1-ok-l.jpg 722w, https:\/\/www.uv.mx\/prensa\/files\/2016\/10\/n-1-ok-l-300x200.jpg 300w\" sizes=\"(max-width: 722px) 100vw, 722px\" \/><\/a><p id=\"caption-attachment-17768\" class=\"wp-caption-text\">Acad\u00e9micos y profesores participaron en el V Foro de Divulgaci\u00f3n Cient\u00edfica en Ciencias de la Computaci\u00f3n<\/p><\/div>\n<p>&nbsp;<\/p>\n<p><strong><em>Claudia Peralta V\u00e1zquez<\/em><\/strong><\/p>\n<p>&nbsp;<\/p>\n<p><strong><em>Xalapa, Ver. 27\/10\/2016.-<\/em><\/strong><em>\u00a0<\/em>Edgard Iv\u00e1n Ben\u00edtez Guerrero, coordinador del Doctorado Interinstitucional en Ciencias de la Computaci\u00f3n (DICC) de la Universidad Veracruzana (UV), expuso que los programas educativos (PE) relacionados con las tecnolog\u00edas de la computaci\u00f3n e inform\u00e1tica est\u00e1n enfocados a hacer que los sistemas le sirvan al usuario y no que el usuario le sirva al sistema.<\/p>\n<p>En la inauguraci\u00f3n del V Foro de Divulgaci\u00f3n Cient\u00edfica en Ciencias de la Computaci\u00f3n, realizada el 26 de octubre en la Facultad de Estad\u00edstica e Inform\u00e1tica (FEI), expres\u00f3 que continuamente se busca la manera de asegurar que los sistemas computacionales sean m\u00e1s amigables, interactivos e inteligentes, que apoyen al usuario a realizar sus actividades y se logre un cierto nivel de satisfacci\u00f3n.<\/p>\n<p>Con relaci\u00f3n al desarrollo de este evento, organizado por el DICC, la Maestr\u00eda en Sistemas Interactivos Centrados en el Usuario (MSICU) y el Cuerpo Acad\u00e9mico (CA) Tecnolog\u00eda Computacional y Educativa, destac\u00f3 que el objetivo es que los estudiantes expongan sus proyectos y se divulguen investigaciones enfocadas en las ciencias de la computaci\u00f3n.<\/p>\n<p>&nbsp;<\/p>\n<div id=\"attachment_17769\" style=\"width: 732px\" class=\"wp-caption aligncenter\"><a href=\"https:\/\/www.uv.mx\/prensa\/files\/2016\/10\/n-2-27777.jpg\"><img aria-describedby=\"caption-attachment-17769\" decoding=\"async\" loading=\"lazy\" class=\"size-full wp-image-17769\" src=\"https:\/\/www.uv.mx\/prensa\/files\/2016\/10\/n-2-27777.jpg\" alt=\"En el evento se mostraron avances de investigaciones, foros e impartici\u00f3n de talleres\" width=\"722\" height=\"482\" srcset=\"https:\/\/www.uv.mx\/prensa\/files\/2016\/10\/n-2-27777.jpg 722w, https:\/\/www.uv.mx\/prensa\/files\/2016\/10\/n-2-27777-300x200.jpg 300w\" sizes=\"(max-width: 722px) 100vw, 722px\" \/><\/a><p id=\"caption-attachment-17769\" class=\"wp-caption-text\">En el evento se mostraron avances de investigaciones, foros e impartici\u00f3n de talleres<\/p><\/div>\n<p>&nbsp;<\/p>\n<p>\u201cLa idea es proveer un espacio de discusi\u00f3n sobre las tem\u00e1ticas que se trabajan en ambos PE de posgrado y repercuta en los alumnos de licenciatura, a fin de que en un futuro consideren estas \u00e1reas dentro de su campo de formaci\u00f3n.\u201d<\/p>\n<p>Tambi\u00e9n se espera generar una retroalimentaci\u00f3n de los profesores y p\u00fablico en general, y les sirva para avanzar en sus trabajos.<\/p>\n<p>El investigador dijo que la organizaci\u00f3n de los cuatro foros anteriores ha servido para hacer mejoras y hacerlo cada vez m\u00e1s interesante, a partir de la invitaci\u00f3n a conferencistas externos y concursos de carteles.<\/p>\n<p>Asegur\u00f3 que en esta ocasi\u00f3n se invit\u00f3 a alumnos de quinto semestre de la Licenciatura en Tecnolog\u00edas Computacionales y del curso en Interacci\u00f3n Humano-Computadora, para la elaboraci\u00f3n y exposici\u00f3n de carteles.<\/p>\n<p>Adem\u00e1s de la exposici\u00f3n de avances de investigaciones, la realizaci\u00f3n de foros e impartici\u00f3n de talleres, hubo conferencias magistrales a cargo de: Alberto Ram\u00edrez Martinell, profesor investigador y coordinador de la Maestr\u00eda en Educaci\u00f3n Virtual de la UV; Alma Delia Cuevas Rasgado, coordinadora de la Maestr\u00eda en Ciencias de la Computaci\u00f3n de la Universidad Aut\u00f3noma del Estado de M\u00e9xico.<\/p>\n<p>Tambi\u00e9n intervino: Sergio Gabriel Aguilar Valtierra, coordinador de Invenciones y Servicios de Informaci\u00f3n Tecnol\u00f3gica del Instituto Mexicano de la Propiedad Industrial (IMPI), y Carlos Alfredo Salazar Guevara, I+D Manager Online Services.<\/p>\n<p>&nbsp;<\/p>\n<div id=\"attachment_17770\" style=\"width: 732px\" class=\"wp-caption aligncenter\"><a href=\"https:\/\/www.uv.mx\/prensa\/files\/2016\/10\/F-n-3-27-km.jpg\"><img aria-describedby=\"caption-attachment-17770\" decoding=\"async\" loading=\"lazy\" class=\"size-full wp-image-17770\" src=\"https:\/\/www.uv.mx\/prensa\/files\/2016\/10\/F-n-3-27-km.jpg\" alt=\"Edgard Iv\u00e1n Ben\u00edtez Guerrero, coordinador del Doctorado Interinstitucional en Ciencias de la Computaci\u00f3n de la UV\" width=\"722\" height=\"482\" srcset=\"https:\/\/www.uv.mx\/prensa\/files\/2016\/10\/F-n-3-27-km.jpg 722w, https:\/\/www.uv.mx\/prensa\/files\/2016\/10\/F-n-3-27-km-300x200.jpg 300w\" sizes=\"(max-width: 722px) 100vw, 722px\" \/><\/a><p id=\"caption-attachment-17770\" class=\"wp-caption-text\">Edgard Iv\u00e1n Ben\u00edtez Guerrero, coordinador del Doctorado Interinstitucional en Ciencias de la Computaci\u00f3n de la UV<\/p><\/div>\n<p>&nbsp;<\/p>\n<p>Con relaci\u00f3n al DICC, coment\u00f3 que se encuentra inscrito en el Programa Nacional de Posgrados de Calidad (PNPC) del Consejo Nacional de Ciencia y Tecnolog\u00eda (<em>Conacyt<\/em>). De 2012 a la fecha han egresado dos generaciones de alumnos, quienes realizan estancias nacionales en la Universidad Aut\u00f3noma de Aguascalientes (UAA) y en la Universidad Ju\u00e1rez Aut\u00f3noma de Tabasco (UJAT).<\/p>\n<p>Asimismo, en el Laboratorio Nacional de Inform\u00e1tica Avanzada con sede en la ciudad de Monterrey, y en el Centro de Investigaci\u00f3n Cient\u00edfica y de Educaci\u00f3n Superior de Ensenada, Baja California (CICESE), as\u00ed como en el Departamento de Computaci\u00f3n de la Universidad de Chile.<\/p>\n<p>En la inauguraci\u00f3n del foro destac\u00f3 la presencia de Dolores Vargas Cerd\u00e1n, secretaria acad\u00e9mica de la FEI; Rafael Rojano C\u00e1ceres, coordinador del CA Tecnolog\u00eda Computacional y Educativa; Karen Cort\u00e9s Verd\u00edn, jefa de carrera de Ingenier\u00eda de <em>Software<\/em>, y Mar\u00eda del Carmen Mezura Godoy, coordinadora de la MSICU.<\/p>\n<p>&nbsp;<\/p>\n","protected":false},"excerpt":{"rendered":"<p><strong><em>Claudia Peralta.-<\/em><\/strong>Edgard Iv\u00e1n Ben\u00edtez Guerrero, coordinador del Doctorado Interinstitucional en Ciencias de la Computaci\u00f3n (DICC) de la Universidad Veracruzana (UV), expuso que los programas educativos (PE) relacionados con las tecnolog\u00edas de la computaci\u00f3n e inform\u00e1tica est\u00e1n enfocados a hacer que los sistemas le sirvan al usuario y no que el usuario le sirva al sistema.<\/p>\n","protected":false},"author":1810,"featured_media":17767,"comment_status":"closed","ping_status":"closed","sticky":false,"template":"","format":"standard","meta":[],"categories":[1],"tags":[2],"_links":{"self":[{"href":"https:\/\/www.uv.mx\/prensa\/wp-json\/wp\/v2\/posts\/17766"}],"collection":[{"href":"https:\/\/www.uv.mx\/prensa\/wp-json\/wp\/v2\/posts"}],"about":[{"href":"https:\/\/www.uv.mx\/prensa\/wp-json\/wp\/v2\/types\/post"}],"author":[{"embeddable":true,"href":"https:\/\/www.uv.mx\/prensa\/wp-json\/wp\/v2\/users\/1810"}],"replies":[{"embeddable":true,"href":"https:\/\/www.uv.mx\/prensa\/wp-json\/wp\/v2\/comments?post=17766"}],"version-history":[{"count":0,"href":"https:\/\/www.uv.mx\/prensa\/wp-json\/wp\/v2\/posts\/17766\/revisions"}],"wp:featuredmedia":[{"embeddable":true,"href":"https:\/\/www.uv.mx\/prensa\/wp-json\/wp\/v2\/media\/17767"}],"wp:attachment":[{"href":"https:\/\/www.uv.mx\/prensa\/wp-json\/wp\/v2\/media?parent=17766"}],"wp:term":[{"taxonomy":"category","embeddable":true,"href":"https:\/\/www.uv.mx\/prensa\/wp-json\/wp\/v2\/categories?post=17766"},{"taxonomy":"post_tag","embeddable":true,"href":"https:\/\/www.uv.mx\/prensa\/wp-json\/wp\/v2\/tags?post=17766"}],"curies":[{"name":"wp","href":"https:\/\/api.w.org\/{rel}","templated":true}]}}