{"id":18373,"date":"2016-11-13T07:03:27","date_gmt":"2016-11-13T13:03:27","guid":{"rendered":"https:\/\/www.uv.mx\/prensa\/?p=18373"},"modified":"2016-11-11T15:24:06","modified_gmt":"2016-11-11T21:24:06","slug":"fime-realizo-foro-de-divulgacion-cientifica-y-tecnologica","status":"publish","type":"post","link":"https:\/\/www.uv.mx\/prensa\/general\/fime-realizo-foro-de-divulgacion-cientifica-y-tecnologica\/","title":{"rendered":"FIME realiz\u00f3 Foro de Divulgaci\u00f3n Cient\u00edfica y Tecnol\u00f3gica"},"content":{"rendered":"<ul>\n<li><em>Ilustra la vinculaci\u00f3n desde las aulas hacia la estructura social<\/em><\/li>\n<li><em>Jos\u00e9 Luis P\u00e9rez Chac\u00f3n, director de Fortalecimiento Acad\u00e9mico de la UV, particip\u00f3 en la<\/em> <em>inauguraci\u00f3n<\/em><\/li>\n<\/ul>\n<p>&nbsp;<\/p>\n<div id=\"attachment_18376\" style=\"width: 732px\" class=\"wp-caption aligncenter\"><a href=\"https:\/\/www.uv.mx\/prensa\/files\/2016\/11\/Foro-Nacional-de-Div-154Cientifica-1-olk.jpg\"><img aria-describedby=\"caption-attachment-18376\" decoding=\"async\" loading=\"lazy\" class=\"size-full wp-image-18376\" src=\"https:\/\/www.uv.mx\/prensa\/files\/2016\/11\/Foro-Nacional-de-Div-154Cientifica-1-olk.jpg\" alt=\"El VI Foro Nacional de Divulgaci\u00f3n Cient\u00edfica y Tecnol\u00f3gica 2016 se desarroll\u00f3 del 9 al 11 de noviembre\" width=\"722\" height=\"482\" srcset=\"https:\/\/www.uv.mx\/prensa\/files\/2016\/11\/Foro-Nacional-de-Div-154Cientifica-1-olk.jpg 722w, https:\/\/www.uv.mx\/prensa\/files\/2016\/11\/Foro-Nacional-de-Div-154Cientifica-1-olk-300x200.jpg 300w\" sizes=\"(max-width: 722px) 100vw, 722px\" \/><\/a><p id=\"caption-attachment-18376\" class=\"wp-caption-text\">El VI Foro Nacional de Divulgaci\u00f3n Cient\u00edfica y Tecnol\u00f3gica 2016 se desarroll\u00f3 del 9 al 11 de noviembre<\/p><\/div>\n<p>&nbsp;<\/p>\n<p><strong><em>Jorge V\u00e1zquez Pacheco<\/em><\/strong><\/p>\n<p>&nbsp;<\/p>\n<p><strong><em>Xalapa, Ver. 13\/11\/2016.-<\/em><\/strong> En la inauguraci\u00f3n del VI Foro Nacional de Divulgaci\u00f3n Cient\u00edfica y Tecnol\u00f3gica 2016 \u201cInnovando para la sociedad\u201d, Jos\u00e9 Luis P\u00e9rez Chac\u00f3n, director de Fortalecimiento Acad\u00e9mico de la Universidad Veracruzana (UV), cit\u00f3 al bi\u00f3logo chileno Humberto Maturana al comentar que la transformaci\u00f3n se da en la convivencia y a\u00f1adi\u00f3 que la educaci\u00f3n en las aulas trata de transmitir y compartir el saber, con la vinculaci\u00f3n hacia la sociedad en este ir y venir con el conocimiento.<\/p>\n<p>El evento tuvo lugar en el auditorio de la Facultad de Ingenier\u00eda Mec\u00e1nica y El\u00e9ctrica (FIME) y cont\u00f3 con la presencia de Irma Liliana Dom\u00ednguez Ca\u00f1edo, directora de la Facultad de Ciencias Qu\u00edmicas; Eduardo Guti\u00e9rrez Mor\u00edn, de la Direcci\u00f3n General de Vinculaci\u00f3n, y Jorge Alberto V\u00e9lez Enr\u00edquez, director de la FIME.<\/p>\n<p>P\u00e9rez Chac\u00f3n indic\u00f3 que \u201cla parte est\u00e1 en el todo y el todo est\u00e1 en la parte\u201d, al citar a Edgar Morin, de modo que \u201clo que aqu\u00ed surja impacta indudablemente a la sociedad y a la propia Universidad\u201d. Asimismo dese\u00f3 la firme cimentaci\u00f3n del cambio paradigm\u00e1tico que hoy se da en la FIME.<\/p>\n<p>&nbsp;<\/p>\n<div id=\"attachment_18377\" style=\"width: 732px\" class=\"wp-caption aligncenter\"><a href=\"https:\/\/www.uv.mx\/prensa\/files\/2016\/11\/ntifica-2-14-de-n.jpg\"><img aria-describedby=\"caption-attachment-18377\" decoding=\"async\" loading=\"lazy\" class=\"size-full wp-image-18377\" src=\"https:\/\/www.uv.mx\/prensa\/files\/2016\/11\/ntifica-2-14-de-n.jpg\" alt=\"El conferencista Rom\u00e1n Mu\u00f1oz Nieto\" width=\"722\" height=\"694\" srcset=\"https:\/\/www.uv.mx\/prensa\/files\/2016\/11\/ntifica-2-14-de-n.jpg 722w, https:\/\/www.uv.mx\/prensa\/files\/2016\/11\/ntifica-2-14-de-n-300x288.jpg 300w\" sizes=\"(max-width: 722px) 100vw, 722px\" \/><\/a><p id=\"caption-attachment-18377\" class=\"wp-caption-text\">El conferencista Rom\u00e1n Mu\u00f1oz Nieto<\/p><\/div>\n<p>&nbsp;<\/p>\n<p>En la primera exposici\u00f3n, Rom\u00e1n Mu\u00f1oz Nieto, ingeniero qu\u00edmico egresado de la UV regi\u00f3n Veracruz, present\u00f3 una pormenorizaci\u00f3n de los trabajos realizados para una empresa que, a su vez, realiza trabajos para Petr\u00f3leos Mexicanos (<em>Pemex<\/em>) en Tabasco, misma que requer\u00eda de una adecuada reestructura interna para eficientar su funcionamiento, algo imprescindible en la sustancial mejora de la prestaci\u00f3n de sus servicios.<\/p>\n<p>Mu\u00f1oz Nieto estableci\u00f3 que para el logro de esos objetivos, un equipo encabezado por \u00e9l mismo utiliz\u00f3 como metodolog\u00eda las ense\u00f1anzas de Clotaire Rapaille y su c\u00f3digo cultural, Michael de Certau con su manejo de masas, los ideales de Malinowski con respecto de la interculturalidad y postmodernidad, Gramsci con el empleo de la concertaci\u00f3n como base para el logro de un cambio elemental, as\u00ed como de Umberto Eco en el manejo de la semi\u00f3tica como instrumento comunicador; Bourdieu en el manejo del poder para control de masas, as\u00ed como la teor\u00eda de la comunicaci\u00f3n de Lorena Eliana D\u00edaz Castro, entre otros elementos de conocimiento aplicables a la innovaci\u00f3n profesional que apunta hacia la sociedad.<\/p>\n<p>Las actividades del foro se desarrollaron del 9 al 11 de noviembre, con talleres durante el primer d\u00eda y una serie de ponencias en las fechas posteriores.<\/p>\n","protected":false},"excerpt":{"rendered":"<p><strong><em>Jorge V\u00e1zquez.-<\/em><\/strong>En la inauguraci\u00f3n del VI Foro Nacional de Divulgaci\u00f3n Cient\u00edfica y Tecnol\u00f3gica 2016 \u201cInnovando para la sociedad\u201d, Jos\u00e9 Luis P\u00e9rez Chac\u00f3n, director de Fortalecimiento Acad\u00e9mico de la Universidad Veracruzana (UV), cit\u00f3 al bi\u00f3logo chileno Humberto Maturana al comentar que la transformaci\u00f3n se da en la convivencia y a\u00f1adi\u00f3 que la educaci\u00f3n en las aulas trata de transmitir y compartir el saber, con la vinculaci\u00f3n hacia la sociedad en este ir y venir con el conocimiento.En la inauguraci\u00f3n del VI Foro Nacional de Divulgaci\u00f3n Cient\u00edfica y Tecnol\u00f3gica 2016 \u201cInnovando para la sociedad\u201d, Jos\u00e9 Luis P\u00e9rez Chac\u00f3n, director de Fortalecimiento Acad\u00e9mico de la Universidad Veracruzana (UV), cit\u00f3 al bi\u00f3logo chileno Humberto Maturana al comentar que la transformaci\u00f3n se da en la convivencia y a\u00f1adi\u00f3 que la educaci\u00f3n en las aulas trata de transmitir y compartir el saber, con la vinculaci\u00f3n hacia la sociedad en este ir y venir con el conocimiento.<\/p>\n","protected":false},"author":1810,"featured_media":18375,"comment_status":"closed","ping_status":"closed","sticky":false,"template":"","format":"standard","meta":[],"categories":[1],"tags":[3],"_links":{"self":[{"href":"https:\/\/www.uv.mx\/prensa\/wp-json\/wp\/v2\/posts\/18373"}],"collection":[{"href":"https:\/\/www.uv.mx\/prensa\/wp-json\/wp\/v2\/posts"}],"about":[{"href":"https:\/\/www.uv.mx\/prensa\/wp-json\/wp\/v2\/types\/post"}],"author":[{"embeddable":true,"href":"https:\/\/www.uv.mx\/prensa\/wp-json\/wp\/v2\/users\/1810"}],"replies":[{"embeddable":true,"href":"https:\/\/www.uv.mx\/prensa\/wp-json\/wp\/v2\/comments?post=18373"}],"version-history":[{"count":0,"href":"https:\/\/www.uv.mx\/prensa\/wp-json\/wp\/v2\/posts\/18373\/revisions"}],"wp:featuredmedia":[{"embeddable":true,"href":"https:\/\/www.uv.mx\/prensa\/wp-json\/wp\/v2\/media\/18375"}],"wp:attachment":[{"href":"https:\/\/www.uv.mx\/prensa\/wp-json\/wp\/v2\/media?parent=18373"}],"wp:term":[{"taxonomy":"category","embeddable":true,"href":"https:\/\/www.uv.mx\/prensa\/wp-json\/wp\/v2\/categories?post=18373"},{"taxonomy":"post_tag","embeddable":true,"href":"https:\/\/www.uv.mx\/prensa\/wp-json\/wp\/v2\/tags?post=18373"}],"curies":[{"name":"wp","href":"https:\/\/api.w.org\/{rel}","templated":true}]}}