{"id":18398,"date":"2016-11-14T14:25:56","date_gmt":"2016-11-14T20:25:56","guid":{"rendered":"https:\/\/www.uv.mx\/prensa\/?p=18398"},"modified":"2016-11-14T15:20:07","modified_gmt":"2016-11-14T21:20:07","slug":"contaduria-realizo-foro-universitario-de-prevencion-de-riesgos","status":"publish","type":"post","link":"https:\/\/www.uv.mx\/prensa\/regiones\/contaduria-realizo-foro-universitario-de-prevencion-de-riesgos\/","title":{"rendered":"Contadur\u00eda realiz\u00f3 Foro Universitario de Prevenci\u00f3n de Riesgos"},"content":{"rendered":"<div id=\"attachment_18399\" style=\"width: 732px\" class=\"wp-caption aligncenter\"><a href=\"https:\/\/www.uv.mx\/prensa\/files\/2016\/11\/141116.-Contaduria-1-ok.jpg\"><img aria-describedby=\"caption-attachment-18399\" decoding=\"async\" loading=\"lazy\" class=\"size-full wp-image-18399\" src=\"https:\/\/www.uv.mx\/prensa\/files\/2016\/11\/141116.-Contaduria-1-ok.jpg\" alt=\"Alumnos de la Facultad de Contadur\u00eda en Tuxpan\" width=\"722\" height=\"963\" srcset=\"https:\/\/www.uv.mx\/prensa\/files\/2016\/11\/141116.-Contaduria-1-ok.jpg 722w, https:\/\/www.uv.mx\/prensa\/files\/2016\/11\/141116.-Contaduria-1-ok-225x300.jpg 225w\" sizes=\"(max-width: 722px) 100vw, 722px\" \/><\/a><p id=\"caption-attachment-18399\" class=\"wp-caption-text\">Alumnos de la Facultad de Contadur\u00eda en Tuxpan<\/p><\/div>\n<p>&nbsp;<\/p>\n<p><strong><em>Alma Celia San Mart\u00edn<\/em><\/strong><\/p>\n<p>&nbsp;<\/p>\n<p><strong><em>Tuxpan, Ver., 14\/11\/2016.-<\/em><\/strong> La Facultad de Contadur\u00eda de la Universidad Veracruzana (UV), <em>campus<\/em> Tuxpan, llev\u00f3 a cabo el Foro Universitario de Prevenci\u00f3n de Riesgos \u201cLa juventud merece una mejor esperanza de vida\u201d, como parte de la vinculaci\u00f3n entre esta casa de estudio y los sectores productivos, p\u00fablicos y privados.<\/p>\n<p>El foro se realiz\u00f3 el 9 de noviembre y tuvo como objetivo que los estudiantes conocieran y comprendieran las caracter\u00edsticas, as\u00ed como las causas y consecuencias de conductas autodestructivas y fen\u00f3menos de violencia, con la intenci\u00f3n de que desarrollen estrategias de prevenci\u00f3n-atenci\u00f3n desde su contexto para que enfrenten esta realidad que se presenta en el entorno social y acad\u00e9mico.<\/p>\n<p>Edalid \u00c1lvarez Vel\u00e1zquez, directora de la Facultad, se\u00f1al\u00f3 que esta actividad promueve el desarrollo integral de los alumnos, a trav\u00e9s del enfoque humano, social, intelectual y profesional, es por ello que durante la trayectoria escolar se ofrece a toda la comunidad universitaria una educaci\u00f3n pertinente y de calidad, en un contexto globalizado que requiere la sociedad actual, en donde el estudiante y futuro profesionista participa en los diferentes programas universitarios como la Gesti\u00f3n Integral del Riesgo, transparencia y legalidad, igualdad de g\u00e9nero, inclusi\u00f3n e integraci\u00f3n de personas con discapacidad, etc\u00e9tera, vinculando a la comunidad universitaria con la sociedad y los sectores productivos p\u00fablico y privado.<\/p>\n<p>Agreg\u00f3 que el desarrollo integral de los universitarios es parte de actividades previstas en el Programa de Trabajo Estrat\u00e9gico 2013-2017, que apunta a profesionistas informados, competitivos y de calidad, por ello es importante otorgarles todas las herramientas necesarias que permitan llevar un ejercicio profesional estable y una vida sana.<\/p>\n<div id=\"attachment_18400\" style=\"width: 732px\" class=\"wp-caption aligncenter\"><a href=\"https:\/\/www.uv.mx\/prensa\/files\/2016\/11\/141116.-Contaduria-2-ok.jpg\"><img aria-describedby=\"caption-attachment-18400\" decoding=\"async\" loading=\"lazy\" class=\"size-full wp-image-18400\" src=\"https:\/\/www.uv.mx\/prensa\/files\/2016\/11\/141116.-Contaduria-2-ok.jpg\" alt=\"Estudiantes de la Facultad de Contadur\u00eda participaron en el Foro Universitario de Prevenci\u00f3n de Riesgos\" width=\"722\" height=\"1282\" srcset=\"https:\/\/www.uv.mx\/prensa\/files\/2016\/11\/141116.-Contaduria-2-ok.jpg 722w, https:\/\/www.uv.mx\/prensa\/files\/2016\/11\/141116.-Contaduria-2-ok-169x300.jpg 169w, https:\/\/www.uv.mx\/prensa\/files\/2016\/11\/141116.-Contaduria-2-ok-577x1024.jpg 577w\" sizes=\"(max-width: 722px) 100vw, 722px\" \/><\/a><p id=\"caption-attachment-18400\" class=\"wp-caption-text\">Estudiantes de la Facultad de Contadur\u00eda participaron en el Foro Universitario de Prevenci\u00f3n de Riesgos<\/p><\/div>\n<p>El objetivo del foro fue transmitir a los universitarios informaci\u00f3n relativa a temas de derechos humanos, prevenci\u00f3n del delito, sexualidad y adicciones, que les permitan reflexionar sobre su actuar en el cuidado de su integridad y salud.<\/p>\n<p>Las actividades se realizaron en conocido hotel de la ciudad, donde los estudiantes tuvieron oportunidad de externar sus dudas sobre los temas abordados por los especialistas.<\/p>\n","protected":false},"excerpt":{"rendered":"<p><strong><em> Alma  Celia San Mart\u00edn.-<\/em><\/strong> Tuxpan, Ver., 11\/11\/2016.- La Facultad de Contadur\u00eda de la Universidad Veracruzana (UV), campus Tuxpan, llev\u00f3 a cabo el Foro Universitario de Prevenci\u00f3n de Riesgos \u201cLa juventud merece una mejor esperanza de vida\u201d, como parte de la vinculaci\u00f3n entre esta casa de estudio y los sectores productivos, p\u00fablicos y privados.<\/p>\n","protected":false},"author":1809,"featured_media":18401,"comment_status":"closed","ping_status":"closed","sticky":false,"template":"","format":"standard","meta":[],"categories":[32],"tags":[33],"_links":{"self":[{"href":"https:\/\/www.uv.mx\/prensa\/wp-json\/wp\/v2\/posts\/18398"}],"collection":[{"href":"https:\/\/www.uv.mx\/prensa\/wp-json\/wp\/v2\/posts"}],"about":[{"href":"https:\/\/www.uv.mx\/prensa\/wp-json\/wp\/v2\/types\/post"}],"author":[{"embeddable":true,"href":"https:\/\/www.uv.mx\/prensa\/wp-json\/wp\/v2\/users\/1809"}],"replies":[{"embeddable":true,"href":"https:\/\/www.uv.mx\/prensa\/wp-json\/wp\/v2\/comments?post=18398"}],"version-history":[{"count":0,"href":"https:\/\/www.uv.mx\/prensa\/wp-json\/wp\/v2\/posts\/18398\/revisions"}],"wp:featuredmedia":[{"embeddable":true,"href":"https:\/\/www.uv.mx\/prensa\/wp-json\/wp\/v2\/media\/18401"}],"wp:attachment":[{"href":"https:\/\/www.uv.mx\/prensa\/wp-json\/wp\/v2\/media?parent=18398"}],"wp:term":[{"taxonomy":"category","embeddable":true,"href":"https:\/\/www.uv.mx\/prensa\/wp-json\/wp\/v2\/categories?post=18398"},{"taxonomy":"post_tag","embeddable":true,"href":"https:\/\/www.uv.mx\/prensa\/wp-json\/wp\/v2\/tags?post=18398"}],"curies":[{"name":"wp","href":"https:\/\/api.w.org\/{rel}","templated":true}]}}