{"id":18815,"date":"2016-11-22T11:23:40","date_gmt":"2016-11-22T17:23:40","guid":{"rendered":"https:\/\/www.uv.mx\/prensa\/?p=18815"},"modified":"2016-11-22T11:28:54","modified_gmt":"2016-11-22T17:28:54","slug":"veterinaria-oriento-sobre-el-cuidado-correcto-de-mascotas","status":"publish","type":"post","link":"https:\/\/www.uv.mx\/prensa\/regiones\/veterinaria-oriento-sobre-el-cuidado-correcto-de-mascotas\/","title":{"rendered":"Veterinaria orient\u00f3 sobre el cuidado correcto de mascotas"},"content":{"rendered":"<p>&nbsp;<\/p>\n<div id=\"attachment_18820\" style=\"width: 732px\" class=\"wp-caption aligncenter\"><a href=\"https:\/\/www.uv.mx\/prensa\/files\/2016\/11\/Co-1-okl.jpg\"><img aria-describedby=\"caption-attachment-18820\" decoding=\"async\" loading=\"lazy\" class=\"size-full wp-image-18820\" src=\"https:\/\/www.uv.mx\/prensa\/files\/2016\/11\/Co-1-okl.jpg\" alt=\"Estudiantes dieron informaci\u00f3n sobre las mascotas\" width=\"722\" height=\"541\" srcset=\"https:\/\/www.uv.mx\/prensa\/files\/2016\/11\/Co-1-okl.jpg 722w, https:\/\/www.uv.mx\/prensa\/files\/2016\/11\/Co-1-okl-300x225.jpg 300w\" sizes=\"(max-width: 722px) 100vw, 722px\" \/><\/a><p id=\"caption-attachment-18820\" class=\"wp-caption-text\">Estudiantes dieron informaci\u00f3n sobre las mascotas<\/p><\/div>\n<p>&nbsp;<\/p>\n<p><strong><em>Alma Mart\u00ednez Maldonado<\/em><\/strong><\/p>\n<p>&nbsp;<\/p>\n<p><strong><em>Boca del R\u00edo, Ver. 22\/11\/2016-<\/em><\/strong> La Facultad de Medicina Veterinaria y Zootecnia (FMVZ) de la Universidad Veracruzana (UV) realiz\u00f3 el evento \u201cConoce tu mascota\u201d, para informar a la ciudadan\u00eda sobre los cuidados que deben tener con los animales, las principales enfermedades que \u00e9stos pueden transmitir a los humanos y las que ellos adquieren cuando los propietarios los automedican o no los llevan al m\u00e9dico veterinario regularmente.<\/p>\n<p>Clementina Hern\u00e1ndez Cruz, acad\u00e9mica e integrante de la Comisi\u00f3n de Bio\u00e9tica y Bienestar Animal, subray\u00f3: \u201cEs importante que los due\u00f1os de mascotas entiendan que \u00e9stas deben ser revisadas por un especialista y que no se les debe dar ciertos alimentos que son da\u00f1inos para ellos, as\u00ed como medicamentos como el paracetamol o naproxeno, que los matan\u201d.<\/p>\n<p>Informaci\u00f3n sobre serpientes, iguanas, aves de ornato, peces, perros, gatos y hasta sobre la zarig\u00fceya fue proporcionada por estudiantes de seis experiencias educativas de la FMVZ.<\/p>\n<p>&nbsp;<\/p>\n<div id=\"attachment_18826\" style=\"width: 732px\" class=\"wp-caption aligncenter\"><a href=\"https:\/\/www.uv.mx\/prensa\/files\/2016\/11\/Cta-2-ok.jpg\"><img aria-describedby=\"caption-attachment-18826\" decoding=\"async\" loading=\"lazy\" class=\"size-full wp-image-18826\" src=\"https:\/\/www.uv.mx\/prensa\/files\/2016\/11\/Cta-2-ok.jpg\" alt=\"Se expusieron animales silvestres que hoy son considerados mascotas\" width=\"722\" height=\"541\" srcset=\"https:\/\/www.uv.mx\/prensa\/files\/2016\/11\/Cta-2-ok.jpg 722w, https:\/\/www.uv.mx\/prensa\/files\/2016\/11\/Cta-2-ok-300x225.jpg 300w\" sizes=\"(max-width: 722px) 100vw, 722px\" \/><\/a><p id=\"caption-attachment-18826\" class=\"wp-caption-text\">Se expusieron animales silvestres que hoy son considerados mascotas<\/p><\/div>\n<p>&nbsp;<\/p>\n<p>\u201cHoy en d\u00eda, la fauna silvestre ha tomado mucha importancia como mascota, ejemplo de ello son algunos tipos de serpientes, reptiles e iguanas, las cuales son dif\u00edciles de atender porque comen insectos vivos, de ah\u00ed la importancia de educar a la poblaci\u00f3n para que no adquiera una especie que no podr\u00e1 atender\u201d, enfatiz\u00f3 Hern\u00e1ndez Cruz.<\/p>\n<p>Adem\u00e1s en el evento se brindaron datos acerca de los ciclos reproductivos, cu\u00e1ndo esterilizar, desparasitar o vacunar a las mascotas, as\u00ed como las enfermedades que pueden afectarlos y la alimentaci\u00f3n correcta que deben tener.<\/p>\n<p>Tambi\u00e9n se present\u00f3 un ejemplo de adiestramiento canino, donde \u201cJordan\u201d, un border collie, que inclusive ha apoyado en terapias con ni\u00f1os, obedeci\u00f3 varias indicaciones del m\u00e9dico veterinario Pedro Paredes, quien ejemplific\u00f3 ante el p\u00fablico que un animal educado puede brindar grandes beneficios.<\/p>\n<p>&nbsp;<\/p>\n<p><strong>Los perros, las mascotas preferidas<\/strong><\/p>\n<p>El et\u00f3logo y acad\u00e9mico de la UV, Pedro Paredes Ramos, coment\u00f3 que es importante que la poblaci\u00f3n sepa que los animales son inteligentes, pueden recibir educaci\u00f3n y que la necesitan.<\/p>\n<p>Afirm\u00f3 que s\u00f3lo el 20 por ciento de la poblaci\u00f3n aporta una educaci\u00f3n canina a su mascota. \u201cSe practican habilidades con los perros y deportes caninos como guardia y protecci\u00f3n, detecci\u00f3n de olores, <em>frisbee<\/em>, agilidad, entre otros\u201d.<\/p>\n<p>A\u00f1adi\u00f3 que \u201cel 80 por ciento de los perros de casa no recibe ning\u00fan tipo de adiestramiento y eso es delicado porque representa una de las principales causas por las que los perros son abandonados o maltratados\u201d.<\/p>\n<p>&nbsp;<\/p>\n<p>&nbsp;<\/p>\n<div id=\"attachment_18830\" style=\"width: 732px\" class=\"wp-caption aligncenter\"><a href=\"https:\/\/www.uv.mx\/prensa\/files\/2016\/11\/pl-cota-3.jpg\"><img aria-describedby=\"caption-attachment-18830\" decoding=\"async\" loading=\"lazy\" class=\"size-full wp-image-18830\" src=\"https:\/\/www.uv.mx\/prensa\/files\/2016\/11\/pl-cota-3.jpg\" alt=\"\u201cJordan\u201d, ejemplo de un perro educado\" width=\"722\" height=\"542\" srcset=\"https:\/\/www.uv.mx\/prensa\/files\/2016\/11\/pl-cota-3.jpg 722w, https:\/\/www.uv.mx\/prensa\/files\/2016\/11\/pl-cota-3-300x225.jpg 300w\" sizes=\"(max-width: 722px) 100vw, 722px\" \/><\/a><p id=\"caption-attachment-18830\" class=\"wp-caption-text\">\u201cJordan\u201d, ejemplo de un perro educado<\/p><\/div>\n<p>El experto indic\u00f3 que un perro que est\u00e1 todo el tiempo en casa normalmente se vuelve destructor, empieza a defecar en donde no debe o presenta conductas indeseadas por las personas.<\/p>\n<p>\u201cCuriosamente cuando empieza a dar problemas es cuando m\u00e1s le prestan atenci\u00f3n, entonces el perro entiende que dando problemas atraer\u00e1 la atenci\u00f3n que demanda\u201d, afirm\u00f3.<\/p>\n<p>Actualmente, debido a algunos programas televisivos, ha aumentado el inter\u00e9s de las personas por educar a sus perros, pero todav\u00eda no se tiene la conciencia de que un animal requiere cuidado, educaci\u00f3n y entrenamiento.<\/p>\n<p>Paredes Ramos invit\u00f3 a los due\u00f1os de animales a observar a su mascota pues \u201ccada perro tiene una personalidad que es independiente de su raza\u201d y adecuar las actividades diarias a ella.<\/p>\n","protected":false},"excerpt":{"rendered":"<p><strong><em>Alma Mart\u00ednez .-<\/em><\/strong>La Facultad de Medicina Veterinaria y Zootecnia (FMVZ) de la Universidad Veracruzana (UV) realiz\u00f3 el evento \u201cConoce tu mascota\u201d, para informar a la ciudadan\u00eda sobre los cuidados que deben tener con los animales, las principales enfermedades que \u00e9stos pueden transmitir a los humanos y las que ellos adquieren cuando los propietarios los automedican o no los llevan al m\u00e9dico veterinario regularmente.<\/p>\n","protected":false},"author":1810,"featured_media":18819,"comment_status":"closed","ping_status":"closed","sticky":false,"template":"","format":"standard","meta":[],"categories":[32],"tags":[33],"_links":{"self":[{"href":"https:\/\/www.uv.mx\/prensa\/wp-json\/wp\/v2\/posts\/18815"}],"collection":[{"href":"https:\/\/www.uv.mx\/prensa\/wp-json\/wp\/v2\/posts"}],"about":[{"href":"https:\/\/www.uv.mx\/prensa\/wp-json\/wp\/v2\/types\/post"}],"author":[{"embeddable":true,"href":"https:\/\/www.uv.mx\/prensa\/wp-json\/wp\/v2\/users\/1810"}],"replies":[{"embeddable":true,"href":"https:\/\/www.uv.mx\/prensa\/wp-json\/wp\/v2\/comments?post=18815"}],"version-history":[{"count":0,"href":"https:\/\/www.uv.mx\/prensa\/wp-json\/wp\/v2\/posts\/18815\/revisions"}],"wp:featuredmedia":[{"embeddable":true,"href":"https:\/\/www.uv.mx\/prensa\/wp-json\/wp\/v2\/media\/18819"}],"wp:attachment":[{"href":"https:\/\/www.uv.mx\/prensa\/wp-json\/wp\/v2\/media?parent=18815"}],"wp:term":[{"taxonomy":"category","embeddable":true,"href":"https:\/\/www.uv.mx\/prensa\/wp-json\/wp\/v2\/categories?post=18815"},{"taxonomy":"post_tag","embeddable":true,"href":"https:\/\/www.uv.mx\/prensa\/wp-json\/wp\/v2\/tags?post=18815"}],"curies":[{"name":"wp","href":"https:\/\/api.w.org\/{rel}","templated":true}]}}