{"id":19330,"date":"2016-11-30T15:01:31","date_gmt":"2016-11-30T21:01:31","guid":{"rendered":"https:\/\/www.uv.mx\/prensa\/?p=19330"},"modified":"2016-11-30T15:01:31","modified_gmt":"2016-11-30T21:01:31","slug":"finalizo-primera-etapa-de-capacitacion-para-setsuv-en-radio-uv","status":"publish","type":"post","link":"https:\/\/www.uv.mx\/prensa\/general\/finalizo-primera-etapa-de-capacitacion-para-setsuv-en-radio-uv\/","title":{"rendered":"Finaliz\u00f3 primera etapa de capacitaci\u00f3n  para SETSUV en Radio UV"},"content":{"rendered":"<ul>\n<li><em>El titular de la SAF, Gerardo Garc\u00eda Ricardo, entreg\u00f3 constancias de participaci\u00f3n<\/em><\/li>\n<li><em>M\u00e1s de 900 trabajadores del sindicato han participado en el programa de capacitaci\u00f3n de la UV, en todas las regiones <\/em><\/li>\n<\/ul>\n<p>&nbsp;<\/p>\n<p>&nbsp;<\/p>\n<div id=\"attachment_19332\" style=\"width: 732px\" class=\"wp-caption aligncenter\"><a href=\"https:\/\/www.uv.mx\/prensa\/files\/2016\/11\/301116-Radio-UV-1_banner-y-destacada-okl.jpg\"><img aria-describedby=\"caption-attachment-19332\" decoding=\"async\" loading=\"lazy\" class=\"size-full wp-image-19332\" src=\"https:\/\/www.uv.mx\/prensa\/files\/2016\/11\/301116-Radio-UV-1_banner-y-destacada-okl.jpg\" alt=\"Concluy\u00f3 el primero de los cursos dirigidos al personal SETSUV de Radio UV\" width=\"722\" height=\"432\" srcset=\"https:\/\/www.uv.mx\/prensa\/files\/2016\/11\/301116-Radio-UV-1_banner-y-destacada-okl.jpg 722w, https:\/\/www.uv.mx\/prensa\/files\/2016\/11\/301116-Radio-UV-1_banner-y-destacada-okl-300x180.jpg 300w\" sizes=\"(max-width: 722px) 100vw, 722px\" \/><\/a><p id=\"caption-attachment-19332\" class=\"wp-caption-text\">Concluy\u00f3 el primero de los cursos dirigidos al personal SETSUV de Radio UV<\/p><\/div>\n<p>&nbsp;<\/p>\n<p><strong><em>Carlos Hermida, David Sandoval<\/em><\/strong><\/p>\n<p>&nbsp;<\/p>\n<p><strong><em>Xalapa, Ver., 30\/11\/2016.-<\/em><\/strong> El secretario de Administraci\u00f3n y Finanzas de la Universidad Veracruzana (UV), Gerardo Garc\u00eda Ricardo, clausur\u00f3 el primero de los cursos de capacitaci\u00f3n programados para el personal administrativo, t\u00e9cnico y manual del Departamento de Radio de esta casa de estudio (RadioUV).<\/p>\n<p>El martes 29 de noviembre los universitarios recibieron las constancias correspondientes al curso \u201cLa misi\u00f3n de la Universidad Veracruzana\u201d, promovido por el Departamento de Evaluaci\u00f3n y Desarrollo del Personal, en un evento encabezado por el titular de la Secretar\u00eda de Administraci\u00f3n y Finanzas; Ang\u00e9lica Ivonne Cisneros Luj\u00e1n, directora general de Recursos Humanos, y Raciel Mart\u00ednez G\u00f3mez, director general de Comunicaci\u00f3n Universitaria.<\/p>\n<p>&nbsp;<\/p>\n<div id=\"attachment_19333\" style=\"width: 732px\" class=\"wp-caption aligncenter\"><a href=\"https:\/\/www.uv.mx\/prensa\/files\/2016\/11\/301116-Radio-UV-2-okl-541.jpg\"><img aria-describedby=\"caption-attachment-19333\" decoding=\"async\" loading=\"lazy\" class=\"size-full wp-image-19333\" src=\"https:\/\/www.uv.mx\/prensa\/files\/2016\/11\/301116-Radio-UV-2-okl-541.jpg\" alt=\"La capacitaci\u00f3n se realiz\u00f3 en dos turnos y en la imagen aparecen los participantes del matutino con autoridades universitarias\" width=\"722\" height=\"431\" srcset=\"https:\/\/www.uv.mx\/prensa\/files\/2016\/11\/301116-Radio-UV-2-okl-541.jpg 722w, https:\/\/www.uv.mx\/prensa\/files\/2016\/11\/301116-Radio-UV-2-okl-541-300x179.jpg 300w\" sizes=\"(max-width: 722px) 100vw, 722px\" \/><\/a><p id=\"caption-attachment-19333\" class=\"wp-caption-text\">La capacitaci\u00f3n se realiz\u00f3 en dos turnos y en la imagen aparecen los participantes del matutino con autoridades universitarias<\/p><\/div>\n<p>&nbsp;<\/p>\n<p>Garc\u00eda Ricardo explic\u00f3 que \u201clo que haga cada uno de nosotros es importante; cada uno de nosotros somos una pieza clave del rompecabezas institucional\u201d.<\/p>\n<p>Por su parte, Cisneros Luj\u00e1n destac\u00f3 la nueva etapa que inicia el Departamento: \u201cEste curso tiene un gran significado tanto para el SETSUV como para la Universidad por todo lo que implica el proceso de modernizaci\u00f3n de Radio UV; estamos iniciando una nueva etapa con los trabajadores\u201d.<\/p>\n<p>El curso, al que asistieron 18 trabajadores administrativos, t\u00e9cnicos y manuales de Radio UV, se imparti\u00f3 en los turnos matutino y vespertino. Los participantes conocieron y comentaron la misi\u00f3n de la UV, sus alcances y sus perspectivas.<\/p>\n<p>&nbsp;<\/p>\n<div id=\"attachment_19336\" style=\"width: 732px\" class=\"wp-caption aligncenter\"><a href=\"https:\/\/www.uv.mx\/prensa\/files\/2016\/11\/301116-Radio-UV-3-ok-l.jpg\"><img aria-describedby=\"caption-attachment-19336\" decoding=\"async\" loading=\"lazy\" class=\"size-full wp-image-19336\" src=\"https:\/\/www.uv.mx\/prensa\/files\/2016\/11\/301116-Radio-UV-3-ok-l.jpg\" alt=\"Ana Bertha Mendoza recibi\u00f3 su constancia de participaci\u00f3n de manos del titular de la SAF y la Directora General de Recursos Humanos \" width=\"722\" height=\"542\" srcset=\"https:\/\/www.uv.mx\/prensa\/files\/2016\/11\/301116-Radio-UV-3-ok-l.jpg 722w, https:\/\/www.uv.mx\/prensa\/files\/2016\/11\/301116-Radio-UV-3-ok-l-300x225.jpg 300w\" sizes=\"(max-width: 722px) 100vw, 722px\" \/><\/a><p id=\"caption-attachment-19336\" class=\"wp-caption-text\">Ana Bertha Mendoza recibi\u00f3 su constancia de participaci\u00f3n de manos del titular de la SAF y la Directora General de Recursos Humanos<\/p><\/div>\n<p>&nbsp;<\/p>\n<p>Cisneros Luj\u00e1n agreg\u00f3 que se espera que a partir de esta capacitaci\u00f3n todos quienes hacen posible RadioUV renueven su compromiso con el tramo de responsabilidad y cargas de trabajo que a cada quien corresponden y se fortalezca la integraci\u00f3n de todo el personal, con miras a la modernizaci\u00f3n de la dependencia.<\/p>\n<p>Por su parte, Ana Bertha Mendoza, quien desde hace 10 a\u00f1os labora como suplente en el cargo de secretaria, comparti\u00f3 que es la primera ocasi\u00f3n que se imparte un curso de este tipo al personal de la dependencia, y destac\u00f3 que cursos como \u00e9ste mejoran la comunicaci\u00f3n entre todos los integrantes.<\/p>\n<p>\u201cOjal\u00e1 que este tipo de cursos lo pudieran recibir todos los compa\u00f1eros pues fue muy bueno y aqu\u00ed hay integrantes de dos sindicatos; en lo personal, ampli\u00f3 mis conocimientos y me sirve para una mejor comunicaci\u00f3n y trabajo en equipo\u201d, coment\u00f3.<\/p>\n<p>&nbsp;<\/p>\n<div id=\"attachment_19337\" style=\"width: 732px\" class=\"wp-caption aligncenter\"><a href=\"https:\/\/www.uv.mx\/prensa\/files\/2016\/11\/301116-Radio-UV-4-olkj.jpg\"><img aria-describedby=\"caption-attachment-19337\" decoding=\"async\" loading=\"lazy\" class=\"size-full wp-image-19337\" src=\"https:\/\/www.uv.mx\/prensa\/files\/2016\/11\/301116-Radio-UV-4-olkj.jpg\" alt=\"El Director General de Comunicaci\u00f3n Universitaria en la entrega de constancias del turno vespertino\" width=\"722\" height=\"482\" srcset=\"https:\/\/www.uv.mx\/prensa\/files\/2016\/11\/301116-Radio-UV-4-olkj.jpg 722w, https:\/\/www.uv.mx\/prensa\/files\/2016\/11\/301116-Radio-UV-4-olkj-300x200.jpg 300w\" sizes=\"(max-width: 722px) 100vw, 722px\" \/><\/a><p id=\"caption-attachment-19337\" class=\"wp-caption-text\">El Director General de Comunicaci\u00f3n Universitaria en la entrega de constancias del turno vespertino<\/p><\/div>\n<p>&nbsp;<\/p>\n<p>Jos\u00e9 Luis Reducindo Villalba, fonotecario de Radio UV, expres\u00f3 que para los trabajadores de esta instituci\u00f3n es gratificante que la Universidad les capacite y actualice sobre el plan de trabajo que se lleva a cabo dentro de ella, al momento que asegur\u00f3 que todos los cursos que deseen impartirles ser\u00e1n bien recibidos por ellos.<\/p>\n<p>El t\u00e9cnico radiof\u00f3nico manifest\u00f3 que los trabajadores universitarios son uno de los m\u00e1s valiosos recursos con los que cuenta esta instituci\u00f3n educativa, por lo que debe continuar gui\u00e1ndolos por caminos que les brinden crecimiento y desarrollo personal.<\/p>\n<p>En la entrega de reconocimientos tambi\u00e9n estuvieron Edgar Onofre Fern\u00e1ndez Serratos, director de Medios de Comunicaci\u00f3n, y Ernesto Collinot Aguilar, jefe de Departamento de Radio UV.<\/p>\n<p>&nbsp;<\/p>\n","protected":false},"excerpt":{"rendered":"<p><strong><em>Carlos Hermida, David Sandoval.-<\/em><\/strong>El secretario de Administraci\u00f3n y Finanzas de la Universidad Veracruzana (UV), Gerardo Garc\u00eda Ricardo, clausur\u00f3 el primero de los cursos de capacitaci\u00f3n programados para el personal administrativo, t\u00e9cnico y manual del Departamento de Radio de esta casa de estudio (RadioUV).<\/p>\n","protected":false},"author":1810,"featured_media":19331,"comment_status":"closed","ping_status":"closed","sticky":false,"template":"","format":"standard","meta":[],"categories":[1],"tags":[2],"_links":{"self":[{"href":"https:\/\/www.uv.mx\/prensa\/wp-json\/wp\/v2\/posts\/19330"}],"collection":[{"href":"https:\/\/www.uv.mx\/prensa\/wp-json\/wp\/v2\/posts"}],"about":[{"href":"https:\/\/www.uv.mx\/prensa\/wp-json\/wp\/v2\/types\/post"}],"author":[{"embeddable":true,"href":"https:\/\/www.uv.mx\/prensa\/wp-json\/wp\/v2\/users\/1810"}],"replies":[{"embeddable":true,"href":"https:\/\/www.uv.mx\/prensa\/wp-json\/wp\/v2\/comments?post=19330"}],"version-history":[{"count":0,"href":"https:\/\/www.uv.mx\/prensa\/wp-json\/wp\/v2\/posts\/19330\/revisions"}],"wp:featuredmedia":[{"embeddable":true,"href":"https:\/\/www.uv.mx\/prensa\/wp-json\/wp\/v2\/media\/19331"}],"wp:attachment":[{"href":"https:\/\/www.uv.mx\/prensa\/wp-json\/wp\/v2\/media?parent=19330"}],"wp:term":[{"taxonomy":"category","embeddable":true,"href":"https:\/\/www.uv.mx\/prensa\/wp-json\/wp\/v2\/categories?post=19330"},{"taxonomy":"post_tag","embeddable":true,"href":"https:\/\/www.uv.mx\/prensa\/wp-json\/wp\/v2\/tags?post=19330"}],"curies":[{"name":"wp","href":"https:\/\/api.w.org\/{rel}","templated":true}]}}