{"id":19483,"date":"2016-12-02T16:49:17","date_gmt":"2016-12-02T22:49:17","guid":{"rendered":"https:\/\/www.uv.mx\/prensa\/?p=19483"},"modified":"2016-12-05T09:00:47","modified_gmt":"2016-12-05T15:00:47","slug":"singh-ackerman-y-ordorika-se-pronuncian-por-garantizar-acceso-a-la-educacion","status":"publish","type":"post","link":"https:\/\/www.uv.mx\/prensa\/general\/singh-ackerman-y-ordorika-se-pronuncian-por-garantizar-acceso-a-la-educacion\/","title":{"rendered":"Singh, Ackerman y Ordorika se pronuncian por garantizar acceso a la educaci\u00f3n"},"content":{"rendered":"<p>&nbsp;<\/p>\n<ul>\n<li><em>En el 20 aniversario de la autonom\u00eda de la UV<\/em><\/li>\n<li><em>La autonom\u00eda de las instituciones retomar\u00e1 una gran relevancia para la acci\u00f3n de defensa de la educaci\u00f3n superior p\u00fablica<\/em><\/li>\n<\/ul>\n<div id=\"attachment_19481\" style=\"width: 1034px\" class=\"wp-caption aligncenter\"><a href=\"https:\/\/www.uv.mx\/prensa\/files\/2016\/12\/Aniversario-autonomia-1-portal.jpg\"><img aria-describedby=\"caption-attachment-19481\" decoding=\"async\" loading=\"lazy\" class=\"size-full wp-image-19481\" src=\"https:\/\/www.uv.mx\/prensa\/files\/2016\/12\/Aniversario-autonomia-1-portal.jpg\" alt=\"Sara Ladr\u00f3n de Guevara encabez\u00f3 el acto conmemorativo del Vig\u00e9simo Aniversario de la Autonom\u00eda Universitaria\" width=\"1024\" height=\"684\" srcset=\"https:\/\/www.uv.mx\/prensa\/files\/2016\/12\/Aniversario-autonomia-1-portal.jpg 1024w, https:\/\/www.uv.mx\/prensa\/files\/2016\/12\/Aniversario-autonomia-1-portal-300x200.jpg 300w, https:\/\/www.uv.mx\/prensa\/files\/2016\/12\/Aniversario-autonomia-1-portal-768x513.jpg 768w\" sizes=\"(max-width: 1024px) 100vw, 1024px\" \/><\/a><p id=\"caption-attachment-19481\" class=\"wp-caption-text\">Sara Ladr\u00f3n de Guevara encabez\u00f3 el acto conmemorativo del Vig\u00e9simo Aniversario de la Autonom\u00eda Universitaria<\/p><\/div>\n<p>&nbsp;<\/p>\n<p><strong><em>Claudia Peralta V\u00e1zquez y David Sandoval Rodr\u00edguez<\/em><\/strong><\/p>\n<p>&nbsp;<\/p>\n<p><strong><em>Xalapa, Ver. 02\/12\/2016.-<\/em><\/strong><em>\u00a0<\/em>Las universidades p\u00fablicas enfrentan a nivel mundial diversas presiones gubernamentales y corporativas por ello su comunidad debe reflexionar y manifestar una postura firme defendiendo el derecho a la educaci\u00f3n, coincidieron especialistas que participaron en la celebraci\u00f3n del vig\u00e9simo aniversario de la autonom\u00eda en la Universidad Veracruzana (UV).<\/p>\n<p>La Junta de Gobierno de la Universidad organiz\u00f3 en el auditorio \u201cAlfonso Medell\u00edn Zenil\u201d del Museo de Antropolog\u00eda de Xalapa (MAX) este debate para\u00a0conmemorar los 20 a\u00f1os\u00a0de la Autonom\u00eda en\u00a0presencia de autoridades universitarias, encabezadas por la rectora Sara Ladr\u00f3n de Guevara, as\u00ed como miembros en activos y ex integrantes de la Junta.<\/p>\n<p>Elena Rustri\u00e1n Portilla, presidenta de la Junta de Gobierno, enfatiz\u00f3 las presiones sobre la educaci\u00f3n, en particular la educaci\u00f3n superior y en espec\u00edfico, la universidad p\u00fablica: \u201cSon cada vez mayores, se imponen condiciones acad\u00e9micas para entregar recursos y determinar d\u00f3nde aplicarlos, un de por s\u00ed ya insuficiente subsidio estatal bajo los criterios de pertinencia y excelencia\u201d.<\/p>\n<p>Se\u00f1al\u00f3, adem\u00e1s, que existe un creciente n\u00famero de organismos suprauniversitarios que \u201cno son instancias de coordinaci\u00f3n sino instituciones que toman decisiones sobre las universidades al amparo de las leyes de educaci\u00f3n, de ciencia y tecnolog\u00eda, que al final resultan ser altamente injerencistas y poco eficaces para allegar de recursos a las instituciones\u00bb, puntualiz\u00f3.<\/p>\n<p>&nbsp;<\/p>\n<div id=\"attachment_19479\" style=\"width: 1034px\" class=\"wp-caption aligncenter\"><a href=\"https:\/\/www.uv.mx\/prensa\/files\/2016\/12\/Aniversario-autonomia-2-portal.jpg\"><img aria-describedby=\"caption-attachment-19479\" decoding=\"async\" loading=\"lazy\" class=\"size-full wp-image-19479\" src=\"https:\/\/www.uv.mx\/prensa\/files\/2016\/12\/Aniversario-autonomia-2-portal.jpg\" alt=\"Los panelistas llamaron a sumar a toda la comunidad universitaria a defender la autonom\u00eda \" width=\"1024\" height=\"684\" srcset=\"https:\/\/www.uv.mx\/prensa\/files\/2016\/12\/Aniversario-autonomia-2-portal.jpg 1024w, https:\/\/www.uv.mx\/prensa\/files\/2016\/12\/Aniversario-autonomia-2-portal-300x200.jpg 300w, https:\/\/www.uv.mx\/prensa\/files\/2016\/12\/Aniversario-autonomia-2-portal-768x513.jpg 768w\" sizes=\"(max-width: 1024px) 100vw, 1024px\" \/><\/a><p id=\"caption-attachment-19479\" class=\"wp-caption-text\">Los panelistas llamaron a sumar a toda la comunidad universitaria a defender la autonom\u00eda<\/p><\/div>\n<p>&nbsp;<\/p>\n<p>En seguida, Kishore Singh, relator especial de las Naciones Unidas sobre el derecho a la educaci\u00f3n hasta julio de 2016, habl\u00f3 sobre la importancia del aprendizaje a lo largo de la vida y el papel que las instituciones de educaci\u00f3n superior (IES) tienen en la impartici\u00f3n de una educaci\u00f3n de excelencia.<\/p>\n<p>Se\u00f1al\u00f3 que \u00e9stas no s\u00f3lo son lugares de aprendizaje, son espacios comunitarios de la intelectualidad y de manera aut\u00f3noma inciden en el desarrollo de las naciones.<\/p>\n<p>Empero, advirti\u00f3 que el problema que enfrentan todas las universidades a nivel mundial es su funci\u00f3n social, porque en varios pa\u00edses \u201cest\u00e1n siendo sujetas a intereses corporativos y privados, y al mismo tiempo su impacto ha decrecido porque su autonom\u00eda es puesta en duda, lo que las ha hecho responsables por s\u00ed mismas de la obtenci\u00f3n de recursos.<\/p>\n<p>\u201cDebemos tener en mente que la misi\u00f3n fundamental de las universidades es desarrollar la excelencia en el desempe\u00f1o profesional de sus egresados de una manera objetiva porque esto es la base del desarrollo de un pa\u00eds\u201d, recalc\u00f3.<\/p>\n<p>&nbsp;<\/p>\n<div id=\"attachment_19480\" style=\"width: 1034px\" class=\"wp-caption aligncenter\"><a href=\"https:\/\/www.uv.mx\/prensa\/files\/2016\/12\/Aniversario-autonomia-3-portal.jpg\"><img aria-describedby=\"caption-attachment-19480\" decoding=\"async\" loading=\"lazy\" class=\"size-full wp-image-19480\" src=\"https:\/\/www.uv.mx\/prensa\/files\/2016\/12\/Aniversario-autonomia-3-portal.jpg\" alt=\"Kishore Singh, relator especial de las Naciones Unidas, disert\u00f3 sobre el derecho a la educaci\u00f3n\" width=\"1024\" height=\"684\" srcset=\"https:\/\/www.uv.mx\/prensa\/files\/2016\/12\/Aniversario-autonomia-3-portal.jpg 1024w, https:\/\/www.uv.mx\/prensa\/files\/2016\/12\/Aniversario-autonomia-3-portal-300x200.jpg 300w, https:\/\/www.uv.mx\/prensa\/files\/2016\/12\/Aniversario-autonomia-3-portal-768x513.jpg 768w\" sizes=\"(max-width: 1024px) 100vw, 1024px\" \/><\/a><p id=\"caption-attachment-19480\" class=\"wp-caption-text\">Kishore Singh, relator especial de las Naciones Unidas, disert\u00f3 sobre el derecho a la educaci\u00f3n<\/p><\/div>\n<p>&nbsp;<\/p>\n<p>\u201cExisten fuerzas negativas de privatizaci\u00f3n a nivel global, por ello la educaci\u00f3n posee un inter\u00e9s social y p\u00fablico en su esencia, que est\u00e1 siendo minado, por ello las universidades tienen una gran responsabilidad: preservar su estatus\u201d, agreg\u00f3.<\/p>\n<p>Enseguida, John Ackerman, catedr\u00e1tico en la Facultad de Derecho de la Universidad Nacional Aut\u00f3noma de M\u00e9xico (UNAM), columnista en varios medios de informaci\u00f3n, y quien en 2013 recibi\u00f3 la c\u00e1tedra \u201cAlfonso Reyes\u201d de la Universidad de La Sorbona en Francia, solicit\u00f3 un minuto de silencio en memoria de todos los estudiantes veracruzanos y nacionales victimizados desde el 1 de diciembre de 2012.<\/p>\n<p>En su disertaci\u00f3n, record\u00f3 que M\u00e9xico resalta a nivel mundial por plasmar en su Constituci\u00f3n el derecho a la educaci\u00f3n, a diferencia de naciones como Estados Unidos y Francia, \u201cel Art\u00edculo Tercero sigue siendo en su esencia un ejemplo a nivel internacional y en 1917 a\u00fan m\u00e1s, fuimos los primeros que pusimos el derecho a la educaci\u00f3n\u201d, record\u00f3.<\/p>\n<p>En M\u00e9xico hay una tradici\u00f3n \u201clarga y poderosa que pocos pa\u00edses tienen de defensa de la educaci\u00f3n p\u00fablica, gratuita y laica, de las universidades aut\u00f3nomas, cr\u00edticas y humanistas\u201d, afirm\u00f3.<\/p>\n<p>&nbsp;<\/p>\n<div id=\"attachment_19477\" style=\"width: 1034px\" class=\"wp-caption aligncenter\"><a href=\"https:\/\/www.uv.mx\/prensa\/files\/2016\/12\/Aniversario-autonomia-4-portal.jpg\"><img aria-describedby=\"caption-attachment-19477\" decoding=\"async\" loading=\"lazy\" class=\"wp-image-19477 size-full\" src=\"https:\/\/www.uv.mx\/prensa\/files\/2016\/12\/Aniversario-autonomia-4-portal.jpg\" alt=\"aniversario-autonomia-4-portal\" width=\"1024\" height=\"684\" srcset=\"https:\/\/www.uv.mx\/prensa\/files\/2016\/12\/Aniversario-autonomia-4-portal.jpg 1024w, https:\/\/www.uv.mx\/prensa\/files\/2016\/12\/Aniversario-autonomia-4-portal-300x200.jpg 300w, https:\/\/www.uv.mx\/prensa\/files\/2016\/12\/Aniversario-autonomia-4-portal-768x513.jpg 768w\" sizes=\"(max-width: 1024px) 100vw, 1024px\" \/><\/a><p id=\"caption-attachment-19477\" class=\"wp-caption-text\">John Ackerman pidi\u00f3 fortalecer el legado hist\u00f3rico de la educaci\u00f3n p\u00fablica<\/p><\/div>\n<p>&nbsp;<\/p>\n<p>Ante los \u00edmpetus neoliberales y privatizadores que imperan a nivel nacional e internacional, se\u00f1al\u00f3: \u201cLo que nos toca hacer es defender nuestras tradiciones y nuestras instituciones y universidades en general, as\u00ed como la educaci\u00f3n p\u00fablica aut\u00f3noma\u201d.<\/p>\n<p>Ackerman opin\u00f3 que se debe recuperar la visi\u00f3n humanista y cr\u00edtica, en ese sentido, las universidades p\u00fablicas y aut\u00f3nomas \u201cson las joyas que tenemos para defender a la humanidad, son el centro de la resistencia y la esperanza; tenemos que congratularnos por nuestra tradici\u00f3n en la materia, que en Veracruz es destacada\u201d.<\/p>\n<p>&nbsp;<\/p>\n<p><strong>La universidad debe politizarse: Imanol Ordorika<\/strong><\/p>\n<p>La autonom\u00eda de las instituciones retomar\u00e1 una gran relevancia para la acci\u00f3n de defensa de la educaci\u00f3n superior p\u00fablica, pues no hay ning\u00fan compromiso que garantice la defensa de nuestras universidades, advirti\u00f3 Imanol Ordorika Sacrist\u00e1n, acad\u00e9mico del Instituto de Investigaciones Econ\u00f3micas de la Universidad Nacional Aut\u00f3noma de M\u00e9xico (UNAM).<\/p>\n<p>\u201cNo hay una relaci\u00f3n de autonom\u00eda fija entre gobierno y universidades, por lo que debemos estar alerta en los pr\u00f3ximos meses, ya que habr\u00e1 cambios que apuntan a crear condiciones dif\u00edciles y de limitaciones entre esta relaci\u00f3n\u201d.<\/p>\n<p>&nbsp;<\/p>\n<div id=\"attachment_19476\" style=\"width: 1034px\" class=\"wp-caption aligncenter\"><a href=\"https:\/\/www.uv.mx\/prensa\/files\/2016\/12\/Aniversario-autonomia-5-portal.jpg\"><img aria-describedby=\"caption-attachment-19476\" decoding=\"async\" loading=\"lazy\" class=\"size-full wp-image-19476\" src=\"https:\/\/www.uv.mx\/prensa\/files\/2016\/12\/Aniversario-autonomia-5-portal.jpg\" alt=\"Integrantes de la comunidad universitaria guardaron un minuto de silencio en honor a los estudiantes fallecidos en M\u00e9xico desde 2012\" width=\"1024\" height=\"684\" srcset=\"https:\/\/www.uv.mx\/prensa\/files\/2016\/12\/Aniversario-autonomia-5-portal.jpg 1024w, https:\/\/www.uv.mx\/prensa\/files\/2016\/12\/Aniversario-autonomia-5-portal-300x200.jpg 300w, https:\/\/www.uv.mx\/prensa\/files\/2016\/12\/Aniversario-autonomia-5-portal-768x513.jpg 768w\" sizes=\"(max-width: 1024px) 100vw, 1024px\" \/><\/a><p id=\"caption-attachment-19476\" class=\"wp-caption-text\">Integrantes de la comunidad universitaria guardaron un minuto de silencio en honor a los estudiantes fallecidos en M\u00e9xico desde 2012<\/p><\/div>\n<p>&nbsp;<\/p>\n<p>Tambi\u00e9n hizo un llamado a politizar a la universidad, lo cual no consiste en orientarla hacia los procesos electorales o hacerla af\u00edn a un partido pol\u00edtico, sino informar sobre todos los aspectos de la vida universitaria, de su interacci\u00f3n con lo que pasa afuera, incorporar a su participaci\u00f3n a estudiantes y profesores de manera colegiada y darle verdaderas funciones a los \u00f3rganos de representaci\u00f3n y reestructurarlos.<\/p>\n<p>As\u00ed tambi\u00e9n, consider\u00f3 necesario democratizar las formas de designaci\u00f3n de las autoridades, y dar un ejemplo desde la universidad de que la sociedad mexicana puede ser distinta.<\/p>\n<p>De lo contrario, dijo, esa realidad que parece ser m\u00e1s terrible, violenta, desigual, pobre y corrupta, permear\u00e1 con m\u00e1s fuerza a las universidades.<\/p>\n<p>\u201cAntes de que cambie a un punto en el cual seamos irreconocibles, cambiemos nosotros para construir un nuevo paradigma que nos permita pensar a la universidad desde otra l\u00f3gica, desde el interior de ella.\u201d<\/p>\n<p>&nbsp;<\/p>\n<div id=\"attachment_19475\" style=\"width: 694px\" class=\"wp-caption aligncenter\"><a href=\"https:\/\/www.uv.mx\/prensa\/files\/2016\/12\/Aniversario-autonomia-6-portal.jpg\"><img aria-describedby=\"caption-attachment-19475\" decoding=\"async\" loading=\"lazy\" class=\"size-full wp-image-19475\" src=\"https:\/\/www.uv.mx\/prensa\/files\/2016\/12\/Aniversario-autonomia-6-portal.jpg\" alt=\"Imanol Ordorika Sacrist\u00e1n destac\u00f3 que hay que pensar a la universidad desde su interior\" width=\"684\" height=\"1024\" srcset=\"https:\/\/www.uv.mx\/prensa\/files\/2016\/12\/Aniversario-autonomia-6-portal.jpg 684w, https:\/\/www.uv.mx\/prensa\/files\/2016\/12\/Aniversario-autonomia-6-portal-200x300.jpg 200w\" sizes=\"(max-width: 684px) 100vw, 684px\" \/><\/a><p id=\"caption-attachment-19475\" class=\"wp-caption-text\">Imanol Ordorika Sacrist\u00e1n destac\u00f3 que hay que pensar a la universidad desde su interior<\/p><\/div>\n<p>&nbsp;<\/p>\n<p>Durante su ponencia denominada \u201cAutonom\u00eda y pol\u00edtica en la educaci\u00f3n superior, el doctor en Ciencias Sociales en Educaci\u00f3n por la Universidad de Stanford, llam\u00f3 a defender a la universidad no por un mito hist\u00f3rico, sino por la profunda relaci\u00f3n que existe con las comunidades a las que impacta, entre sus problem\u00e1ticas y sus expectativas de futuro.<\/p>\n<p>Se\u00f1al\u00f3 que si la universidad tiene fuerza y capacidad de aglutinar no s\u00f3lo a su comunidad, sino a amplios sectores de la sociedad por su autoridad moral, por su incidencia en proyectos y problemas, entonces tendr\u00e1 m\u00e1s capacidad en el ejercicio de su autonom\u00eda y en su defensa frente a una condici\u00f3n adversa.<\/p>\n<p>Reconoci\u00f3 el esfuerzo de la rectora, Sara Ladr\u00f3n de Guevara, quien se ha encargado de hacer pol\u00edtica, de aglutinar fuerzas para incorporarse a la defensa de la educaci\u00f3n p\u00fablica y darle una dimensi\u00f3n federal: \u201cHaber dejado el conflicto entre la Veracruzana y el Gobierno del Estado en Veracruz, hubiera significado la destrucci\u00f3n de la universidad\u201d.<\/p>\n<p>A\u00f1adi\u00f3 que los integrantes de la Junta de Gobierno deben ser sensibles para romper con el paradigma hist\u00f3rico de erradicar la pol\u00edtica en la universidad; adem\u00e1s, critic\u00f3 que las decisiones de una instituci\u00f3n sean restringidas a un selecto grupo de amigos.<\/p>\n","protected":false},"excerpt":{"rendered":"<p><strong><em> Claudia Peralta V\u00e1zquez y David Sandoval Rodr\u00edguez.-<\/em><\/strong> Las universidades p\u00fablicas enfrentan a nivel mundial diversas presiones gubernamentales y corporativas por ello su comunidad debe reflexionar y manifestar una postura firme defendiendo el derecho a la educaci\u00f3n, coincidieron especialistas que participaron en la celebraci\u00f3n del vig\u00e9simo aniversario de la autonom\u00eda en la Universidad Veracruzana<\/p>\n","protected":false},"author":1508,"featured_media":19482,"comment_status":"closed","ping_status":"closed","sticky":false,"template":"","format":"standard","meta":[],"categories":[1],"tags":[2],"_links":{"self":[{"href":"https:\/\/www.uv.mx\/prensa\/wp-json\/wp\/v2\/posts\/19483"}],"collection":[{"href":"https:\/\/www.uv.mx\/prensa\/wp-json\/wp\/v2\/posts"}],"about":[{"href":"https:\/\/www.uv.mx\/prensa\/wp-json\/wp\/v2\/types\/post"}],"author":[{"embeddable":true,"href":"https:\/\/www.uv.mx\/prensa\/wp-json\/wp\/v2\/users\/1508"}],"replies":[{"embeddable":true,"href":"https:\/\/www.uv.mx\/prensa\/wp-json\/wp\/v2\/comments?post=19483"}],"version-history":[{"count":0,"href":"https:\/\/www.uv.mx\/prensa\/wp-json\/wp\/v2\/posts\/19483\/revisions"}],"wp:featuredmedia":[{"embeddable":true,"href":"https:\/\/www.uv.mx\/prensa\/wp-json\/wp\/v2\/media\/19482"}],"wp:attachment":[{"href":"https:\/\/www.uv.mx\/prensa\/wp-json\/wp\/v2\/media?parent=19483"}],"wp:term":[{"taxonomy":"category","embeddable":true,"href":"https:\/\/www.uv.mx\/prensa\/wp-json\/wp\/v2\/categories?post=19483"},{"taxonomy":"post_tag","embeddable":true,"href":"https:\/\/www.uv.mx\/prensa\/wp-json\/wp\/v2\/tags?post=19483"}],"curies":[{"name":"wp","href":"https:\/\/api.w.org\/{rel}","templated":true}]}}