{"id":19584,"date":"2016-12-06T14:02:53","date_gmt":"2016-12-06T20:02:53","guid":{"rendered":"https:\/\/www.uv.mx\/prensa\/?p=19584"},"modified":"2016-12-06T14:02:53","modified_gmt":"2016-12-06T20:02:53","slug":"el-quimico-clinico-debe-adecuarse-a-las-tecnologias","status":"publish","type":"post","link":"https:\/\/www.uv.mx\/prensa\/general\/el-quimico-clinico-debe-adecuarse-a-las-tecnologias\/","title":{"rendered":"El qu\u00edmico cl\u00ednico debe adecuarse a las tecnolog\u00edas"},"content":{"rendered":"<ul>\n<li><em>Facultad de Bioan\u00e1lisis de la UV realiz\u00f3 el Primer Foro Conmemorativo del D\u00eda del Qu\u00edmico 2016<\/em><\/li>\n<\/ul>\n<p>&nbsp;<\/p>\n<div id=\"attachment_19597\" style=\"width: 732px\" class=\"wp-caption aligncenter\"><a href=\"https:\/\/www.uv.mx\/prensa\/files\/2016\/12\/Foro-Dia-del-Quimico-1-olks.jpg\"><img aria-describedby=\"caption-attachment-19597\" decoding=\"async\" loading=\"lazy\" class=\"size-full wp-image-19597\" src=\"https:\/\/www.uv.mx\/prensa\/files\/2016\/12\/Foro-Dia-del-Quimico-1-olks.jpg\" alt=\"Los asistentes aprendieron sobre el \u00e1mbito laboral del qu\u00edmico cl\u00ednico en la actualidad\" width=\"722\" height=\"481\" srcset=\"https:\/\/www.uv.mx\/prensa\/files\/2016\/12\/Foro-Dia-del-Quimico-1-olks.jpg 722w, https:\/\/www.uv.mx\/prensa\/files\/2016\/12\/Foro-Dia-del-Quimico-1-olks-300x200.jpg 300w\" sizes=\"(max-width: 722px) 100vw, 722px\" \/><\/a><p id=\"caption-attachment-19597\" class=\"wp-caption-text\">Los asistentes aprendieron sobre el \u00e1mbito laboral del qu\u00edmico cl\u00ednico en la actualidad<\/p><\/div>\n<p>&nbsp;<\/p>\n<p><strong><em>Carlos Hugo Hermida Rosales<\/em><\/strong><\/p>\n<p>&nbsp;<\/p>\n<p><strong><em>Xalapa, Ver., 06\/12\/2016.<\/em><\/strong> Juan Carlos Rodr\u00edguez Alba, investigador del Instituto de Ciencias de la Salud (ICS) de la Universidad Veracruzana (UV), afirm\u00f3 que el qu\u00edmico cl\u00ednico debe afrontar los retos tecnol\u00f3gicos de su \u00e1rea y adecuarse a las tecnolog\u00edas que mimetizan y simplifican los resultados de diagn\u00f3sticos, as\u00ed como nuevas terapias y maneras de llevar a cabo la prevenci\u00f3n de enfermedades.<\/p>\n<p>El investigador imparti\u00f3 la ponencia \u201cEvoluci\u00f3n del qu\u00edmico cl\u00ednico y sus perspectivas hacia el futuro. Creaci\u00f3n de la Unidad de Citometr\u00eda de Flujo\u201d, dentro del Primer Foro Conmemorativo del D\u00eda del Qu\u00edmico 2016, realizado el 30 de noviembre por la Facultad de Bioan\u00e1lisis con motivo de los festejos del D\u00eda del Qu\u00edmico, en el Aula Magna de la Unidad de Ciencias de la Salud.<\/p>\n<p>&nbsp;<\/p>\n<div id=\"attachment_19599\" style=\"width: 732px\" class=\"wp-caption aligncenter\"><a href=\"https:\/\/www.uv.mx\/prensa\/files\/2016\/12\/Foro-pln-o-2.jpg\"><img aria-describedby=\"caption-attachment-19599\" decoding=\"async\" loading=\"lazy\" class=\"size-full wp-image-19599\" src=\"https:\/\/www.uv.mx\/prensa\/files\/2016\/12\/Foro-pln-o-2.jpg\" alt=\"Los asistentes aprendieron sobre el \u00e1mbito laboral del qu\u00edmico cl\u00ednico en la actualidad\" width=\"722\" height=\"481\" srcset=\"https:\/\/www.uv.mx\/prensa\/files\/2016\/12\/Foro-pln-o-2.jpg 722w, https:\/\/www.uv.mx\/prensa\/files\/2016\/12\/Foro-pln-o-2-300x200.jpg 300w\" sizes=\"(max-width: 722px) 100vw, 722px\" \/><\/a><p id=\"caption-attachment-19599\" class=\"wp-caption-text\">Los asistentes aprendieron sobre el \u00e1mbito laboral del qu\u00edmico cl\u00ednico en la actualidad<\/p><\/div>\n<p>&nbsp;<\/p>\n<p>El evento fue encabezado por Mar\u00eda del Rosario Rivera Barrag\u00e1n, representante del \u00c1rea Acad\u00e9mica de Ciencias de la Salud; Isela Santiago Roque y Elo\u00edsa Dom\u00ednguez Trejo, secretaria del comit\u00e9 pro mejoras y acad\u00e9mica de la Facultad de Bioan\u00e1lisis, respectivamente, y Luz Ang\u00e9lica Mart\u00ednez Mart\u00ednez, del Laboratorio Cl\u00ednico del Instituto Mexicano del Seguro Social (IMSS) regi\u00f3n Veracruz, quien imparti\u00f3 la pl\u00e1tica \u201cLa calidad de los procesos anal\u00edticos\u201d.<\/p>\n<p>Rodr\u00edguez Alba expres\u00f3 que el qu\u00edmico cl\u00ednico debe entender que est\u00e1 formado en un \u00e1rea cuya misi\u00f3n es atender con responsabilidad los problemas de salud, y que por ello debe actualizarse constantemente; a\u00f1adi\u00f3 que si bien en M\u00e9xico este profesionista enfrenta carencias de equipo y tecnolog\u00eda de punta, esto puede ser contrarrestado con conocimiento, enfoque, estudio y capacidad de an\u00e1lisis.<\/p>\n<p>Por su parte Ang\u00e9lica Mart\u00ednez resalt\u00f3 la importancia de este foro, ya que permiti\u00f3 a los asistentes nutrirse de conocimientos externos a los aprendidos en el aula, lo cual les servir\u00e1 en un futuro dentro de su \u00e1mbito profesional.<\/p>\n<p>La qu\u00edmica cl\u00ednica egresada de la UV, asever\u00f3 que es un honor regresar a la instituci\u00f3n educativa que la form\u00f3 y compartir su experiencia.<\/p>\n<p>&nbsp;<\/p>\n<div id=\"attachment_19601\" style=\"width: 732px\" class=\"wp-caption aligncenter\"><a href=\"https:\/\/www.uv.mx\/prensa\/files\/2016\/12\/Foro-Di-olnsssssss.jpg\"><img aria-describedby=\"caption-attachment-19601\" decoding=\"async\" loading=\"lazy\" class=\"size-full wp-image-19601\" src=\"https:\/\/www.uv.mx\/prensa\/files\/2016\/12\/Foro-Di-olnsssssss.jpg\" alt=\"Juan Carlos Rodr\u00edguez Alba\" width=\"722\" height=\"481\" srcset=\"https:\/\/www.uv.mx\/prensa\/files\/2016\/12\/Foro-Di-olnsssssss.jpg 722w, https:\/\/www.uv.mx\/prensa\/files\/2016\/12\/Foro-Di-olnsssssss-300x200.jpg 300w\" sizes=\"(max-width: 722px) 100vw, 722px\" \/><\/a><p id=\"caption-attachment-19601\" class=\"wp-caption-text\">Juan Carlos Rodr\u00edguez Alba<\/p><\/div>\n<p>En tanto Isela Santiago enunci\u00f3 que uno de los deberes de la Facultad de Bioan\u00e1lisis es formar profesionales en los avances de la qu\u00edmica cl\u00ednica y que eventos como el Primer Foro Conmemorativo del D\u00eda del Qu\u00edmico 2016 tienen un gran valor, ya que en ellos se exponen casos y situaciones que el profesional de esta \u00e1rea vive continuamente en el \u00e1mbito laboral, lo cual aproxima a los asistentes a la realidad.<\/p>\n<p>Por \u00faltimo, Elo\u00edsa Dom\u00ednguez manifest\u00f3 que el principal objetivo fue compartir el conocimiento, as\u00ed como mostrar los avances ocurridos en el campo de la qu\u00edmica cl\u00ednica, adem\u00e1s de mostrarle a quienes cursan la licenciatura que pueden desempe\u00f1arse profesionalmente en diversas \u00e1reas, ya que en la actualidad existe una amplia gama de campos de trabajo para ellos.<\/p>\n<div id=\"attachment_19603\" style=\"width: 732px\" class=\"wp-caption aligncenter\"><a href=\"https:\/\/www.uv.mx\/prensa\/files\/2016\/12\/For-ilsslsls-4.jpg\"><img aria-describedby=\"caption-attachment-19603\" decoding=\"async\" loading=\"lazy\" class=\"size-full wp-image-19603\" src=\"https:\/\/www.uv.mx\/prensa\/files\/2016\/12\/For-ilsslsls-4.jpg\" alt=\"Luz Ang\u00e9lica Mart\u00ednez Mart\u00ednez\" width=\"722\" height=\"481\" srcset=\"https:\/\/www.uv.mx\/prensa\/files\/2016\/12\/For-ilsslsls-4.jpg 722w, https:\/\/www.uv.mx\/prensa\/files\/2016\/12\/For-ilsslsls-4-300x200.jpg 300w\" sizes=\"(max-width: 722px) 100vw, 722px\" \/><\/a><p id=\"caption-attachment-19603\" class=\"wp-caption-text\">Luz Ang\u00e9lica Mart\u00ednez Mart\u00ednez<\/p><\/div>\n","protected":false},"excerpt":{"rendered":"<p><strong><em>Carlos Hugo Hermida .-<\/em><\/strong> Juan Carlos Rodr\u00edguez Alba, investigador del Instituto de Ciencias de la Salud (ICS) de la Universidad Veracruzana (UV), afirm\u00f3 que el qu\u00edmico cl\u00ednico debe afrontar los retos tecnol\u00f3gicos de su \u00e1rea y adecuarse a las tecnolog\u00edas que mimetizan y simplifican los resultados de diagn\u00f3sticos, as\u00ed como nuevas terapias y maneras de llevar a cabo la prevenci\u00f3n de enfermedades.<\/p>\n","protected":false},"author":1810,"featured_media":19591,"comment_status":"closed","ping_status":"closed","sticky":false,"template":"","format":"standard","meta":[],"categories":[1],"tags":[3],"_links":{"self":[{"href":"https:\/\/www.uv.mx\/prensa\/wp-json\/wp\/v2\/posts\/19584"}],"collection":[{"href":"https:\/\/www.uv.mx\/prensa\/wp-json\/wp\/v2\/posts"}],"about":[{"href":"https:\/\/www.uv.mx\/prensa\/wp-json\/wp\/v2\/types\/post"}],"author":[{"embeddable":true,"href":"https:\/\/www.uv.mx\/prensa\/wp-json\/wp\/v2\/users\/1810"}],"replies":[{"embeddable":true,"href":"https:\/\/www.uv.mx\/prensa\/wp-json\/wp\/v2\/comments?post=19584"}],"version-history":[{"count":0,"href":"https:\/\/www.uv.mx\/prensa\/wp-json\/wp\/v2\/posts\/19584\/revisions"}],"wp:featuredmedia":[{"embeddable":true,"href":"https:\/\/www.uv.mx\/prensa\/wp-json\/wp\/v2\/media\/19591"}],"wp:attachment":[{"href":"https:\/\/www.uv.mx\/prensa\/wp-json\/wp\/v2\/media?parent=19584"}],"wp:term":[{"taxonomy":"category","embeddable":true,"href":"https:\/\/www.uv.mx\/prensa\/wp-json\/wp\/v2\/categories?post=19584"},{"taxonomy":"post_tag","embeddable":true,"href":"https:\/\/www.uv.mx\/prensa\/wp-json\/wp\/v2\/tags?post=19584"}],"curies":[{"name":"wp","href":"https:\/\/api.w.org\/{rel}","templated":true}]}}