{"id":21542,"date":"2017-02-07T13:50:29","date_gmt":"2017-02-07T19:50:29","guid":{"rendered":"https:\/\/www.uv.mx\/prensa\/?p=21542"},"modified":"2017-02-07T13:50:29","modified_gmt":"2017-02-07T19:50:29","slug":"universitarios-descubren-nueva-especie-en-el-cofre-de-perote","status":"publish","type":"post","link":"https:\/\/www.uv.mx\/prensa\/reportaje\/universitarios-descubren-nueva-especie-en-el-cofre-de-perote\/","title":{"rendered":"Universitarios descubren nueva especie en el Cofre de Perote"},"content":{"rendered":"<ul>\n<li><i><em>Acad\u00e9mico y egresado dedican su denominaci\u00f3n a H\u00e9ctor Narave Flores, profesor y bot\u00e1nico de la Facultad de Biolog\u00eda<\/em><\/i><\/li>\n<li><em>M\u00e1s de 30 a\u00f1os de investigaci\u00f3n en el parque nacional siguen rindiendo frutos, expres\u00f3 el acad\u00e9mico Miguel Ch\u00e1zaro<\/em><\/li>\n<\/ul>\n<p>&nbsp;<\/p>\n<div id=\"attachment_21547\" style=\"width: 732px\" class=\"wp-caption alignnone\"><a href=\"https:\/\/www.uv.mx\/prensa\/files\/2017\/02\/070217.-Descubren-especie-1-ok.jpg.jpg\"><img aria-describedby=\"caption-attachment-21547\" decoding=\"async\" loading=\"lazy\" class=\"size-full wp-image-21547\" src=\"https:\/\/www.uv.mx\/prensa\/files\/2017\/02\/070217.-Descubren-especie-1-ok.jpg.jpg\" alt=\"\" width=\"722\" height=\"481\" srcset=\"https:\/\/www.uv.mx\/prensa\/files\/2017\/02\/070217.-Descubren-especie-1-ok.jpg.jpg 722w, https:\/\/www.uv.mx\/prensa\/files\/2017\/02\/070217.-Descubren-especie-1-ok.jpg-300x200.jpg 300w\" sizes=\"(max-width: 722px) 100vw, 722px\" \/><\/a><p id=\"caption-attachment-21547\" class=\"wp-caption-text\">Juan Antonio Francisco, Miguel Ch\u00e1zaro y H\u00e9ctor Narave<\/p><\/div>\n<p><a href=\"https:\/\/www.uv.mx\/prensa\/files\/2017\/02\/070217.-Descubren-especie-1-ok-ok.jpg.jpg\"><img decoding=\"async\" loading=\"lazy\" class=\"size-full wp-image-21548 aligncenter\" src=\"https:\/\/www.uv.mx\/prensa\/files\/2017\/02\/070217.-Descubren-especie-1-ok-ok.jpg.jpg\" alt=\"\" width=\"722\" height=\"481\" srcset=\"https:\/\/www.uv.mx\/prensa\/files\/2017\/02\/070217.-Descubren-especie-1-ok-ok.jpg.jpg 722w, https:\/\/www.uv.mx\/prensa\/files\/2017\/02\/070217.-Descubren-especie-1-ok-ok.jpg-300x200.jpg 300w\" sizes=\"(max-width: 722px) 100vw, 722px\" \/><\/a><\/p>\n<p>&nbsp;<\/p>\n<p><strong><em>David Sandoval Rodr\u00edguez<\/em><\/strong><\/p>\n<p>&nbsp;<\/p>\n<p><strong><em>Xalapa, Ver., 7\/02\/2017.-<\/em><\/strong> Una nueva especie vegetal, <em>Eugenia naraveana<\/em> (<em>Myrtaceae<\/em>), fue descubierta en el Cofre de Perote y se nombr\u00f3 as\u00ed en honor al investigador y acad\u00e9mico de la Facultad de Biolog\u00eda de la Universidad Veracruzana (UV), H\u00e9ctor Narave Flores.<\/p>\n<p>Sus descubridores son Miguel Ch\u00e1zaro Bas\u00e1\u00f1ez, bot\u00e1nico y acad\u00e9mico de la Facultad, adscrito al Laboratorio de Vida Silvestre, y Juan Antonio Francisco Guti\u00e9rrez, egresado de la misma Facultad, quien actualmente realiza su Maestr\u00eda en Ciencias en el Instituto de Ecolog\u00eda, A.C.<\/p>\n<p>Los tres involucrados platicaron para <em>Universo<\/em> acerca del arduo y abundante trabajo de investigaci\u00f3n en bot\u00e1nica, que abarca m\u00e1s de tres d\u00e9cadas en las que se han descubierto varias especies y c\u00f3mo impacta a la formaci\u00f3n profesional su publicaci\u00f3n en una revista arbitrada a nivel internacional, en este caso <em>Phytotaxa<\/em> de Nueva Zelanda.<\/p>\n<p>Este reconocimiento implica una distinci\u00f3n, pocos tienen el orgullo de que les dediquen una especie, pero tambi\u00e9n implica un gran compromiso, refiri\u00f3 el propio H\u00e9ctor Narave, quien relat\u00f3 que desde 1981 realizaba recorridos bot\u00e1nicos con Miguel Ch\u00e1zaro en el Parque Nacional Cofre de Perote, decretado como \u00c1rea Natural Protegida desde 1937.<\/p>\n<p>\u201cMe compromete m\u00e1s a seguir trabajando por la conservaci\u00f3n de los recursos, me compromete a seguir formando estudiantes y buscando alternativas para llevar la ciencia fuera de las aulas, al campo, para conservar estos recursos y buscar alternativas de apoyo a las comunidades\u201d, detall\u00f3 el catedr\u00e1tico.<\/p>\n<p>Record\u00f3 que en su \u00e9poca de universitario no hab\u00eda veredas ni caminos para llegar al Cofre y s\u00f3lo se pod\u00eda subir a pie, \u201csal\u00edamos a las ocho de la ma\u00f1ana y ten\u00edamos que regresar apresurados, casi corriendo a eso de las cuatro de la tarde para que no nos agarrara la noche all\u00e1 arriba\u201d.<\/p>\n<p>Al respecto, Ch\u00e1zaro Bas\u00e1\u00f1ez record\u00f3 que Narave fue uno de sus primeros alumnos y ha sido el \u00fanico que ha publicado un estudio bot\u00e1nico sobre dicho espacio, \u201cLa vegetaci\u00f3n del Parque Nacional Cofre de Perote\u201d, en 1985.<\/p>\n<p>Adem\u00e1s hizo una tesis sobre los nogales y la public\u00f3, colectando m\u00e1s de mil 500 ejemplares que est\u00e1n en varios herbarios y un estudio de la familia pin\u00e1cea en Veracruz, as\u00ed como una colecta en el bosque de oyamel, que produjo nuevos registros para la entidad.<\/p>\n<p>Record\u00f3 la dificultad que implica hallar una nueva especie ahora. \u201cCuando Alexander von Humboldt pas\u00f3 por estas tierras era muy f\u00e1cil registrar especies nuevas, pero en la actualidad es dif\u00edcil porque adem\u00e1s Veracruz es uno de los estados m\u00e1s explorados y \u00e9sta, una de las regiones m\u00e1s investigadas\u201d.<\/p>\n<p>Por su parte, Narave Flores se\u00f1al\u00f3 que el Parque Nacional del Cofre de Perote siempre ha tenido gran importancia, \u201cdesde que estaba en el Instituto Nacional de Investigaciones sobre Recursos Bi\u00f3ticos (<em>Inireb<\/em>) trabaj\u00e9 en el proyecto interprogramas para el desarrollo del Cofre de Perote, y como bi\u00f3logo comenc\u00e9 ese trabajo en 1983, porque desde los a\u00f1os cincuenta ya presentaba problemas\u201d.<\/p>\n<p>&nbsp;<\/p>\n<div id=\"attachment_21549\" style=\"width: 732px\" class=\"wp-caption aligncenter\"><a href=\"https:\/\/www.uv.mx\/prensa\/files\/2017\/02\/Descubren-especie-2_ok.jpg.jpg\"><img aria-describedby=\"caption-attachment-21549\" decoding=\"async\" loading=\"lazy\" class=\"size-full wp-image-21549\" src=\"https:\/\/www.uv.mx\/prensa\/files\/2017\/02\/Descubren-especie-2_ok.jpg.jpg\" alt=\"\" width=\"722\" height=\"1061\" srcset=\"https:\/\/www.uv.mx\/prensa\/files\/2017\/02\/Descubren-especie-2_ok.jpg.jpg 722w, https:\/\/www.uv.mx\/prensa\/files\/2017\/02\/Descubren-especie-2_ok.jpg-204x300.jpg 204w, https:\/\/www.uv.mx\/prensa\/files\/2017\/02\/Descubren-especie-2_ok.jpg-697x1024.jpg 697w\" sizes=\"(max-width: 722px) 100vw, 722px\" \/><\/a><p id=\"caption-attachment-21549\" class=\"wp-caption-text\">(a) Inflorescencia con flores y botones de la nueva especie (Foto: Juan Antonio Francisco Guti\u00e9rrez), b) As\u00ed lucen los frutos maduros con semillas (Foto: Juan Antonio Francisco Guti\u00e9rrez), c) Frutos inmaduros (Foto: Juan Antonio Francisco Guti\u00e9rrez), d) Las hojas de Eugenia naraveana (Foto: Juan Antonio Francisco Guti\u00e9rrez), e) Corteza del \u00e1rbol (Foto: Juan Antonio Francisco Guti\u00e9rrez)<\/p><\/div>\n<p>&nbsp;<\/p>\n<p>Cuando empez\u00f3 a recorrer el parque se dio cuenta que hab\u00eda barrancas muy deterioradas, la p\u00e9rdida de la vegetaci\u00f3n era grande y pens\u00f3 en hacer algo. \u201cEntonces me surgi\u00f3 el inter\u00e9s como bi\u00f3logo y como persona, porque de ah\u00ed se genera casi la mitad del agua que tomamos, es muy importante para quienes lo habitan porque obtienen su le\u00f1a y su alimentaci\u00f3n\u201d.<\/p>\n<p>Posteriormente elabor\u00f3 el programa de manejo del Parque Nacional y varios proyectos de reforestaci\u00f3n.<\/p>\n<p>El contacto entre ambos investigadores no se perdi\u00f3 a pesar de los a\u00f1os y cuando Narave Flores fue director de la Facultad invit\u00f3 a su compa\u00f1ero a dar cursos en los cuales se registraban un gran n\u00famero de estudiantes, a pesar de que no ten\u00edan reconocimiento crediticio; entre ellos estuvo Juan Antonio Francisco Guti\u00e9rrez, quien en 2009 comenz\u00f3 a hacer recorridos para hallar nuevas especies.<\/p>\n<p>Desde 1987 Ch\u00e1zaro Bas\u00e1\u00f1ez hab\u00eda detectado la especie en una altitud superior a los dos mil 600 metros, por lo cual pens\u00f3 que era otra variedad; sin embargo, lo accidentado del terreno le impidi\u00f3 colectar la muestra y despu\u00e9s viaj\u00f3 a Estados Unidos para realizar su doctorado, por lo que nunca se registr\u00f3 hasta 2011, que se encontraron botones de la flor, y fue hasta abril de 2016 que encontraron la flor y la colectaron.<\/p>\n<p>Ambos investigadores, en colaboraci\u00f3n con Jer\u00f3nimo V\u00e1zquez Ram\u00edrez, publicaron la <em>Gu\u00eda bot\u00e1nica del Parque Nacional Cofre de Perote<\/em>, editada por la UV, que es una de las dos existentes para m\u00e1s de 60 parques nacionales que tiene M\u00e9xico.<\/p>\n<p><strong>Experiencia y dedicaci\u00f3n generan frutos<\/strong><\/p>\n<p>Encontrar una especie es dif\u00edcil porque la mayor\u00eda ya est\u00e1n descritas; adem\u00e1s, identificar que es nueva requiere de much\u00edsimo conocimiento y especializaci\u00f3n. La combinaci\u00f3n entre la experiencia y bagaje del investigador, por un lado, y la dedicaci\u00f3n e inter\u00e9s del egresado de la UV, por otro, hicieron posible completar todas las etapas que significan el reconocimiento cient\u00edfico oficial de la nueva especie, detall\u00f3 Narave.<\/p>\n<p>El trabajo implica enviar un art\u00edculo a una publicaci\u00f3n del campo de la bot\u00e1nica, arbitrada y con reconocimiento mundial, para someterlo a revisi\u00f3n que finalmente dictamine como v\u00e1lido el hallazgo.<\/p>\n<p>Existe el C\u00f3digo Internacional de Nomenclatura Bot\u00e1nica, que marca la pauta para validar la especie al exigir que el descubrimiento salga publicado en una revista arbitrada y de prestigio.<\/p>\n<p>Marcos Sobral, destacado bot\u00e1nico brasile\u00f1o, se encarg\u00f3 de la revisi\u00f3n y brind\u00f3 su apoyo, as\u00ed como sus observaciones, para hacer publicable el art\u00edculo en la revista <em>Phytotaxa<\/em>.<\/p>\n<p>Narave Flores advirti\u00f3 que en la zona donde se ubic\u00f3 la planta hay actividad agr\u00edcola, ya que los pobladores constantemente buscan formas de subsistencia ante las condiciones de marginaci\u00f3n que deben enfrentar, lo que provoca un riesgo latente para la especie.<\/p>\n<p>\u201cDesde el punto de vista biol\u00f3gico, que exista una nueva especie es un hecho trascendental, pero tambi\u00e9n hay que realizar estudios fitoqu\u00edmicos para detectar sus propiedades y sus usos, qu\u00e9 papel tiene en el bosque, c\u00f3mo se da su interrelaci\u00f3n con otras especies y con las aves, por ejemplo, pero adem\u00e1s se encuentra amenazada por el medio.\u201d<\/p>\n<p>En ese sentido, Juan Antonio Francisco coment\u00f3 que el art\u00edculo de la revista <em>Phytotaxa<\/em> (disponible en el v\u00ednculo: <a href=\"http:\/\/dx.doi.org\/10.11646\/phytotaxa.286.4.8\">http:\/\/dx.doi.org\/10.11646\/phytotaxa.286.4.8<\/a>) describe a la nueva especie <em>Eugenia naraveana<\/em>, s\u00f3lo conocida en las colinas de barlovento del volc\u00e1n Cofre de Perote, creciendo en el bosque mes\u00f3filo superior.<\/p>\n<p>Sus cong\u00e9neres m\u00e1s estrechamente relacionados son <em>Eugenia sotoesparzae<\/em> y <em>Eugenia mexicana<\/em>, pero difieren de la nueva especie porque crecen en el bosque tropical perennifolio y en dunas costeras, adem\u00e1s de las diferencias en sus estructuras morfol\u00f3gicas.<\/p>\n<p>Esta nueva especie \u201crompe el rango altitudinal t\u00edpico de <em>Eugenia<\/em> en Veracruz, M\u00e9xico, siendo registrada por encima de los dos mil 100 hasta los dos mil 600 metros sobre el nivel del mar\u201d, resalt\u00f3.<\/p>\n<p>Una de las caracter\u00edsticas particulares de esta nueva especie es su estructura del hipanto, que es cuadrado, mientras que en el resto de las especies es circular; otra de sus caracter\u00edsticas es el n\u00famero de flores agrupadas, que es mucho m\u00e1s grande que el resto de las especies registradas en Veracruz, detall\u00f3.<\/p>\n<p>La importancia de las colectas en el Cofre de Perote es que sirven de base para analizar los grupos taxon\u00f3micos del este lugar, ese material es utilizado por los estudiantes, que en esa medida permite incrementar los estudios para preservar los recursos.<\/p>\n<p>Asimismo reconoci\u00f3 el tipo de formaci\u00f3n que impulsa Ch\u00e1zaro Bas\u00e1\u00f1ez entre sus alumnos, porque durante algunos a\u00f1os hubo un declive en la taxonom\u00eda, que a nivel mundial no es reconocida como se debe, pero es fundamental para otras ciencias, enfatiz\u00f3.<\/p>\n<p>\u201cHacer taxonom\u00eda implica un poco de arte, pero sobre todo conocimiento y dominio de ciertos grupos, lo que lleva a identificar las nuevas especies.\u201d<\/p>\n<p>Con 25 a\u00f1os de edad, es la primera especie que se le atribuye oficialmente a Juan Antonio, no obstante tiene otras dos especies encontradas cuando ten\u00eda 23 a\u00f1os y cuyos art\u00edculos ya est\u00e1n sometidos a arbitraje para ser publicados en espera de dictamen.<\/p>\n<p><strong>Un regalo de la naturaleza <\/strong><\/p>\n<p>Detr\u00e1s del descubrimiento de la especie hay muchas horas de investigaci\u00f3n y especializaci\u00f3n en todos los componentes del grupo taxon\u00f3mico, a\u00f1adi\u00f3 el joven; \u201ces un privilegio porque no todos los d\u00edas se encuentran nuevas especies, es realmente un regalo de la naturaleza poder encontrar y describir una nueva forma de vida, es muy satisfactorio poder hacer este tipo de trabajo, es como tener un hijo\u201d.<\/p>\n<p>Explic\u00f3 que para reunir la informaci\u00f3n suficiente se hacen comparaciones con los ejemplares en herbarios, que est\u00e1n preservados en alcohol para posteriormente medirse con microscopio y se cortan cada una de sus partes para describirse en cuanto a sus medidas, colores y texturas.<\/p>\n<p>Una vez que se tiene la descripci\u00f3n se compara con las de todas las especies existentes, enfoc\u00e1ndose en sus caracter\u00edsticas y destacando sus diferencias; luego, para escribir el art\u00edculo se revisa toda la literatura relacionada y posteriormente se describe a la especie, con \u00e9nfasis en las estructuras y sus caracter\u00edsticas que la tipifican como una nueva especie.<\/p>\n<p>El proceso de dictamen para publicar el art\u00edculo dur\u00f3 un a\u00f1o, dado que el especialista brasile\u00f1o estuvo en contacto con Francisco Guti\u00e9rrez aportando ideas y observaciones con la intenci\u00f3n de mejorar el documento.<\/p>\n<p>Marcos Sobral, dijo Ch\u00e1zaro, \u201crevis\u00f3 y hac\u00eda observaciones, es un hombre que conoce much\u00edsimo y fue de gran ayuda, adem\u00e1s ten\u00eda toda la disponibilidad de ayudarnos. <em>Phytotaxa<\/em> es la revista de bot\u00e1nica m\u00e1s grande del mundo, por eso su comit\u00e9 editorial decide enviar los art\u00edculos a los expertos m\u00e1s renombrados\u201d.<\/p>\n<p>Despu\u00e9s de haber revisado toda la literatura existente, incluyendo la de Veracruz, que es la entidad con mayor n\u00famero de especies registradas, hubo la primera certeza de contar con un descubrimiento y despu\u00e9s, al revisar la literatura internacional y no encontrar registros, la satisfacci\u00f3n fue enorme.<\/p>\n<p>Desde su tesis de licenciatura, \u201cEl g\u00e9nero <em>Castilleja Mutis<\/em> ex. L.f. (<em>Orobancheae<\/em>) en el estado de Veracruz\u201d, con la cual \u201cle tom\u00f3 amor al Cofre de Perote\u201d, logr\u00f3 hallar una especie nueva al coincidir con el estudio que realizaba en ese momento Ch\u00e1zaro Bas\u00e1\u00f1ez.<\/p>\n<p>\u201cMe dio la planta y detect\u00e9 que no se hab\u00eda reportado antes en el estado, tambi\u00e9n existe la ventaja de que el especialista m\u00e1s reconocido a nivel mundial, Marc Egger, trabaja este grupo de plantas y sube todas sus im\u00e1genes a un sitio de Internet para consultas, facilitando as\u00ed el trabajo. Recuerdo haber entrado varias veces al sitio para consultar las plantas y no hab\u00eda aparecido, me pas\u00e9 revisando durante dos noches las 200 especies que hay en este grupo para descartar que se hubiera colectado.\u201d<\/p>\n<p>Se comunic\u00f3 con el especialista, quien le asegur\u00f3 que era una nueva especie, con esta acci\u00f3n se convirti\u00f3 en otro filtro de seguridad que avala el descubrimiento.<\/p>\n<p>Actualmente en su tesis de maestr\u00eda estudia la familia completa para el estado de Veracruz, y sus trabajos de investigaci\u00f3n lo han llevado a descubrir otra especie end\u00e9mica llamada orobanque, la cual piensa dedicar a Gonzalo Castillo, quien, como H\u00e9ctor Narave, ha explorado intensamente la regi\u00f3n de Jalcomulco.<\/p>\n<p>\u201cEntonces, en proceso de descripci\u00f3n son tres especies, un grupo de peque\u00f1as plantas y esperamos que a mediados de a\u00f1o se tenga su registro oficial\u201d, puntualiz\u00f3 el egresado.<\/p>\n<p>Finalmente, Ch\u00e1zaro Bas\u00e1\u00f1ez record\u00f3 que en 2018 se celebrar\u00e1 el 50 aniversario de la Facultad de Biolog\u00eda, que en un principio fue un semillero de bot\u00e1nicos que al d\u00eda de hoy est\u00e1 experimentando un resurgimiento.<\/p>\n","protected":false},"excerpt":{"rendered":"<p><strong><em> David Sandoval Rodr\u00edguez.-<\/em><\/strong> Una nueva especie vegetal, Eugenia naraveana (Myrtaceae), fue descubierta en el Cofre de Perote y se nombr\u00f3 as\u00ed en honor al investigador y acad\u00e9mico de la Facultad de Biolog\u00eda de la Universidad Veracruzana (UV), H\u00e9ctor Narave Flores.<\/p>\n","protected":false},"author":1809,"featured_media":21550,"comment_status":"closed","ping_status":"closed","sticky":false,"template":"","format":"standard","meta":[],"categories":[14],"tags":[16],"_links":{"self":[{"href":"https:\/\/www.uv.mx\/prensa\/wp-json\/wp\/v2\/posts\/21542"}],"collection":[{"href":"https:\/\/www.uv.mx\/prensa\/wp-json\/wp\/v2\/posts"}],"about":[{"href":"https:\/\/www.uv.mx\/prensa\/wp-json\/wp\/v2\/types\/post"}],"author":[{"embeddable":true,"href":"https:\/\/www.uv.mx\/prensa\/wp-json\/wp\/v2\/users\/1809"}],"replies":[{"embeddable":true,"href":"https:\/\/www.uv.mx\/prensa\/wp-json\/wp\/v2\/comments?post=21542"}],"version-history":[{"count":0,"href":"https:\/\/www.uv.mx\/prensa\/wp-json\/wp\/v2\/posts\/21542\/revisions"}],"wp:featuredmedia":[{"embeddable":true,"href":"https:\/\/www.uv.mx\/prensa\/wp-json\/wp\/v2\/media\/21550"}],"wp:attachment":[{"href":"https:\/\/www.uv.mx\/prensa\/wp-json\/wp\/v2\/media?parent=21542"}],"wp:term":[{"taxonomy":"category","embeddable":true,"href":"https:\/\/www.uv.mx\/prensa\/wp-json\/wp\/v2\/categories?post=21542"},{"taxonomy":"post_tag","embeddable":true,"href":"https:\/\/www.uv.mx\/prensa\/wp-json\/wp\/v2\/tags?post=21542"}],"curies":[{"name":"wp","href":"https:\/\/api.w.org\/{rel}","templated":true}]}}