{"id":23718,"date":"2017-03-23T15:37:58","date_gmt":"2017-03-23T21:37:58","guid":{"rendered":"https:\/\/www.uv.mx\/prensa\/?p=23718"},"modified":"2017-03-23T15:39:52","modified_gmt":"2017-03-23T21:39:52","slug":"jg-visito-las-regiones-para-garantizar-la-transparencia-del-proceso-de-eleccion","status":"publish","type":"post","link":"https:\/\/www.uv.mx\/prensa\/regiones\/jg-visito-las-regiones-para-garantizar-la-transparencia-del-proceso-de-eleccion\/","title":{"rendered":"JG visit\u00f3 las regiones para garantizar la transparencia del proceso de elecci\u00f3n"},"content":{"rendered":"<ul>\n<li><em>Funcionarios, directores, acad\u00e9micos, estudiantes, personal administrativo y t\u00e9cnico de la regi\u00f3n Poza Rica-Tuxpan asistieron a la presentaci\u00f3n del Libro blanco, convocada por la Junta de Gobierno<\/em><\/li>\n<\/ul>\n<p>&nbsp;<\/p>\n<div id=\"attachment_23719\" style=\"width: 710px\" class=\"wp-caption aligncenter\"><a href=\"https:\/\/www.uv.mx\/prensa\/files\/2017\/03\/Poza-Rica-JGJunta-de-Gobierno-1100k.jpg\"><img aria-describedby=\"caption-attachment-23719\" decoding=\"async\" loading=\"lazy\" class=\"size-full wp-image-23719\" src=\"https:\/\/www.uv.mx\/prensa\/files\/2017\/03\/Poza-Rica-JGJunta-de-Gobierno-1100k.jpg\" alt=\"\" width=\"700\" height=\"464\" srcset=\"https:\/\/www.uv.mx\/prensa\/files\/2017\/03\/Poza-Rica-JGJunta-de-Gobierno-1100k.jpg 700w, https:\/\/www.uv.mx\/prensa\/files\/2017\/03\/Poza-Rica-JGJunta-de-Gobierno-1100k-300x199.jpg 300w\" sizes=\"(max-width: 700px) 100vw, 700px\" \/><\/a><p id=\"caption-attachment-23719\" class=\"wp-caption-text\">Acad\u00e9micos participaron en la reuni\u00f3n con la Junta de Gobierno de la UV<\/p><\/div>\n<p>&nbsp;<\/p>\n<p><strong><em>Alma Celia San Mart\u00edn<\/em><\/strong><\/p>\n<p>&nbsp;<\/p>\n<p><strong><em>Poza Rica, Ver., 23\/03\/2017.-<\/em><\/strong> La Junta de Gobierno (JG) de la Universidad Veracruzana (UV) present\u00f3 el <em>Libro blanco ABC del proceso de designaci\u00f3n rectoral<\/em> y la plataforma de informaci\u00f3n oficial a la comunidad universitaria de la regi\u00f3n Poza Rica-Tuxpan, en la sala de videoconferencias de la Unidad de Servicios Bibliotecarios y de Informaci\u00f3n (USBI) de esta ciudad.<\/p>\n<p>Estuvieron presentes la presidenta de la JG, Jaqueline del Carmen Jongitud Zamora; el secretario, Ricardo Corzo Ram\u00edrez, acompa\u00f1ados de Elena Rustri\u00e1n Portilla y Carlos Gonz\u00e1lez G\u00e1ndara, integrantes de la misma, as\u00ed como Claudio Rafael Castro L\u00f3pez, coordinador del Centro de Estudios de Opini\u00f3n y An\u00e1lisis.<\/p>\n<p>Jaqueline Jongitud dijo que el objetivo principal de la reuni\u00f3n fue informar a la comunidad universitaria, de la manera m\u00e1s amplia posible, en qu\u00e9 consiste el proceso, as\u00ed como los medios, acciones y estrategias que ser\u00e1n usadas para la designaci\u00f3n de quien dirigir\u00e1 a la UV en el periodo 2017-2021.<\/p>\n<p>&nbsp;<\/p>\n<div id=\"attachment_23721\" style=\"width: 710px\" class=\"wp-caption aligncenter\"><a href=\"https:\/\/www.uv.mx\/prensa\/files\/2017\/03\/Poza-Rica-JGJunta-de-Gobierno-2100k.jpg\"><img aria-describedby=\"caption-attachment-23721\" decoding=\"async\" loading=\"lazy\" class=\"size-full wp-image-23721\" src=\"https:\/\/www.uv.mx\/prensa\/files\/2017\/03\/Poza-Rica-JGJunta-de-Gobierno-2100k.jpg\" alt=\"\" width=\"700\" height=\"900\" srcset=\"https:\/\/www.uv.mx\/prensa\/files\/2017\/03\/Poza-Rica-JGJunta-de-Gobierno-2100k.jpg 700w, https:\/\/www.uv.mx\/prensa\/files\/2017\/03\/Poza-Rica-JGJunta-de-Gobierno-2100k-233x300.jpg 233w\" sizes=\"(max-width: 700px) 100vw, 700px\" \/><\/a><p id=\"caption-attachment-23721\" class=\"wp-caption-text\">Claudio Rafael Castro L\u00f3pez, coordinador del Centro de Estudios de Opini\u00f3n y An\u00e1lisis<\/p><\/div>\n<p>&nbsp;<\/p>\n<p>Expres\u00f3 que en la regi\u00f3n Poza Rica-Tuxpan concluyeron las visitas programadas, y que a partir del viernes 24 de marzo a las 10:00 horas se tendr\u00e1 acceso al <em>Libro blanco<\/em>.<\/p>\n<p>Claudio Castro present\u00f3 la plataforma de informaci\u00f3n albergada en <a href=\"http:\/\/www.plataformadeinformacion.com\/\">www.plataformadeinformacion.com<\/a>, en la cual se incluye la informaci\u00f3n de las etapas del proceso y que podr\u00e1 ser consultada desde cualquier dispositivo.<\/p>\n<p>En su intervenci\u00f3n, Carlos Gonz\u00e1lez, acad\u00e9mico de la Facultad de Ciencias Biol\u00f3gicas y Agropecuarias, agradeci\u00f3 a los presentes su inter\u00e9s por conocer el proceso que se avecina.<\/p>\n<p>Dijo que la JG est\u00e1 consciente de que el proceso de designaci\u00f3n debe ser transparente, especialmente en estos momentos en que las instituciones p\u00fablicas carecen de credibilidad, es la raz\u00f3n por la cual visitaron todas las regiones, para informar e invitar a la comunidad universitaria a participar.<\/p>\n<p>&nbsp;<\/p>\n<div id=\"attachment_23735\" style=\"width: 710px\" class=\"wp-caption aligncenter\"><a href=\"https:\/\/www.uv.mx\/prensa\/files\/2017\/03\/230317.-Poza-Rica-JGJunta-de-Gobierno-3-ok.jpg\"><img aria-describedby=\"caption-attachment-23735\" decoding=\"async\" loading=\"lazy\" class=\"size-full wp-image-23735\" src=\"https:\/\/www.uv.mx\/prensa\/files\/2017\/03\/230317.-Poza-Rica-JGJunta-de-Gobierno-3-ok.jpg\" alt=\"\" width=\"700\" height=\"464\" srcset=\"https:\/\/www.uv.mx\/prensa\/files\/2017\/03\/230317.-Poza-Rica-JGJunta-de-Gobierno-3-ok.jpg 700w, https:\/\/www.uv.mx\/prensa\/files\/2017\/03\/230317.-Poza-Rica-JGJunta-de-Gobierno-3-ok-300x199.jpg 300w\" sizes=\"(max-width: 700px) 100vw, 700px\" \/><\/a><p id=\"caption-attachment-23735\" class=\"wp-caption-text\">La comunidad universitaria de la regi\u00f3n Poza Rica<\/p><\/div>\n<p>&nbsp;<\/p>\n<p>Los acad\u00e9micos de la regi\u00f3n coincidieron en que \u00e9sta es una excelente oportunidad de conocer todo el proceso y las propuestas de quienes participar\u00e1n.<\/p>\n<p>Por su parte, el vicerrector Jos\u00e9 Luis Alan\u00eds M\u00e9ndez agradeci\u00f3 a los integrantes de la JG su presencia.<\/p>\n<p>Al evento asistieron funcionarios, directores, acad\u00e9micos, estudiantes, personal administrativo y t\u00e9cnico. A trav\u00e9s del sistema de videoconferencias participaron docentes y estudiantes de la Universidad Veracruzana Intercultural (UVI) sedes Totonacapan y Huasteca; en esta \u00faltima estuvo presente Shantal Meseguer, directora de la UVI.<\/p>\n<p>Posteriormente, los integrantes de la Junta de Gobierno se trasladaron a la Facultad de Ciencias Biol\u00f3gicas y Agropecuarias en Tuxpan, donde se reunieron con la comunidad de esta entidad acad\u00e9mica y de Contadur\u00eda.<\/p>\n<div id='gallery-1' class='gallery galleryid-23718 gallery-columns-3 gallery-size-thumbnail'><dl class='gallery-item'>\n\t\t\t<dt class='gallery-icon landscape'>\n\t\t\t\t<a href='https:\/\/www.uv.mx\/prensa\/regiones\/jg-visito-las-regiones-para-garantizar-la-transparencia-del-proceso-de-eleccion\/attachment\/poza-rica-jgjunta-de-gobierno-4100k\/'><img width=\"150\" height=\"150\" src=\"https:\/\/www.uv.mx\/prensa\/files\/2017\/03\/Poza-Rica-JGJunta-de-Gobierno-4100k-150x150.jpg\" class=\"attachment-thumbnail size-thumbnail\" alt=\"\" decoding=\"async\" loading=\"lazy\" aria-describedby=\"gallery-1-23727\" \/><\/a>\n\t\t\t<\/dt>\n\t\t\t\t<dd class='wp-caption-text gallery-caption' id='gallery-1-23727'>\n\t\t\t\tIntegrantes de la Junta de Gobierno de la UV\n\t\t\t\t<\/dd><\/dl><dl class='gallery-item'>\n\t\t\t<dt class='gallery-icon landscape'>\n\t\t\t\t<a href='https:\/\/www.uv.mx\/prensa\/regiones\/jg-visito-las-regiones-para-garantizar-la-transparencia-del-proceso-de-eleccion\/attachment\/poza-rica-jgjunta-de-gobierno-5100k\/'><img width=\"150\" height=\"150\" src=\"https:\/\/www.uv.mx\/prensa\/files\/2017\/03\/Poza-Rica-JGJunta-de-Gobierno-5100k-150x150.jpg\" class=\"attachment-thumbnail size-thumbnail\" alt=\"\" decoding=\"async\" loading=\"lazy\" aria-describedby=\"gallery-1-23729\" \/><\/a>\n\t\t\t<\/dt>\n\t\t\t\t<dd class='wp-caption-text gallery-caption' id='gallery-1-23729'>\n\t\t\t\tLa UVI, sedes Totonacapan y Huasteca, presentes a trav\u00e9s de videoconferencias\n\t\t\t\t<\/dd><\/dl><dl class='gallery-item'>\n\t\t\t<dt class='gallery-icon landscape'>\n\t\t\t\t<a href='https:\/\/www.uv.mx\/prensa\/regiones\/jg-visito-las-regiones-para-garantizar-la-transparencia-del-proceso-de-eleccion\/attachment\/poza-rica-jgjunta-de-gobierno-6100k\/'><img width=\"150\" height=\"150\" src=\"https:\/\/www.uv.mx\/prensa\/files\/2017\/03\/Poza-Rica-JGJunta-de-Gobierno-6100k-150x150.jpg\" class=\"attachment-thumbnail size-thumbnail\" alt=\"\" decoding=\"async\" loading=\"lazy\" aria-describedby=\"gallery-1-23731\" \/><\/a>\n\t\t\t<\/dt>\n\t\t\t\t<dd class='wp-caption-text gallery-caption' id='gallery-1-23731'>\n\t\t\t\tLos universitarios informaron que a partir del 24 de marzo, a las 10:00 horas, podr\u00e1 consultarse el Libro blanco\n\t\t\t\t<\/dd><\/dl><br style=\"clear: both\" \/>\n\t\t<\/div>\n\n","protected":false},"excerpt":{"rendered":"<p><strong><em> Alma  Celia San Mart\u00edn.-<\/em><\/strong> La Junta de Gobierno (JG) de la Universidad Veracruzana (UV) present\u00f3 el Libro blanco ABC del proceso de designaci\u00f3n rectoral y la plataforma de informaci\u00f3n oficial a la comunidad universitaria de la regi\u00f3n Poza Rica-Tuxpan, en la sala de videoconferencias de la Unidad de Servicios Bibliotecarios y de Informaci\u00f3n (USBI) de esta ciudad.<\/p>\n","protected":false},"author":1809,"featured_media":23737,"comment_status":"closed","ping_status":"closed","sticky":false,"template":"","format":"standard","meta":[],"categories":[32],"tags":[33],"_links":{"self":[{"href":"https:\/\/www.uv.mx\/prensa\/wp-json\/wp\/v2\/posts\/23718"}],"collection":[{"href":"https:\/\/www.uv.mx\/prensa\/wp-json\/wp\/v2\/posts"}],"about":[{"href":"https:\/\/www.uv.mx\/prensa\/wp-json\/wp\/v2\/types\/post"}],"author":[{"embeddable":true,"href":"https:\/\/www.uv.mx\/prensa\/wp-json\/wp\/v2\/users\/1809"}],"replies":[{"embeddable":true,"href":"https:\/\/www.uv.mx\/prensa\/wp-json\/wp\/v2\/comments?post=23718"}],"version-history":[{"count":0,"href":"https:\/\/www.uv.mx\/prensa\/wp-json\/wp\/v2\/posts\/23718\/revisions"}],"wp:featuredmedia":[{"embeddable":true,"href":"https:\/\/www.uv.mx\/prensa\/wp-json\/wp\/v2\/media\/23737"}],"wp:attachment":[{"href":"https:\/\/www.uv.mx\/prensa\/wp-json\/wp\/v2\/media?parent=23718"}],"wp:term":[{"taxonomy":"category","embeddable":true,"href":"https:\/\/www.uv.mx\/prensa\/wp-json\/wp\/v2\/categories?post=23718"},{"taxonomy":"post_tag","embeddable":true,"href":"https:\/\/www.uv.mx\/prensa\/wp-json\/wp\/v2\/tags?post=23718"}],"curies":[{"name":"wp","href":"https:\/\/api.w.org\/{rel}","templated":true}]}}