{"id":23793,"date":"2017-03-26T07:00:13","date_gmt":"2017-03-26T13:00:13","guid":{"rendered":"https:\/\/www.uv.mx\/prensa\/?p=23793"},"modified":"2017-03-24T13:08:57","modified_gmt":"2017-03-24T19:08:57","slug":"investigadores-uv-preservan-especies-nativas-de-orquideas","status":"publish","type":"post","link":"https:\/\/www.uv.mx\/prensa\/general\/investigadores-uv-preservan-especies-nativas-de-orquideas\/","title":{"rendered":"Investigadores UV preservan especies nativas de orqu\u00eddeas"},"content":{"rendered":"<ul>\n<li><em>Trabajan en el Laboratorio de Micropropagaci\u00f3n Vegetal de la FCBA de Pe\u00f1uela<\/em><\/li>\n<li><em>Actualmente reintroducen especies amenazadas a su propio h\u00e1bitat<\/em><\/li>\n<\/ul>\n<p>&nbsp;<\/p>\n<div id=\"attachment_23804\" style=\"width: 732px\" class=\"wp-caption aligncenter\"><a href=\"https:\/\/www.uv.mx\/prensa\/files\/2017\/03\/Conf-hilda-lee-en-inbioteca-260517.jpg\"><img aria-describedby=\"caption-attachment-23804\" decoding=\"async\" loading=\"lazy\" class=\"size-full wp-image-23804\" src=\"https:\/\/www.uv.mx\/prensa\/files\/2017\/03\/Conf-hilda-lee-en-inbioteca-260517.jpg\" alt=\"\" width=\"722\" height=\"481\" srcset=\"https:\/\/www.uv.mx\/prensa\/files\/2017\/03\/Conf-hilda-lee-en-inbioteca-260517.jpg 722w, https:\/\/www.uv.mx\/prensa\/files\/2017\/03\/Conf-hilda-lee-en-inbioteca-260517-300x200.jpg 300w\" sizes=\"(max-width: 722px) 100vw, 722px\" \/><\/a><p id=\"caption-attachment-23804\" class=\"wp-caption-text\">Hilda Lee Espinosa, coordinadora del Laboratorio de Micropropagaci\u00f3n Vegetal durante su visita a Inbioteca<\/p><\/div>\n<p>&nbsp;<\/p>\n<p><strong><em>David Sandoval Rodr\u00edguez<\/em><\/strong><\/p>\n<p>&nbsp;<\/p>\n<p><strong><em>Xalapa, Ver., 26\/03\/2017.-<\/em><\/strong> Acad\u00e9micos de la Universidad Veracruzana (UV) adscritos al Laboratorio de Micropropagaci\u00f3n Vegetal en la Facultad de Ciencias Biol\u00f3gicas y Agropecuarias (FCBA) de Pe\u00f1uela, en la regi\u00f3n Orizaba-C\u00f3rdoba, trabajan en la preservaci\u00f3n de especies nativas de orqu\u00eddeas involucrando a estudiantes de posgrado en sus investigaciones.<\/p>\n<p>As\u00ed lo plante\u00f3 Hilda Eulalia Lee Espinosa, acad\u00e9mica de la FCBA y coordinadora del Laboratorio de Micropropagaci\u00f3n Vegetal, quien visit\u00f3 el Instituto de Biotecnolog\u00eda y Ecolog\u00eda Aplicada (<em>Inbioteca<\/em>) el viernes 17 de marzo para presentar la ponencia \u201cAvances en la micropropagaci\u00f3n de especies ornamentales\u201d.<\/p>\n<p>La investigadora, quien es integrante del n\u00facleo acad\u00e9mico b\u00e1sico del Doctorado en Ciencias Agropecuarias y miembro del Sistema Nacional de Investigadores (SNI) Nivel 1, explic\u00f3 que de acuerdo a la Norma Oficial Mexicana (NOM) existen varias categor\u00edas de riesgo en todas las especies vegetales. En las orqu\u00eddeas, en particular, algunas especies est\u00e1n catalogadas en peligro de extinci\u00f3n, otras bajo protecci\u00f3n especial, algunas totalmente extintas en la naturaleza y otras amenazadas y se clasifican de acuerdo a la categor\u00eda de riesgo en que se encuentren.<\/p>\n<p>\u201cNosotros seleccionamos de estas especies las que en nuestra regi\u00f3n est\u00e9n desarroll\u00e1ndose y elaboramos un esquema de micropropagaci\u00f3n para producirlas en gran escala de manera clonal\u201d, precis\u00f3.<\/p>\n<p>Asimismo realizan labores de conservaci\u00f3n del germoplasma, en este caso no se hace necesaria la clonaci\u00f3n, solamente la reproducci\u00f3n a gran escala.<\/p>\n<p>\u201cPosteriormente desarrollamos un sistema de conservaci\u00f3n que puede ser por semilla sint\u00e9tica, por crecimiento m\u00ednimo, y al d\u00eda de hoy estamos avanzando en la reintroducci\u00f3n de las mismas en su h\u00e1bitat para recomponer el entorno da\u00f1ado y poder contribuir en su reparaci\u00f3n, pero adem\u00e1s de todo se busca conservar el germoplasma \u2013que es tan valioso\u2013 en nuestro laboratorio, con alguno de los sistemas que venimos a presentar a los alumnos e investigadores de <em>Inbioteca<\/em>.\u201d<\/p>\n<p>Explic\u00f3 que sus investigaciones est\u00e1n encauzadas a la conservaci\u00f3n del germoplasma, en espec\u00edfico con la creaci\u00f3n de un banco del mismo que cumple con todos los requisitos de la norma, es decir, que cuenta con la huella gen\u00e9tica de cada una de las especies, as\u00ed como su encapsulaci\u00f3n para el aprovechamiento y conservaci\u00f3n.<\/p>\n<p>Otra gran l\u00ednea de investigaci\u00f3n que se trabaja en el laboratorio es el aprovechamiento de las especies comerciales, porque particularmente en las orqu\u00eddeas y en los anturios hay h\u00edbridos que tienen un alto valor comercial.<\/p>\n<p>En estos casos se debe desarrollar un protocolo de micropropagaci\u00f3n para clonar, con el prop\u00f3sito de ofrecer calidad e identidad gen\u00e9tica para propagar plantas consideradas de \u00e9lite, que en consecuencia alcanzan altos precios a nivel internacional.<\/p>\n<p>Coment\u00f3 que este sistema es redituable, no obstante a que la inversi\u00f3n inicial es elevada, despu\u00e9s de un a\u00f1o comienza a recuperarse la misma y se registran las primeras ganancias, pero ello depende del protocolo de micropropagaci\u00f3n.<\/p>\n<p>La siguiente fase consiste en el escalamiento de la producci\u00f3n, en la cual numerosos laboratorios comerciales est\u00e1n interesados ya que buscan ambos objetivos: escalar su producci\u00f3n y reducir costos.<\/p>\n<p>\u201cLa tecnolog\u00eda ha avanzado en gran medida y el sistema que venimos a presentar es relativamente econ\u00f3mico y f\u00e1cil de implementar en laboratorios privados; asimismo es manejado por cient\u00edficos con buenos resultados, tanto en nuestro laboratorio como en <em>Inbioteca<\/em>\u201d, dijo.<\/p>\n<p>En ese sentido, resalt\u00f3 que ya se trabaja en vinculaci\u00f3n con los laboratorios comerciales de su regi\u00f3n que han manifestado inter\u00e9s en la comercializaci\u00f3n de las especies a trav\u00e9s de este sistema de micropropagaci\u00f3n.<\/p>\n<p>\u201cExiste una gran demanda y actualmente realizamos tres proyectos de vinculaci\u00f3n con laboratorios que buscan iniciar sus trabajos bajo este sistema, adem\u00e1s ser\u00edan capacitados por nosotros comenzando con la asesor\u00eda t\u00e9cnica, luego viene la capacitaci\u00f3n y selecci\u00f3n de personal, la transferencia de tecnolog\u00eda, es decir, los protocolos que hemos desarrollado y brindar una asesor\u00eda t\u00e9cnica continua hasta que tengan resultados con respecto a su producci\u00f3n.\u201d<\/p>\n<p>Reconoci\u00f3 que los j\u00f3venes de <em>Inbioteca<\/em> fueron muy receptivos e interesados en el tema y a\u00f1adi\u00f3 que hay varios trabajando ya sobre el mismo, \u201chemos tenido la colaboraci\u00f3n a trav\u00e9s de la investigadora Lourdes Iglesias, la vinculaci\u00f3n siempre ha sido excelente y los estudiantes ya est\u00e1n egresando\u201d.<\/p>\n<p>&nbsp;<\/p>\n","protected":false},"excerpt":{"rendered":"<p><strong><em>David Sandoval.-<\/em><\/strong>Acad\u00e9micos de la Universidad Veracruzana (UV) adscritos al Laboratorio de Micropropagaci\u00f3n Vegetal en la Facultad de Ciencias Biol\u00f3gicas y Agropecuarias (FCBA) de Pe\u00f1uela, en la regi\u00f3n Orizaba-C\u00f3rdoba, trabajan en la preservaci\u00f3n de especies nativas de orqu\u00eddeas involucrando a estudiantes de posgrado en sus investigaciones.<\/p>\n","protected":false},"author":1810,"featured_media":23803,"comment_status":"closed","ping_status":"closed","sticky":false,"template":"","format":"standard","meta":[],"categories":[1],"tags":[2],"_links":{"self":[{"href":"https:\/\/www.uv.mx\/prensa\/wp-json\/wp\/v2\/posts\/23793"}],"collection":[{"href":"https:\/\/www.uv.mx\/prensa\/wp-json\/wp\/v2\/posts"}],"about":[{"href":"https:\/\/www.uv.mx\/prensa\/wp-json\/wp\/v2\/types\/post"}],"author":[{"embeddable":true,"href":"https:\/\/www.uv.mx\/prensa\/wp-json\/wp\/v2\/users\/1810"}],"replies":[{"embeddable":true,"href":"https:\/\/www.uv.mx\/prensa\/wp-json\/wp\/v2\/comments?post=23793"}],"version-history":[{"count":0,"href":"https:\/\/www.uv.mx\/prensa\/wp-json\/wp\/v2\/posts\/23793\/revisions"}],"wp:featuredmedia":[{"embeddable":true,"href":"https:\/\/www.uv.mx\/prensa\/wp-json\/wp\/v2\/media\/23803"}],"wp:attachment":[{"href":"https:\/\/www.uv.mx\/prensa\/wp-json\/wp\/v2\/media?parent=23793"}],"wp:term":[{"taxonomy":"category","embeddable":true,"href":"https:\/\/www.uv.mx\/prensa\/wp-json\/wp\/v2\/categories?post=23793"},{"taxonomy":"post_tag","embeddable":true,"href":"https:\/\/www.uv.mx\/prensa\/wp-json\/wp\/v2\/tags?post=23793"}],"curies":[{"name":"wp","href":"https:\/\/api.w.org\/{rel}","templated":true}]}}