{"id":24270,"date":"2017-03-31T15:12:09","date_gmt":"2017-03-31T21:12:09","guid":{"rendered":"https:\/\/www.uv.mx\/prensa\/?p=24270"},"modified":"2017-03-31T15:14:42","modified_gmt":"2017-03-31T21:14:42","slug":"a-la-uv-no-se-le-subsidia-se-le-invierte-gobernador","status":"publish","type":"post","link":"https:\/\/www.uv.mx\/prensa\/general\/a-la-uv-no-se-le-subsidia-se-le-invierte-gobernador\/","title":{"rendered":"A la UV no se le subsidia,  se le invierte: Gobernador"},"content":{"rendered":"<ul>\n<li><em>Miguel \u00c1ngel Yunes Linares refrend\u00f3 su apoyo a la m\u00e1xima casa de estudio<\/em><\/li>\n<li><em>Se inaugur\u00f3 en la UV la XV Asamblea Nacional Ordinaria de la Contu, con 82 representantes de sindicatos acad\u00e9micos y administrativos de universidades p\u00fablicas del pa\u00eds<\/em><\/li>\n<\/ul>\n<p>&nbsp;<\/p>\n<p>&nbsp;<\/p>\n<div id=\"attachment_24272\" style=\"width: 732px\" class=\"wp-caption aligncenter\"><a href=\"https:\/\/www.uv.mx\/prensa\/files\/2017\/03\/310317-CONTU-FOTO-1-ok.jpg\"><img aria-describedby=\"caption-attachment-24272\" decoding=\"async\" loading=\"lazy\" class=\"size-full wp-image-24272\" src=\"https:\/\/www.uv.mx\/prensa\/files\/2017\/03\/310317-CONTU-FOTO-1-ok.jpg\" alt=\"\" width=\"722\" height=\"453\" srcset=\"https:\/\/www.uv.mx\/prensa\/files\/2017\/03\/310317-CONTU-FOTO-1-ok.jpg 722w, https:\/\/www.uv.mx\/prensa\/files\/2017\/03\/310317-CONTU-FOTO-1-ok-300x188.jpg 300w\" sizes=\"(max-width: 722px) 100vw, 722px\" \/><\/a><p id=\"caption-attachment-24272\" class=\"wp-caption-text\">El gobernador de Veracruz inaugur\u00f3 la XV Asamblea Nacional Ordinaria de la Contu<\/p><\/div>\n<p>&nbsp;<\/p>\n<p>&nbsp;<\/p>\n<p><strong><em>Claudia Peralta V\u00e1zquez <\/em><\/strong><\/p>\n<p>&nbsp;<\/p>\n<p><strong><em>Xalapa, Ver., 31\/03\/2017.-<\/em><\/strong> El gobernador del estado, Miguel \u00c1ngel Yunes Linares, y la rectora de la Universidad Veracruzana (UV), Sara Ladr\u00f3n de Guevara, inauguraron este viernes la XV Asamblea General Ordinaria de la Confederaci\u00f3n Nacional de Trabajadores Universitarios (<em>Contu<\/em>) y en este acto el mandatario estatal reafirm\u00f3 su apoyo y reconocimiento a los miembros de la comunidad universitaria de esta casa de estudio.<\/p>\n<p>Yunes Linares ofreci\u00f3 un mensaje durante la inauguraci\u00f3n de la cumbre nacional que reuni\u00f3 a directivos de los sindicatos acad\u00e9micos de las universidades del pa\u00eds y ah\u00ed se refiri\u00f3 a los temas m\u00e1s imperiosos de la agenda financiera de la UV.<\/p>\n<p>Adelant\u00f3 que la Universidad recibir\u00e1 este a\u00f1o dos mil 303 millones de pesos de presupuesto estatal, que ya se trabaja en coordinaci\u00f3n con la Universidad una alternativa para dirimir los pendientes con el Sistema de Administraci\u00f3n Tributaria (SAT) y plante\u00f3 construir junto con la comunidad universitaria un di\u00e1logo y propuestas para el futuro del Instituto de Pensiones del Estado (IPE).<\/p>\n<p>En tanto, la rectora, Sara Ladr\u00f3n de Guevara, reconoci\u00f3 el apoyo que el gobierno que encabeza Yunes Linares brinda hoy en d\u00eda a la Universidad, al entregar de manera puntual los ingresos que leg\u00edtimamente le corresponden.<\/p>\n<p>&nbsp;<\/p>\n<div id=\"attachment_24273\" style=\"width: 732px\" class=\"wp-caption aligncenter\"><a href=\"https:\/\/www.uv.mx\/prensa\/files\/2017\/03\/310317-CONTU-FOTO-2-ok.jpg\"><img aria-describedby=\"caption-attachment-24273\" decoding=\"async\" loading=\"lazy\" class=\"size-full wp-image-24273\" src=\"https:\/\/www.uv.mx\/prensa\/files\/2017\/03\/310317-CONTU-FOTO-2-ok.jpg\" alt=\"\" width=\"722\" height=\"482\" srcset=\"https:\/\/www.uv.mx\/prensa\/files\/2017\/03\/310317-CONTU-FOTO-2-ok.jpg 722w, https:\/\/www.uv.mx\/prensa\/files\/2017\/03\/310317-CONTU-FOTO-2-ok-300x200.jpg 300w\" sizes=\"(max-width: 722px) 100vw, 722px\" \/><\/a><p id=\"caption-attachment-24273\" class=\"wp-caption-text\">Miguel \u00c1ngel Yunes Linares refrend\u00f3 su apoyo a la autonom\u00eda de la UV<\/p><\/div>\n<p>&nbsp;<\/p>\n<p>Record\u00f3 la privaci\u00f3n \u2013durante varios a\u00f1os\u2013 de los recursos econ\u00f3micos por parte de la administraci\u00f3n pasada, que limitaron el accionar de esta casa de estudio de una manera seria y significativa, m\u00e1s no la paralizaron.<\/p>\n<p>&nbsp;<\/p>\n<p><strong>El recurso se le entrega a la UV porque tiene derecho: MAYL<\/strong><\/p>\n<p>El mandatario estatal refrend\u00f3 su respaldo a la autonom\u00eda de la UV y respeto a la comunidad universitaria en general; asimismo, dej\u00f3 en claro que a la Universidad no se le subsidia, por el contrario, se le invierte al presente y futuro de Veracruz.<\/p>\n<p>En su mensaje previo a la inauguraci\u00f3n de la XV Asamblea General Ordinaria de la <em>Contu<\/em>, celebrada en la Sala Anexa Tlaqn\u00e1, Centro Cultural, Miguel \u00c1ngel Yunes critic\u00f3 la visi\u00f3n limitada de aquellos que suponen que el recurso otorgado a la m\u00e1xima casa de estudio es un gasto, \u201cse le entrega porque tiene derecho (a \u00e9l), porque es formadora de nuevas generaciones para el futuro\u201d, afirm\u00f3 en presencia de la Rectora y del presidente de la <em>Contu<\/em>, Enrique Levet Gorozpe, as\u00ed como de autoridades locales, estatales y universitarias.<\/p>\n<p>&nbsp;<\/p>\n<div id=\"attachment_24283\" style=\"width: 732px\" class=\"wp-caption aligncenter\"><a href=\"https:\/\/www.uv.mx\/prensa\/files\/2017\/03\/310317-CONTU-FOTO-3-ok.jpg\"><img aria-describedby=\"caption-attachment-24283\" decoding=\"async\" loading=\"lazy\" class=\"size-full wp-image-24283\" src=\"https:\/\/www.uv.mx\/prensa\/files\/2017\/03\/310317-CONTU-FOTO-3-ok.jpg\" alt=\"\" width=\"722\" height=\"482\" srcset=\"https:\/\/www.uv.mx\/prensa\/files\/2017\/03\/310317-CONTU-FOTO-3-ok.jpg 722w, https:\/\/www.uv.mx\/prensa\/files\/2017\/03\/310317-CONTU-FOTO-3-ok-300x200.jpg 300w\" sizes=\"(max-width: 722px) 100vw, 722px\" \/><\/a><p id=\"caption-attachment-24283\" class=\"wp-caption-text\">La rectora Sara Ladr\u00f3n de Guevara reiter\u00f3 el compromiso de respeto a los derechos laborales<\/p><\/div>\n<p>&nbsp;<\/p>\n<p>Tambi\u00e9n neg\u00f3 que la universidad p\u00fablica s\u00f3lo sirva para estudiar y obtener un t\u00edtulo profesional, y subray\u00f3: \u201cAdicionalmente, la Universidad Veracruzana es difusora de cultura, de nuestras ra\u00edces ind\u00edgenas, de la m\u00fasica, escultura, y de la investigaci\u00f3n, porque alberga adem\u00e1s al mejor Museo de Antropolog\u00eda de M\u00e9xico y de toda Latinoam\u00e9rica. En esta universidad hay mucho m\u00e1s que t\u00edtulos profesionales\u201d.<\/p>\n<p>Miguel \u00c1ngel Yunes Linares comparti\u00f3 con los asistentes y representantes sindicales universitarios del gremio acad\u00e9mico y administrativo de todo el pa\u00eds, que uno de sus compromisos de gobierno fue aumentar el presupuesto de la UV.<\/p>\n<p>No obstante, al asumir esta encomienda, el presupuesto 2017 para esta casa de estudio ya hab\u00eda sido aprobado y representaba una reducci\u00f3n de 176 millones de pesos con respecto a 2016, que fue de dos mil 293 millones de pesos. Es decir, este a\u00f1o, la instituci\u00f3n recibir\u00eda una inversi\u00f3n de dos mil 117 millones de pesos, pero en respuesta al compromiso establecido, el presupuesto actual es de dos mil 303 millones de pesos.<\/p>\n<p>En esta sinton\u00eda, anunci\u00f3 que de manera conjunta se trabaja con el SAT, con la finalidad de subsanar adeudos de administraciones anteriores que de manera totalmente indebida fueron cargados a la UV.<\/p>\n<p>De la misma forma se busca resolver \u2013a trav\u00e9s de distintas v\u00edas\u2013 el adeudo que el Gobierno del Estado mantiene con la Universidad y confi\u00f3 en que pronto haya buenas noticias al respecto.<\/p>\n<p>&nbsp;<\/p>\n<div id=\"attachment_24287\" style=\"width: 732px\" class=\"wp-caption aligncenter\"><a href=\"https:\/\/www.uv.mx\/prensa\/files\/2017\/03\/310317-CONTU-FOTO-4-ok.jpg\"><img aria-describedby=\"caption-attachment-24287\" decoding=\"async\" loading=\"lazy\" class=\"size-full wp-image-24287\" src=\"https:\/\/www.uv.mx\/prensa\/files\/2017\/03\/310317-CONTU-FOTO-4-ok.jpg\" alt=\"\" width=\"722\" height=\"482\" srcset=\"https:\/\/www.uv.mx\/prensa\/files\/2017\/03\/310317-CONTU-FOTO-4-ok.jpg 722w, https:\/\/www.uv.mx\/prensa\/files\/2017\/03\/310317-CONTU-FOTO-4-ok-300x200.jpg 300w\" sizes=\"(max-width: 722px) 100vw, 722px\" \/><\/a><p id=\"caption-attachment-24287\" class=\"wp-caption-text\">Enrique Levet Gorozpe, presidente de la Contu<\/p><\/div>\n<p>&nbsp;<\/p>\n<p><strong>Rectora destaca papel de los sindicatos en la defensa de los trabajadores<\/strong><\/p>\n<p>En su discurso, la Rectora reiter\u00f3 el compromiso de su administraci\u00f3n de respetar los derechos laborales de sus trabajadores, e hizo menci\u00f3n de las negociaciones recientes con los sindicatos de la UV, mismas que llegaron a buen t\u00e9rmino y se tradujeron en avances para los trabajadores, para la Universidad y la educaci\u00f3n p\u00fablica en general.<\/p>\n<p>Lo anterior, a pesar del dif\u00edcil y adverso entorno econ\u00f3mico en medio del cual la instituci\u00f3n desarrolla sus labores cotidianas.<\/p>\n<p>Por otra parte, destac\u00f3 el papel de los sindica<u>t<\/u>os como el principal instrumento de defensa de los trabajadores, en medio de una crisis econ\u00f3mica, social y pol\u00edtica que parece irse de las manos de los gobiernos de todos los niveles, lo cual representa una ofensiva a los m\u00e1s elementales derechos laborales.<\/p>\n<p>Por su parte, Enrique Levet Gorozpe, tambi\u00e9n secretario general del Sindicato del Personal Acad\u00e9mico de la Universidad Veracruzana (<em>Fesapauv<\/em>), reconoci\u00f3 la gesti\u00f3n de la rectora Sara Ladr\u00f3n de Guevara y refrend\u00f3 su respaldo a las acciones que impulsa a favor de la defensa y autonom\u00eda universitaria.<\/p>\n<p>Celebr\u00f3 la presencia \u2013dentro de la XV Asamblea Nacional Ordinaria de la <em>Contu<\/em>\u2013 de 82 representaciones de los distintos\u00a0 sindicatos administrativos y acad\u00e9micos del pa\u00eds, as\u00ed como de secretarios de institutos tecnol\u00f3gicos de varias entidades.<\/p>\n<p>Ante el alcalde de Xalapa, Am\u00e9rico Z\u00fa\u00f1iga Mart\u00ednez, mencion\u00f3\u00a0 que este encuentro tiene el objetivo de abordar temas reales en beneficio de las instituciones de educaci\u00f3n superior.<\/p>\n<p>&nbsp;<\/p>\n<div id=\"attachment_24288\" style=\"width: 732px\" class=\"wp-caption aligncenter\"><a href=\"https:\/\/www.uv.mx\/prensa\/files\/2017\/03\/310317-CONTU-FOTO-5-ok.jpg\"><img aria-describedby=\"caption-attachment-24288\" decoding=\"async\" loading=\"lazy\" class=\"size-full wp-image-24288\" src=\"https:\/\/www.uv.mx\/prensa\/files\/2017\/03\/310317-CONTU-FOTO-5-ok.jpg\" alt=\"\" width=\"722\" height=\"482\" srcset=\"https:\/\/www.uv.mx\/prensa\/files\/2017\/03\/310317-CONTU-FOTO-5-ok.jpg 722w, https:\/\/www.uv.mx\/prensa\/files\/2017\/03\/310317-CONTU-FOTO-5-ok-300x200.jpg 300w\" sizes=\"(max-width: 722px) 100vw, 722px\" \/><\/a><p id=\"caption-attachment-24288\" class=\"wp-caption-text\">La XV Asamblea Nacional Ordinaria de la Contu congreg\u00f3 a 82 representantes de sindicatos universitarios del pa\u00eds<\/p><\/div>\n<p>&nbsp;<\/p>\n<p>Precis\u00f3 que uno de los principales problemas que actualmente enfrenta este sector es el financiamiento, resultado de la crisis a nivel nacional y estatal.<\/p>\n<p>Asimismo, resalt\u00f3 las acciones que la <em>Contu <\/em>ha emprendido en contra de los embates privatizadores y de los recortes en el ejercicio presupuestal de las universidades p\u00fablicas.<\/p>\n<p>Al pronunciarse respecto a las pensiones y jubilaciones, advirti\u00f3 que este tema debe ser resuelto con alto sentido de corresponsabilidad para garantizar pensiones dignas a los trabajadores.<\/p>\n<p>En este evento destac\u00f3 la presencia en el pres\u00eddium de los secretarios del Trabajo, Previsi\u00f3n Social y Productividad; y Educaci\u00f3n de Veracruz,\u00a0 Silvia Edith Mota Herrera y Enrique P\u00e9rez Rodr\u00edguez, respectivamente. Asimismo, de Leticia Rodr\u00edguez Audirac, secretaria acad\u00e9mica de la UV, y de Gerardo Garc\u00eda Ricardo, secretario de Administraci\u00f3n y Finanzas (SAF).<\/p>\n<p>Tambi\u00e9n estuvieron: Luis Manuel Hern\u00e1ndez Escobedo, presidente de la Asociaci\u00f3n Nacional de Sindicatos Administrativos Universitarios; V\u00edctor Manuel Pineda Guti\u00e9rrez, presidente de la Asociaci\u00f3n Nacional de Sindicatos del Personal Acad\u00e9mico Universitario; Bertha Guadalupe Rodr\u00edguez S\u00e1mano, de la Asociaci\u00f3n Aut\u00f3noma de Personal Acad\u00e9mico de la Universidad Nacional Aut\u00f3noma de M\u00e9xico.<\/p>\n<p>Adem\u00e1s, Enrique Vel\u00e1zquez Gonz\u00e1lez, secretario general del Sindicato de Trabajadores Acad\u00e9micos de la Universidad de Guadalajara, y F\u00e9lix Mart\u00ednez Lazcano, secretario general del Sindicato de Trabajadores de la Universidad Aut\u00f3noma de Nuevo Le\u00f3n.<\/p>\n","protected":false},"excerpt":{"rendered":"<p><strong><em>Claudia Peralta.-<\/em><\/strong>El gobernador del estado, Miguel \u00c1ngel Yunes Linares, y la rectora de la Universidad Veracruzana (UV), Sara Ladr\u00f3n de Guevara, inauguraron este viernes la XV Asamblea General Ordinaria de la Confederaci\u00f3n Nacional de Trabajadores Universitarios (Contu) y en este acto el mandatario estatal reafirm\u00f3 su apoyo y reconocimiento a los miembros de la comunidad universitaria de esta casa de estudio.<\/p>\n","protected":false},"author":1810,"featured_media":24271,"comment_status":"closed","ping_status":"closed","sticky":false,"template":"","format":"standard","meta":[],"categories":[1],"tags":[2],"_links":{"self":[{"href":"https:\/\/www.uv.mx\/prensa\/wp-json\/wp\/v2\/posts\/24270"}],"collection":[{"href":"https:\/\/www.uv.mx\/prensa\/wp-json\/wp\/v2\/posts"}],"about":[{"href":"https:\/\/www.uv.mx\/prensa\/wp-json\/wp\/v2\/types\/post"}],"author":[{"embeddable":true,"href":"https:\/\/www.uv.mx\/prensa\/wp-json\/wp\/v2\/users\/1810"}],"replies":[{"embeddable":true,"href":"https:\/\/www.uv.mx\/prensa\/wp-json\/wp\/v2\/comments?post=24270"}],"version-history":[{"count":0,"href":"https:\/\/www.uv.mx\/prensa\/wp-json\/wp\/v2\/posts\/24270\/revisions"}],"wp:featuredmedia":[{"embeddable":true,"href":"https:\/\/www.uv.mx\/prensa\/wp-json\/wp\/v2\/media\/24271"}],"wp:attachment":[{"href":"https:\/\/www.uv.mx\/prensa\/wp-json\/wp\/v2\/media?parent=24270"}],"wp:term":[{"taxonomy":"category","embeddable":true,"href":"https:\/\/www.uv.mx\/prensa\/wp-json\/wp\/v2\/categories?post=24270"},{"taxonomy":"post_tag","embeddable":true,"href":"https:\/\/www.uv.mx\/prensa\/wp-json\/wp\/v2\/tags?post=24270"}],"curies":[{"name":"wp","href":"https:\/\/api.w.org\/{rel}","templated":true}]}}