{"id":24373,"date":"2017-04-03T15:39:44","date_gmt":"2017-04-03T20:39:44","guid":{"rendered":"https:\/\/www.uv.mx\/prensa\/?p=24373"},"modified":"2017-04-03T16:04:47","modified_gmt":"2017-04-03T21:04:47","slug":"vicerrectoria-celebro-a-sus-408-egresados","status":"publish","type":"post","link":"https:\/\/www.uv.mx\/prensa\/regiones\/vicerrectoria-celebro-a-sus-408-egresados\/","title":{"rendered":"Vicerrector\u00eda celebr\u00f3 a sus 408 egresados"},"content":{"rendered":"<p>&nbsp;<\/p>\n<div id=\"attachment_24374\" style=\"width: 732px\" class=\"wp-caption aligncenter\"><a href=\"https:\/\/www.uv.mx\/prensa\/files\/2017\/04\/030417.-Ceremonia-egreso-1-ok.jpg\"><img aria-describedby=\"caption-attachment-24374\" decoding=\"async\" loading=\"lazy\" class=\"size-full wp-image-24374\" src=\"https:\/\/www.uv.mx\/prensa\/files\/2017\/04\/030417.-Ceremonia-egreso-1-ok.jpg\" alt=\"\" width=\"722\" height=\"480\" srcset=\"https:\/\/www.uv.mx\/prensa\/files\/2017\/04\/030417.-Ceremonia-egreso-1-ok.jpg 722w, https:\/\/www.uv.mx\/prensa\/files\/2017\/04\/030417.-Ceremonia-egreso-1-ok-300x199.jpg 300w\" sizes=\"(max-width: 722px) 100vw, 722px\" \/><\/a><p id=\"caption-attachment-24374\" class=\"wp-caption-text\">Autoridades regionales durante la entrega de reconocimientos<\/p><\/div>\n<p>&nbsp;<\/p>\n<p><strong><em>Eduardo Ca\u00f1edo Lom\u00e1n<\/em><\/strong><\/p>\n<p>&nbsp;<\/p>\n<p><strong><em>Ixtaczoquitl\u00e1n, Ver., 03\/04\/2017.-<\/em><\/strong> Con presencia de egresados de las diversas entidades acad\u00e9micas de la regi\u00f3n Orizaba-C\u00f3rdoba de la Universidad Veracruzana (UV), se llev\u00f3 a cabo la ceremonia de egreso 2017 en la Unidad de Servicios Bibliotecarios y de Informaci\u00f3n (USBI) de Ixtaczoquitl\u00e1n.<\/p>\n<p>En total fueron 408 egresados de las distintas facultades y programas educativos (PE) quienes este a\u00f1o culminaron sus estudios universitarios en esta regi\u00f3n.<\/p>\n<p>Jos\u00e9 Eduardo Mart\u00ednez Canales, secretario acad\u00e9mico regional, reconoci\u00f3 el compromiso de los reci\u00e9n egresados para concluir satisfactoriamente su carrera universitaria, al tiempo de exhortarlos para conducirse con responsabilidad y valores.<\/p>\n<p>&nbsp;<\/p>\n<div id=\"attachment_24375\" style=\"width: 732px\" class=\"wp-caption aligncenter\"><a href=\"https:\/\/www.uv.mx\/prensa\/files\/2017\/04\/030417.-Ceremonia-egreso-2-ok.jpg\"><img aria-describedby=\"caption-attachment-24375\" decoding=\"async\" loading=\"lazy\" class=\"size-full wp-image-24375\" src=\"https:\/\/www.uv.mx\/prensa\/files\/2017\/04\/030417.-Ceremonia-egreso-2-ok.jpg\" alt=\"\" width=\"722\" height=\"396\" \/><\/a><p id=\"caption-attachment-24375\" class=\"wp-caption-text\">Al finalizar la ceremonia se realiz\u00f3 un brindis en honor a los egresados<\/p><\/div>\n<p>&nbsp;<\/p>\n<p>\u201cLograr una presencia por parte de una universidad p\u00fablica requiere del reconocimiento social, y esto se alcanza a trav\u00e9s de sus egresados de calidad, que no s\u00f3lo se distingan por sus conocimientos, sino tambi\u00e9n por sus valores, que trabajen por intereses comunes, y eso es lo que la UV espera de ustedes\u201d, expres\u00f3.<\/p>\n<p>Por su parte, Mar\u00eda Flor L\u00f3pez Ariza, acad\u00e9mica de la Facultad de Enfermer\u00eda y egresada de esta casa de estudio, dijo a los asistentes que com\u00fanmente la definici\u00f3n de \u00e9xito est\u00e1 asociada a la victoria y a la consecuci\u00f3n de metas; sin embargo, \u201ces la disciplina, el compromiso y la voluntad lo que logran personas exitosas, productivas y constructivas. La UV brinda las bases y el conocimiento para llegar a donde queramos, no hay barreras que no se puedan vencer, pero esto implica so\u00f1ar en grande y comprometerse. Hoy pueden gritar con orgullo que son egresados de la UV\u201d.<\/p>\n<p>&nbsp;<\/p>\n<div id=\"attachment_24377\" style=\"width: 732px\" class=\"wp-caption aligncenter\"><a href=\"https:\/\/www.uv.mx\/prensa\/files\/2017\/04\/030417.-Ceremonia-egreso-3-ok.jpg\"><img aria-describedby=\"caption-attachment-24377\" decoding=\"async\" loading=\"lazy\" class=\"size-full wp-image-24377\" src=\"https:\/\/www.uv.mx\/prensa\/files\/2017\/04\/030417.-Ceremonia-egreso-3-ok.jpg\" alt=\"\" width=\"722\" height=\"480\" \/><\/a><p id=\"caption-attachment-24377\" class=\"wp-caption-text\">Javier Varela e Ira\u00eds Luna Z\u00e1rate durante la presentaci\u00f3n musical<\/p><\/div>\n<p>&nbsp;<\/p>\n<p>Guadalupe Machorro Mu\u00f1oz, del PE de Ingenier\u00eda Industrial y quien obtuvo el promedio regional m\u00e1s alto con 9.85, fue la encargada de brindar las palabras a nombre de todos sus compa\u00f1eros: \u201cEsta ceremonia resume los logros alcanzados, hoy culminamos una de las etapas m\u00e1s importantes de nuestras vidas y debemos agradecer a nuestras familias por todo el apoyo, as\u00ed como a nuestros profesores por compartir su tiempo y conocimiento. Debemos dejar huella por donde pasemos y con nuestro actuar poner el nombre de la UV muy en alto\u201d.<\/p>\n<p>En tanto, la vicerrectora Beatriz Rodr\u00edguez Villafuerte rememor\u00f3 a los fundadores de esta casa de estudio, quienes no escatimaron en esfuerzo y dedicaci\u00f3n para construir el sue\u00f1o de brindar conocimiento a los j\u00f3venes de Veracruz.<\/p>\n<p>\u201cPor los pasillos y corredores de las diversas facultades han transcurrido profesionistas que han puesto en alto el nombre de la UV; somos la universidad p\u00fablica m\u00e1s importante del estado, hoy los despedimos y reconocemos, sabemos que ser\u00e1n hombres y mujeres \u00edntegros.\u201d<\/p>\n<p>&nbsp;<\/p>\n<div id=\"attachment_24379\" style=\"width: 732px\" class=\"wp-caption aligncenter\"><a href=\"https:\/\/www.uv.mx\/prensa\/files\/2017\/04\/030417.-Ceremonia-egreso-4-ok.jpg\"><img aria-describedby=\"caption-attachment-24379\" decoding=\"async\" loading=\"lazy\" class=\"size-full wp-image-24379\" src=\"https:\/\/www.uv.mx\/prensa\/files\/2017\/04\/030417.-Ceremonia-egreso-4-ok.jpg\" alt=\"\" width=\"722\" height=\"424\" \/><\/a><p id=\"caption-attachment-24379\" class=\"wp-caption-text\">Autoridades regionales y egresados durante la fotograf\u00eda oficial del evento<\/p><\/div>\n<p>&nbsp;<\/p>\n<p>En la parte art\u00edstica, correspondi\u00f3 a Javier Varela e Ira\u00eds Luna Z\u00e1rate deleitar al p\u00fablico con un d\u00fao de piano y violonchelo, interpretaron temas como <em>El viento del bosque<\/em> de Joe Hisaishi, <em>La<\/em> <em>lista de Schindler<\/em> de John Williams y <em>Yesterday<\/em> de los Beatles.<\/p>\n<p>Cabe mencionar que egresados, directivos y funcionarios entonaron el Himno de la Universidad Veracruzana y atendieron un mensaje videograbado de la rectora Sara Ladr\u00f3n de Guevara.<\/p>\n<p>&nbsp;<\/p>\n<p>&nbsp;<\/p>\n","protected":false},"excerpt":{"rendered":"<p><strong><em> Eduardo Ca\u00f1edo Lom\u00e1n.-<\/em><\/strong> Con presencia de egresados de las diversas entidades acad\u00e9micas de la regi\u00f3n Orizaba-C\u00f3rdoba de la Universidad Veracruzana (UV), se llev\u00f3 a cabo la ceremonia de egreso 2017 en la Unidad de Servicios Bibliotecarios y de Informaci\u00f3n (USBI) de Ixtaczoquitl\u00e1n.<\/p>\n","protected":false},"author":1809,"featured_media":24381,"comment_status":"closed","ping_status":"closed","sticky":false,"template":"","format":"standard","meta":[],"categories":[32],"tags":[33],"_links":{"self":[{"href":"https:\/\/www.uv.mx\/prensa\/wp-json\/wp\/v2\/posts\/24373"}],"collection":[{"href":"https:\/\/www.uv.mx\/prensa\/wp-json\/wp\/v2\/posts"}],"about":[{"href":"https:\/\/www.uv.mx\/prensa\/wp-json\/wp\/v2\/types\/post"}],"author":[{"embeddable":true,"href":"https:\/\/www.uv.mx\/prensa\/wp-json\/wp\/v2\/users\/1809"}],"replies":[{"embeddable":true,"href":"https:\/\/www.uv.mx\/prensa\/wp-json\/wp\/v2\/comments?post=24373"}],"version-history":[{"count":0,"href":"https:\/\/www.uv.mx\/prensa\/wp-json\/wp\/v2\/posts\/24373\/revisions"}],"wp:featuredmedia":[{"embeddable":true,"href":"https:\/\/www.uv.mx\/prensa\/wp-json\/wp\/v2\/media\/24381"}],"wp:attachment":[{"href":"https:\/\/www.uv.mx\/prensa\/wp-json\/wp\/v2\/media?parent=24373"}],"wp:term":[{"taxonomy":"category","embeddable":true,"href":"https:\/\/www.uv.mx\/prensa\/wp-json\/wp\/v2\/categories?post=24373"},{"taxonomy":"post_tag","embeddable":true,"href":"https:\/\/www.uv.mx\/prensa\/wp-json\/wp\/v2\/tags?post=24373"}],"curies":[{"name":"wp","href":"https:\/\/api.w.org\/{rel}","templated":true}]}}