{"id":24383,"date":"2017-04-03T16:00:48","date_gmt":"2017-04-03T21:00:48","guid":{"rendered":"https:\/\/www.uv.mx\/prensa\/?p=24383"},"modified":"2017-04-03T16:09:11","modified_gmt":"2017-04-03T21:09:11","slug":"no-abandonen-nunca-sus-ideales-jose-marroquin","status":"publish","type":"post","link":"https:\/\/www.uv.mx\/prensa\/regiones\/no-abandonen-nunca-sus-ideales-jose-marroquin\/","title":{"rendered":"No abandonen nunca sus ideales: Jos\u00e9 Marroqu\u00edn"},"content":{"rendered":"<ul>\n<li><i><em>El estudiante comparti\u00f3 su testimonio como universitario durante la Ceremonia de Egresados 2017, realizada en Coatzacoalcos-Minatitl\u00e1n <\/em><\/i><\/li>\n<li><em>\u201cAlegr\u00e9monos, pues, por ustedes, porque el esfuerzo que demostraron a lo largo de estos a\u00f1os ha dado resultados. Hoy los vemos partir, pero sin desprenderse de la Universidad, porque siguen formando parte de ella\u201d: Vicerrector<\/em><\/li>\n<\/ul>\n<p>&nbsp;<\/p>\n<div id=\"attachment_24384\" style=\"width: 732px\" class=\"wp-caption aligncenter\"><a href=\"https:\/\/www.uv.mx\/prensa\/files\/2017\/04\/030417.-Egresados-cecy-1-ok.jpg\"><img aria-describedby=\"caption-attachment-24384\" decoding=\"async\" loading=\"lazy\" class=\"size-full wp-image-24384\" src=\"https:\/\/www.uv.mx\/prensa\/files\/2017\/04\/030417.-Egresados-cecy-1-ok.jpg\" alt=\"\" width=\"722\" height=\"1083\" srcset=\"https:\/\/www.uv.mx\/prensa\/files\/2017\/04\/030417.-Egresados-cecy-1-ok.jpg 722w, https:\/\/www.uv.mx\/prensa\/files\/2017\/04\/030417.-Egresados-cecy-1-ok-200x300.jpg 200w, https:\/\/www.uv.mx\/prensa\/files\/2017\/04\/030417.-Egresados-cecy-1-ok-683x1024.jpg 683w\" sizes=\"(max-width: 722px) 100vw, 722px\" \/><\/a><p id=\"caption-attachment-24384\" class=\"wp-caption-text\">Rosa Guadalupe del R\u00edo Carrizosa, egresada de la Facultad de Enfermer\u00eda<\/p><\/div>\n<p>&nbsp;<\/p>\n<p><strong><em>Cecilia Escribano<\/em><\/strong><\/p>\n<p>&nbsp;<\/p>\n<p><strong><em>Coatzacoalcos, Ver., 03\/04\/2017.-<\/em><\/strong> La Vicerrector\u00eda de la regi\u00f3n Coatzacoalcos-Minatitl\u00e1n de la Universidad Veracruzana (UV), realiz\u00f3 la Ceremonia de Egresados 2017, presidida por el vicerrector Jorge Alberto Andaverde Arredondo, en la Unidad de Servicios Bibliotecarios y de Informaci\u00f3n (USBI) de Coatzacoalcos.<\/p>\n<p>Al evento tambi\u00e9n asistieron Florentino Cruz Mart\u00ednez, secretario acad\u00e9mico regional; Hugo Noble P\u00e9rez, Gabriel Z\u00e1rate Flores, Jos\u00e9 Luis S\u00e1nchez Rom\u00e1n y Jos\u00e9 Luis S\u00e1nchez Leyva, directores de las facultades de Ingenier\u00eda, Ciencias Qu\u00edmicas, Medicina y Contadur\u00eda y Administraci\u00f3n, respectivamente, as\u00ed como Rosa Guadalupe del R\u00edo Carrizosa como egresada de honor.<\/p>\n<p>Florentino Cruz se\u00f1al\u00f3 que la Ceremonia de Egresados 2017 se realiz\u00f3 de manera simult\u00e1nea en las regiones Xalapa, Poza Rica-Tuxpan, Veracruz-Boca del R\u00edo, Orizaba-C\u00f3rdoba y Coatzacoalcos-Minatitl\u00e1n, con la finalidad de despedir a egresados de las carreras de T\u00e9cnico Superior Universitario (TSU), licenciatura y posgrados.<\/p>\n<p>&nbsp;<\/p>\n<div id=\"attachment_24385\" style=\"width: 732px\" class=\"wp-caption aligncenter\"><a href=\"https:\/\/www.uv.mx\/prensa\/files\/2017\/04\/030417.-Egresados-cecy-2-ok.jpg\"><img aria-describedby=\"caption-attachment-24385\" decoding=\"async\" loading=\"lazy\" class=\"size-full wp-image-24385\" src=\"https:\/\/www.uv.mx\/prensa\/files\/2017\/04\/030417.-Egresados-cecy-2-ok.jpg\" alt=\"\" width=\"722\" height=\"1083\" \/><\/a><p id=\"caption-attachment-24385\" class=\"wp-caption-text\">Estudiante Jos\u00e9 Alejandro Marroqu\u00edn Le\u00f3n<\/p><\/div>\n<p>&nbsp;<\/p>\n<p>En su participaci\u00f3n, Guadalupe del R\u00edo, egresada de la Facultad de Enfermer\u00eda con excelente desempe\u00f1o acad\u00e9mico, laboral y docente, se\u00f1al\u00f3: \u201cLa Universidad Veracruzana me dio las competencias y las habilidades profesionales que me ayudaron a tener un desempe\u00f1o satisfactorio como enfermera, para otorgar una atenci\u00f3n de calidad a los pacientes\u201d.<\/p>\n<p>Adem\u00e1s recomend\u00f3 ejercer la profesi\u00f3n con \u00e9tica y apego a los valores profesionales. \u201cEs necesario tener una actitud propositiva, innovadora, eso es lo que nos est\u00e1n demandando las instituciones empleadoras, profesionistas competentes con capacidad de respuesta desde las competencias personales y profesionales\u201d.<\/p>\n<p>En la ceremonia se entonaron el Himno Nacional Mexicano, el Himno de la Universidad Veracruzana (con la musicalizaci\u00f3n de Ryszard Siwy Machalica, profesor de la Facultad de M\u00fasica, y la letra del extinto Francisco Morosini Cordero, profesor de la Facultad de Contadur\u00eda y Administraci\u00f3n) y el Himno Universitario \u201cGaudeamus igitur\u201d que significa \u201cAlegr\u00e9monos pues\u201d, adem\u00e1s se cont\u00f3 con la presencia de Luzio.<\/p>\n<p>&nbsp;<\/p>\n<div id=\"attachment_24390\" style=\"width: 732px\" class=\"wp-caption aligncenter\"><a href=\"https:\/\/www.uv.mx\/prensa\/files\/2017\/04\/030417.-Egresados-cecy-3-ok.jpg\"><img aria-describedby=\"caption-attachment-24390\" decoding=\"async\" loading=\"lazy\" class=\"size-full wp-image-24390\" src=\"https:\/\/www.uv.mx\/prensa\/files\/2017\/04\/030417.-Egresados-cecy-3-ok.jpg\" alt=\"\" width=\"722\" height=\"481\" \/><\/a><p id=\"caption-attachment-24390\" class=\"wp-caption-text\">Egresados con Luzio<\/p><\/div>\n<p>&nbsp;<\/p>\n<p>Asimismo, se proyect\u00f3 un video de la rectora Sara Ladr\u00f3n de Guevara, quien dirigi\u00f3 unas palabras a los egresados, dese\u00e1ndoles \u00e9xito en sus vidas y llevar en alto a su alma m\u00e1ter.<\/p>\n<p>En el evento se entregaron constancias a los alumnos de las facultades de: Ingenier\u00eda, Contadur\u00eda y Administraci\u00f3n, Ciencias Qu\u00edmicas, Medicina, Trabajo Social y Enfermer\u00eda, as\u00ed como del Sistema de Ense\u00f1anza Abierta.<\/p>\n<p>El estudiante Jos\u00e9 Alejandro Marroqu\u00edn Le\u00f3n comparti\u00f3 su testimonio como universitario y evoc\u00f3 recuerdos desde que fue aspirante: \u201cHoy ustedes abandonan el <em>campus<\/em>, pero no abandonen nunca sus ideales, nunca el amor por su alma m\u00e1ter, nunca por quienes los sostuvieron durante su estad\u00eda en este lugar. No se olviden de donde vienen, porque sin duda, todos \u2013en la medida de sus esfuerzos\u2013 alcanzar\u00e1n el \u00e9xito en el campo laboral. Sigan creciendo en conocimientos y valores\u201d.<\/p>\n<p>&nbsp;<\/p>\n<div id=\"attachment_24393\" style=\"width: 732px\" class=\"wp-caption aligncenter\"><a href=\"https:\/\/www.uv.mx\/prensa\/files\/2017\/04\/030417.-Egresados-cecy-4-ok.jpg\"><img aria-describedby=\"caption-attachment-24393\" decoding=\"async\" loading=\"lazy\" class=\"size-full wp-image-24393\" src=\"https:\/\/www.uv.mx\/prensa\/files\/2017\/04\/030417.-Egresados-cecy-4-ok.jpg\" alt=\"\" width=\"722\" height=\"481\" \/><\/a><p id=\"caption-attachment-24393\" class=\"wp-caption-text\">Mesa del pres\u00eddium<\/p><\/div>\n<p>&nbsp;<\/p>\n<p>Para finalizar, el Vicerrector agradeci\u00f3 la asistencia de los presentes: \u201cMe congratulo que est\u00e9n los padres y familiares como testigos de honor, porque son part\u00edcipes de sus logros. Ustedes representan para ellos, una fuente de esperanza.<\/p>\n<p>\u201dLos estudiantes representan para la UV, como lo ha expresado la Rectora en su libro <em>Palabras dadas. Discursos<\/em>, el motivo que gu\u00eda a nuestra casa de estudios, desde su establecimiento en la regi\u00f3n hace 46 a\u00f1os.<\/p>\n<p>\u201dAlegr\u00e9monos pues por ustedes, porque el esfuerzo que demostraron a lo largo de estos a\u00f1os ha dado resultados. Hoy los vemos partir, pero sin desprenderse de la Universidad, porque siguen formando parte de ella; alegr\u00e9monos pues por los directivos y acad\u00e9micos de la UV, porque con su compromiso cotidiano contin\u00faan formando profesionistas de calidad para impulsar el desarrollo y mejores ciudadanos para construir una sociedad m\u00e1s justa.\u201d<\/p>\n","protected":false},"excerpt":{"rendered":"<p><strong><em> Cecilia Escribano.-<\/em><\/strong> La Vicerrector\u00eda de la regi\u00f3n Coatzacoalcos-Minatitl\u00e1n de la Universidad Veracruzana (UV), realiz\u00f3 la Ceremonia de Egresados 2017, presidida por el vicerrector Jorge Alberto Andaverde Arredondo, en la Unidad de Servicios Bibliotecarios y de Informaci\u00f3n (USBI) de Coatzacoalcos.<\/p>\n","protected":false},"author":1809,"featured_media":24402,"comment_status":"closed","ping_status":"closed","sticky":false,"template":"","format":"standard","meta":[],"categories":[32],"tags":[33],"_links":{"self":[{"href":"https:\/\/www.uv.mx\/prensa\/wp-json\/wp\/v2\/posts\/24383"}],"collection":[{"href":"https:\/\/www.uv.mx\/prensa\/wp-json\/wp\/v2\/posts"}],"about":[{"href":"https:\/\/www.uv.mx\/prensa\/wp-json\/wp\/v2\/types\/post"}],"author":[{"embeddable":true,"href":"https:\/\/www.uv.mx\/prensa\/wp-json\/wp\/v2\/users\/1809"}],"replies":[{"embeddable":true,"href":"https:\/\/www.uv.mx\/prensa\/wp-json\/wp\/v2\/comments?post=24383"}],"version-history":[{"count":0,"href":"https:\/\/www.uv.mx\/prensa\/wp-json\/wp\/v2\/posts\/24383\/revisions"}],"wp:featuredmedia":[{"embeddable":true,"href":"https:\/\/www.uv.mx\/prensa\/wp-json\/wp\/v2\/media\/24402"}],"wp:attachment":[{"href":"https:\/\/www.uv.mx\/prensa\/wp-json\/wp\/v2\/media?parent=24383"}],"wp:term":[{"taxonomy":"category","embeddable":true,"href":"https:\/\/www.uv.mx\/prensa\/wp-json\/wp\/v2\/categories?post=24383"},{"taxonomy":"post_tag","embeddable":true,"href":"https:\/\/www.uv.mx\/prensa\/wp-json\/wp\/v2\/tags?post=24383"}],"curies":[{"name":"wp","href":"https:\/\/api.w.org\/{rel}","templated":true}]}}