{"id":25886,"date":"2017-04-28T08:56:09","date_gmt":"2017-04-28T13:56:09","guid":{"rendered":"https:\/\/www.uv.mx\/prensa\/?p=25886"},"modified":"2017-04-28T12:06:01","modified_gmt":"2017-04-28T17:06:01","slug":"consejeros-alumnos-realizaran-dia-de-las-humanidades","status":"publish","type":"post","link":"https:\/\/www.uv.mx\/prensa\/general\/consejeros-alumnos-realizaran-dia-de-las-humanidades\/","title":{"rendered":"Consejeros alumnos realizar\u00e1n D\u00eda de las Humanidades"},"content":{"rendered":"<ul>\n<li><em>Del 3 al 5 de mayo, las actividades contemplan cinco mesas de di\u00e1logo, donde se abordar\u00e1n temas diversos<\/em><\/li>\n<li><em>Habr\u00e1 un espacio para reflexionar sobre el centenario de la Constituci\u00f3n Pol\u00edtica de 1917<\/em><\/li>\n<\/ul>\n<p>&nbsp;<\/p>\n<div id=\"attachment_25888\" style=\"width: 732px\" class=\"wp-caption aligncenter\"><a href=\"https:\/\/www.uv.mx\/prensa\/files\/2017\/04\/Dia-de-las-Humanidades-280417.jpg\"><img aria-describedby=\"caption-attachment-25888\" decoding=\"async\" loading=\"lazy\" class=\"size-full wp-image-25888\" src=\"https:\/\/www.uv.mx\/prensa\/files\/2017\/04\/Dia-de-las-Humanidades-280417.jpg\" alt=\"\" width=\"722\" height=\"481\" srcset=\"https:\/\/www.uv.mx\/prensa\/files\/2017\/04\/Dia-de-las-Humanidades-280417.jpg 722w, https:\/\/www.uv.mx\/prensa\/files\/2017\/04\/Dia-de-las-Humanidades-280417-300x200.jpg 300w\" sizes=\"(max-width: 722px) 100vw, 722px\" \/><\/a><p id=\"caption-attachment-25888\" class=\"wp-caption-text\">Consejeros alumnos del \u00c1rea Acad\u00e9mica de Humanidades realizar\u00e1n el D\u00eda de las Humanidades, del 3 al 5 de mayo<\/p><\/div>\n<p>&nbsp;<\/p>\n<p><strong><em>Paola Cort\u00e9s P\u00e9rez<\/em><\/strong><\/p>\n<p><strong><em>\u00a0<\/em><\/strong><\/p>\n<p><strong><em>Xalapa, Ver., 28\/04\/2017.-<\/em><\/strong> Consejeros alumnos del \u00c1rea Acad\u00e9mica de Humanidades de la Universidad Veracruzana (UV), invitan a la comunidad estudiantil a participar en la tercera edici\u00f3n del D\u00eda de las Humanidades, a celebrarse del 3 al 5 de mayo.<\/p>\n<p>Ivonne L\u00f3pez Andrade, consejera alumna de la licenciatura de Idiomas, detall\u00f3 que el evento tendr\u00e1 tres sedes: las facultades de Psicolog\u00eda y de Derecho, as\u00ed como la Unidad de Humanidades.<\/p>\n<p>Carlos Alberto Macario Hern\u00e1ndez, consejero alumno de Derecho, record\u00f3 que el D\u00eda de las Humanidades surgi\u00f3 con el objetivo de acercar a la Licenciatura en Derecho con el resto de los programas educativos del \u00c1rea Acad\u00e9mica.<\/p>\n<p>\u201cQueremos erradicar el estereotipo y mostrar que la \u00fanica distancia entre nosotros es la f\u00edsica. Asimismo, pretendemos abordar temas de inter\u00e9s desde diversas perspectivas, a fin de ampliar la gama de criterios.\u201d<\/p>\n<p>La inauguraci\u00f3n, inform\u00f3 Ivonne L\u00f3pez, se llevar\u00e1 a cabo el 3 de mayo a las 10:30 horas, en el Auditorio \u201cDr. Rafael Velasco Fern\u00e1ndez\u201d de la Facultad de Psicolog\u00eda. Posteriormente tendr\u00e1 lugar la conferencia magistral a cargo de la Universidad Veracruzana Intercultural (UVI).<\/p>\n<p>Despu\u00e9s de un breve receso, mencion\u00f3 que las actividades se reanudar\u00e1n a las 13:00 horas, con la Mesa 1 \u201cLa Psicolog\u00eda y su relaci\u00f3n con otras humanidades\u201d.<\/p>\n<p>El jueves 4, el evento se desarrollar\u00e1 en el Auditorio \u201cJes\u00fas Morales Fern\u00e1ndez\u201d de Humanidades e iniciar\u00e1 con la Mesa 2 Filosof\u00eda: \u201cEl significado del conocimiento de las humanidades\u201d, a las 10:00 horas.<\/p>\n<p>A continuaci\u00f3n, a las 11:15 horas, tendr\u00e1 lugar la Mesa 3 Idiomas: \u201cInterculturalidad y lenguaje\u201d; a las 12:30, la Mesa 4 Sociolog\u00eda: \u201cLa crisis de las humanidades en el siglo XXI\u201d; a las 15:15, la Mesa 5 Letras: \u201cEl acceso a los derechos culturales\u201d. Y concluir\u00e1 con la actuaci\u00f3n del Colectivo Nabani.<\/p>\n<p>El \u00faltimo d\u00eda, el 5 de mayo, las actividades se realizar\u00e1n en el Aula Magna de la Facultad de Derecho, empezando a las 10:00 horas con los conversatorios \u201cCentenario de la Constituci\u00f3n: un an\u00e1lisis interdisciplinario\u201d.<\/p>\n<p>En la clausura, coment\u00f3, se contar\u00e1 con la participaci\u00f3n art\u00edstica de la Orquesta de Salsa de la UV y algunas bandas locales.<\/p>\n<p>Georgina Lara Le\u00f3n, consejera alumna de Letras Espa\u00f1olas, coment\u00f3 que en esta ocasi\u00f3n decidieron incluir a la Facultad de Psicolog\u00eda en el comit\u00e9 organizador, porque consideran que de alguna manera est\u00e1 vinculada te\u00f3ricamente con el \u00c1rea Acad\u00e9mica de Humanidades.<\/p>\n<p>Como parte de las actividades, se llevar\u00e1 a cabo una exposici\u00f3n fotogr\u00e1fica de Lucero Cruz Porras, estudiante de la Facultad de Letras Espa\u00f1olas, en la cual mostrar\u00e1 la vida cotidiana de la Unidad de Humanidades.<\/p>\n<p>Para mayor informaci\u00f3n pueden ponerse en contacto con el comit\u00e9 organizador a trav\u00e9s del correo electr\u00f3nico <a href=\"mailto:diahumanidades@gmail.com\">diahumanidades@gmail.com<\/a>, as\u00ed como en <em>Facebook<\/em>: D\u00eda de las Humanidades UV.<\/p>\n","protected":false},"excerpt":{"rendered":"<p><strong><em>Paola Cort\u00e9s.-<\/em><\/strong>Consejeros alumnos del \u00c1rea Acad\u00e9mica de Humanidades de la Universidad Veracruzana (UV), invitan a la comunidad estudiantil a participar en la tercera edici\u00f3n del D\u00eda de las Humanidades, a celebrarse del 3 al 5 de mayo.<\/p>\n","protected":false},"author":1810,"featured_media":25887,"comment_status":"closed","ping_status":"closed","sticky":false,"template":"","format":"standard","meta":[],"categories":[1],"tags":[3],"_links":{"self":[{"href":"https:\/\/www.uv.mx\/prensa\/wp-json\/wp\/v2\/posts\/25886"}],"collection":[{"href":"https:\/\/www.uv.mx\/prensa\/wp-json\/wp\/v2\/posts"}],"about":[{"href":"https:\/\/www.uv.mx\/prensa\/wp-json\/wp\/v2\/types\/post"}],"author":[{"embeddable":true,"href":"https:\/\/www.uv.mx\/prensa\/wp-json\/wp\/v2\/users\/1810"}],"replies":[{"embeddable":true,"href":"https:\/\/www.uv.mx\/prensa\/wp-json\/wp\/v2\/comments?post=25886"}],"version-history":[{"count":0,"href":"https:\/\/www.uv.mx\/prensa\/wp-json\/wp\/v2\/posts\/25886\/revisions"}],"wp:featuredmedia":[{"embeddable":true,"href":"https:\/\/www.uv.mx\/prensa\/wp-json\/wp\/v2\/media\/25887"}],"wp:attachment":[{"href":"https:\/\/www.uv.mx\/prensa\/wp-json\/wp\/v2\/media?parent=25886"}],"wp:term":[{"taxonomy":"category","embeddable":true,"href":"https:\/\/www.uv.mx\/prensa\/wp-json\/wp\/v2\/categories?post=25886"},{"taxonomy":"post_tag","embeddable":true,"href":"https:\/\/www.uv.mx\/prensa\/wp-json\/wp\/v2\/tags?post=25886"}],"curies":[{"name":"wp","href":"https:\/\/api.w.org\/{rel}","templated":true}]}}