{"id":26301,"date":"2017-05-04T14:55:44","date_gmt":"2017-05-04T19:55:44","guid":{"rendered":"https:\/\/www.uv.mx\/prensa\/?p=26301"},"modified":"2017-05-04T14:55:44","modified_gmt":"2017-05-04T19:55:44","slug":"edison-garcia-gano-bronce-en-boxeo","status":"publish","type":"post","link":"https:\/\/www.uv.mx\/prensa\/deportes\/edison-garcia-gano-bronce-en-boxeo\/","title":{"rendered":"Edison Garc\u00eda gan\u00f3 bronce en boxeo"},"content":{"rendered":"<ul>\n<li><i><em>Obtuvo la primera medalla para <\/em>Halcones e<em>n la Universiada Nacional 2017<\/em><\/i><\/li>\n<\/ul>\n<p>&nbsp;<\/p>\n<div id=\"attachment_26325\" style=\"width: 732px\" class=\"wp-caption aligncenter\"><a href=\"https:\/\/www.uv.mx\/prensa\/files\/2017\/05\/040517.-Medalla-de-bronce-1-ok.jpg\"><img aria-describedby=\"caption-attachment-26325\" decoding=\"async\" loading=\"lazy\" class=\"size-full wp-image-26325\" src=\"https:\/\/www.uv.mx\/prensa\/files\/2017\/05\/040517.-Medalla-de-bronce-1-ok.jpg\" alt=\"\" width=\"722\" height=\"542\" srcset=\"https:\/\/www.uv.mx\/prensa\/files\/2017\/05\/040517.-Medalla-de-bronce-1-ok.jpg 722w, https:\/\/www.uv.mx\/prensa\/files\/2017\/05\/040517.-Medalla-de-bronce-1-ok-300x225.jpg 300w\" sizes=\"(max-width: 722px) 100vw, 722px\" \/><\/a><p id=\"caption-attachment-26325\" class=\"wp-caption-text\">Edison Garc\u00eda, medalla de bronce en boxeo para la UV<\/p><\/div>\n<p>&nbsp;<\/p>\n<p><strong><em>Santiago Morales Ortiz<\/em><\/strong><\/p>\n<p>&nbsp;<\/p>\n<p><strong><em>Xalapa, Ver., 04\/05\/2017.-<\/em><\/strong> Los <em>Halcones<\/em> de la Universidad Veracruzana (UV) lograron su primera medalla en la Universiada Nacional Nuevo Le\u00f3n 2017, en la disciplina de boxeo, por conducto de Edison Garc\u00eda Luis, de la regi\u00f3n Veracruz.<\/p>\n<p>El joven universitario super\u00f3 a su contrincante del Instituto Tecnol\u00f3gico de Sonora para colgarse la presea de tercer sitio, dentro de la primera semana de actividades de la justa nacional que organiza el Consejo Nacional del Deporte de la Educaci\u00f3n (<em>Condde<\/em>) y los Tigres de la Universidad Aut\u00f3noma de Nuevo Le\u00f3n.<\/p>\n<p>&nbsp;<\/p>\n<div id=\"attachment_26326\" style=\"width: 732px\" class=\"wp-caption aligncenter\"><a href=\"https:\/\/www.uv.mx\/prensa\/files\/2017\/05\/040517.-Medalla-de-bronce-2-ok.jpg\"><img aria-describedby=\"caption-attachment-26326\" decoding=\"async\" loading=\"lazy\" class=\"size-full wp-image-26326\" src=\"https:\/\/www.uv.mx\/prensa\/files\/2017\/05\/040517.-Medalla-de-bronce-2-ok.jpg\" alt=\"\" width=\"722\" height=\"491\" srcset=\"https:\/\/www.uv.mx\/prensa\/files\/2017\/05\/040517.-Medalla-de-bronce-2-ok.jpg 722w, https:\/\/www.uv.mx\/prensa\/files\/2017\/05\/040517.-Medalla-de-bronce-2-ok-300x204.jpg 300w\" sizes=\"(max-width: 722px) 100vw, 722px\" \/><\/a><p id=\"caption-attachment-26326\" class=\"wp-caption-text\">El universitario sobre el cuadril\u00e1tero<\/p><\/div>\n<p>&nbsp;<\/p>\n<p><strong>Handball<\/strong><\/p>\n<p>La Selecci\u00f3n de <em>Handball<\/em> femenil de la UV abri\u00f3 su participaci\u00f3n con una victoria de 19 por 14 sobre la Universidad de Colima, en tanto que el conjunto varonil sucumbi\u00f3 17-30 ante el Instituto Tecnol\u00f3gico de Sonora.<\/p>\n<p>En la segunda jornada, los varones volvieron a caer, ahora ante la Universidad Aut\u00f3noma de Zacatecas.<\/p>\n<p>Con destino a \u00a0Monterrey, Nuevo Le\u00f3n, este jueves 4 de mayo parti\u00f3 el tercer grupo de la delegaci\u00f3n de los <em>Halcones<\/em> de la UV.<\/p>\n<p>Se trata de los integrantes de tenis de mesa, tenis de campo, judo y voleibol de playa.<\/p>\n","protected":false},"excerpt":{"rendered":"<p><strong><em> Santiago Morales Ortiz.-<\/em><\/strong> Los Halcones de la Universidad Veracruzana (UV) lograron su primera medalla en la Universiada Nacional Nuevo Le\u00f3n 2017, en la disciplina de boxeo, por conducto de Edison Garc\u00eda Luis, de la regi\u00f3n Veracruz.<\/p>\n","protected":false},"author":1809,"featured_media":26324,"comment_status":"closed","ping_status":"closed","sticky":false,"template":"","format":"standard","meta":[],"categories":[12],"tags":[17],"_links":{"self":[{"href":"https:\/\/www.uv.mx\/prensa\/wp-json\/wp\/v2\/posts\/26301"}],"collection":[{"href":"https:\/\/www.uv.mx\/prensa\/wp-json\/wp\/v2\/posts"}],"about":[{"href":"https:\/\/www.uv.mx\/prensa\/wp-json\/wp\/v2\/types\/post"}],"author":[{"embeddable":true,"href":"https:\/\/www.uv.mx\/prensa\/wp-json\/wp\/v2\/users\/1809"}],"replies":[{"embeddable":true,"href":"https:\/\/www.uv.mx\/prensa\/wp-json\/wp\/v2\/comments?post=26301"}],"version-history":[{"count":0,"href":"https:\/\/www.uv.mx\/prensa\/wp-json\/wp\/v2\/posts\/26301\/revisions"}],"wp:featuredmedia":[{"embeddable":true,"href":"https:\/\/www.uv.mx\/prensa\/wp-json\/wp\/v2\/media\/26324"}],"wp:attachment":[{"href":"https:\/\/www.uv.mx\/prensa\/wp-json\/wp\/v2\/media?parent=26301"}],"wp:term":[{"taxonomy":"category","embeddable":true,"href":"https:\/\/www.uv.mx\/prensa\/wp-json\/wp\/v2\/categories?post=26301"},{"taxonomy":"post_tag","embeddable":true,"href":"https:\/\/www.uv.mx\/prensa\/wp-json\/wp\/v2\/tags?post=26301"}],"curies":[{"name":"wp","href":"https:\/\/api.w.org\/{rel}","templated":true}]}}