{"id":26442,"date":"2017-05-09T11:37:12","date_gmt":"2017-05-09T16:37:12","guid":{"rendered":"https:\/\/www.uv.mx\/prensa\/?p=26442"},"modified":"2017-05-09T11:43:04","modified_gmt":"2017-05-09T16:43:04","slug":"depresion-de-las-principales-causas-de-problemas-de-salud-y-discapacidad","status":"publish","type":"post","link":"https:\/\/www.uv.mx\/prensa\/general\/depresion-de-las-principales-causas-de-problemas-de-salud-y-discapacidad\/","title":{"rendered":"Depresi\u00f3n, de las principales causas de problemas de salud y discapacidad"},"content":{"rendered":"<ul>\n<li><em>El <\/em>Cendhiu<em> organiz\u00f3 el Seminario \u00abHablemos de depresi\u00f3n: retos del siglo XXI\u00bb<\/em><\/li>\n<\/ul>\n<p>&nbsp;<\/p>\n<div id=\"attachment_26452\" style=\"width: 732px\" class=\"wp-caption aligncenter\"><a href=\"https:\/\/www.uv.mx\/prensa\/files\/2017\/05\/Depresion-causa-discapacidad-090517.jpg\"><img aria-describedby=\"caption-attachment-26452\" decoding=\"async\" loading=\"lazy\" class=\"size-full wp-image-26452\" src=\"https:\/\/www.uv.mx\/prensa\/files\/2017\/05\/Depresion-causa-discapacidad-090517.jpg\" alt=\"\" width=\"722\" height=\"481\" srcset=\"https:\/\/www.uv.mx\/prensa\/files\/2017\/05\/Depresion-causa-discapacidad-090517.jpg 722w, https:\/\/www.uv.mx\/prensa\/files\/2017\/05\/Depresion-causa-discapacidad-090517-300x200.jpg 300w\" sizes=\"(max-width: 722px) 100vw, 722px\" \/><\/a><p id=\"caption-attachment-26452\" class=\"wp-caption-text\">Rub\u00e9n Torres, Concepci\u00f3n Ita Andehui Hern\u00e1ndez y Dulce Mar\u00eda Bonifacio, en el Seminario \u00abHablemos de depresi\u00f3n: retos del siglo XXI\u00bb<\/p><\/div>\n<p>&nbsp;<\/p>\n<p><strong><em>Jos\u00e9 Luis Couttolenc Soto<\/em><\/strong><\/p>\n<p>&nbsp;<\/p>\n<p><strong><em>Xalapa, Ver., 09\/05\/2017.-<\/em><\/strong> La depresi\u00f3n, desorden mental com\u00fan que afecta a personas de todas las edades, est\u00e1 considerada entre las tres primeras causas de problemas de salud y discapacidad a nivel internacional, pues seg\u00fan estimaciones de la Organizaci\u00f3n Mundial de la Salud (OMS), m\u00e1s de 300 millones de personas viven con este padecimiento, lo cual representa un incremento del 18 por ciento de 2005 a 2015.<\/p>\n<p>Lo anterior se dio a conocer el jueves 27 de abril en el Seminario \u00abHablemos de depresi\u00f3n: retos del siglo XXI\u00bb, que con motivo del D\u00eda Mundial de la Salud organiz\u00f3 la Direcci\u00f3n General de Investigaciones de la UV, a trav\u00e9s del Centro para el Desarrollo Humano e Integral de los Universitarios (<em>Cendhiu<\/em>).<\/p>\n<p>En el evento participaron Concepci\u00f3n Ita Andehui Hern\u00e1ndez Sosa, responsable de los Centros Centinela del \u00c1rea de Humanidades, quien abord\u00f3 el tema \u00abDepresi\u00f3n en adolescentes\u00bb; Dulce Mar\u00eda Bonifacio Delgadillo, jefa de Radiolog\u00eda del Hospital \u00c1ngeles de Xalapa, habl\u00f3 de \u00abNeuroimagen en depresi\u00f3n\u00bb, y Rub\u00e9n Torres Mart\u00ednez, jefe del Departamento de Supervisi\u00f3n y Control de \u00c1reas de Salud Mental de los Servicios de Salud de Veracruz (<em>Sesver<\/em>).<\/p>\n<p>Los ponentes coincidieron en que la depresi\u00f3n es un padecimiento que aqueja a personas de todas las edades y condiciones sociales en el mundo, provocando angustia mental que afecta su capacidad de realizar tareas cotidianas, al mismo tiempo que impacta sus relaciones familiares.<\/p>\n<p>En el peor de los casos puede provocar suicidio, considerado la segunda causa de muerte entre personas de 15 a 29 a\u00f1os de edad. No obstante, la depresi\u00f3n se puede prevenir y tratar contribuyendo con ello a la reducci\u00f3n de la estigmatizaci\u00f3n asociada a la enfermedad.<\/p>\n<p>La representante del <em>Cendhiu <\/em>dijo que la atenci\u00f3n psicol\u00f3gica es un puente muy importante para estar en contacto con el estudiante, a quien se le elabora un expediente, se observa la evoluci\u00f3n de este padecimiento, sus antecedentes familiares y la durabilidad de los s\u00edntomas.<\/p>\n<p>A\u00f1adi\u00f3 que dentro de los principales motivos de consulta en el <em>Cendhiu<\/em>, que cuenta con Centros Centinela en distintas \u00e1reas acad\u00e9micas, se encuentran el estr\u00e9s, la ansiedad y la angustia.<\/p>\n<p>&nbsp;<\/p>\n","protected":false},"excerpt":{"rendered":"<p><strong><em>Jos\u00e9 Luis Couttolenc.-<\/em><\/strong>La depresi\u00f3n, desorden mental com\u00fan que afecta a personas de todas las edades, est\u00e1 considerada entre las tres primeras causas de problemas de salud y discapacidad a nivel internacional, pues seg\u00fan estimaciones de la Organizaci\u00f3n Mundial de la Salud (OMS), m\u00e1s de 300 millones de personas viven con este padecimiento, lo cual representa un incremento del 18 por ciento de 2005 a 2015.<\/p>\n","protected":false},"author":1810,"featured_media":26446,"comment_status":"closed","ping_status":"closed","sticky":false,"template":"","format":"standard","meta":[],"categories":[1],"tags":[3],"_links":{"self":[{"href":"https:\/\/www.uv.mx\/prensa\/wp-json\/wp\/v2\/posts\/26442"}],"collection":[{"href":"https:\/\/www.uv.mx\/prensa\/wp-json\/wp\/v2\/posts"}],"about":[{"href":"https:\/\/www.uv.mx\/prensa\/wp-json\/wp\/v2\/types\/post"}],"author":[{"embeddable":true,"href":"https:\/\/www.uv.mx\/prensa\/wp-json\/wp\/v2\/users\/1810"}],"replies":[{"embeddable":true,"href":"https:\/\/www.uv.mx\/prensa\/wp-json\/wp\/v2\/comments?post=26442"}],"version-history":[{"count":0,"href":"https:\/\/www.uv.mx\/prensa\/wp-json\/wp\/v2\/posts\/26442\/revisions"}],"wp:featuredmedia":[{"embeddable":true,"href":"https:\/\/www.uv.mx\/prensa\/wp-json\/wp\/v2\/media\/26446"}],"wp:attachment":[{"href":"https:\/\/www.uv.mx\/prensa\/wp-json\/wp\/v2\/media?parent=26442"}],"wp:term":[{"taxonomy":"category","embeddable":true,"href":"https:\/\/www.uv.mx\/prensa\/wp-json\/wp\/v2\/categories?post=26442"},{"taxonomy":"post_tag","embeddable":true,"href":"https:\/\/www.uv.mx\/prensa\/wp-json\/wp\/v2\/tags?post=26442"}],"curies":[{"name":"wp","href":"https:\/\/api.w.org\/{rel}","templated":true}]}}