{"id":26453,"date":"2017-05-09T12:00:08","date_gmt":"2017-05-09T17:00:08","guid":{"rendered":"https:\/\/www.uv.mx\/prensa\/?p=26453"},"modified":"2017-05-09T12:00:08","modified_gmt":"2017-05-09T17:00:08","slug":"nueve-de-cada-10-universitarios-estan-informados-sobre-el-zika","status":"publish","type":"post","link":"https:\/\/www.uv.mx\/prensa\/general\/nueve-de-cada-10-universitarios-estan-informados-sobre-el-zika\/","title":{"rendered":"Nueve de cada 10 universitarios est\u00e1n informados sobre el Zika"},"content":{"rendered":"<ul>\n<li><em>A trav\u00e9s de una campa\u00f1a espec\u00edfica, el ISP dio a conocer los riesgos del virus<\/em><\/li>\n<\/ul>\n<p>&nbsp;<\/p>\n<div id=\"attachment_26466\" style=\"width: 732px\" class=\"wp-caption aligncenter\"><a href=\"https:\/\/www.uv.mx\/prensa\/files\/2017\/05\/La-difusion-de-la-campana-090517.jpg\"><img aria-describedby=\"caption-attachment-26466\" decoding=\"async\" loading=\"lazy\" class=\"size-full wp-image-26466\" src=\"https:\/\/www.uv.mx\/prensa\/files\/2017\/05\/La-difusion-de-la-campana-090517.jpg\" alt=\"\" width=\"722\" height=\"481\" srcset=\"https:\/\/www.uv.mx\/prensa\/files\/2017\/05\/La-difusion-de-la-campana-090517.jpg 722w, https:\/\/www.uv.mx\/prensa\/files\/2017\/05\/La-difusion-de-la-campana-090517-300x200.jpg 300w\" sizes=\"(max-width: 722px) 100vw, 722px\" \/><\/a><p id=\"caption-attachment-26466\" class=\"wp-caption-text\">Vianey Guadalupe Arg\u00fcelles Nava, coordinadora de la Maestr\u00eda en Salud P\u00fablica de la UV<\/p><\/div>\n<p>&nbsp;<\/p>\n<p><strong><em>Jos\u00e9 Luis Couttolenc Soto<\/em><\/strong><\/p>\n<p>&nbsp;<\/p>\n<p><strong><em>Xalapa, Ver., 09\/05\/2017.-<\/em><\/strong> En febrero del a\u00f1o pasado, la Organizaci\u00f3n Mundial de la Salud (OMS) declar\u00f3 una emergencia sanitaria global ya que a la infecci\u00f3n transmitida por el mosquito <em>Aedes aegypti<\/em>, Zika, se le relacionaba con enfermedades neurol\u00f3gicas en ni\u00f1os reci\u00e9n nacidos, lo cual llev\u00f3 a la Universidad Veracruzana (UV) a atender este llamado e instrumentar acciones preventivas.<\/p>\n<p>Para ello, el Instituto de Salud P\u00fablica (ISP) dise\u00f1\u00f3 la campa\u00f1a \u00abNo m\u00e1s zika\u00bb, que con el apoyo de diversas \u00e1reas universitarias puso en marcha con la aplicaci\u00f3n de una encuesta basal, del 10 de octubre al 20 de noviembre, para conocer el grado de conocimiento que sobre esta enfermedad ten\u00edan tanto estudiantes como personal acad\u00e9mico y administrativo, con el resultado de que un 60 por ciento de los encuestados sab\u00eda del problema de salud.<\/p>\n<p>Vianey Guadalupe Arg\u00fcelles Nava, coordinadora de la Maestr\u00eda en Salud P\u00fablica y acad\u00e9mica del ISP, inform\u00f3 que con base en la primera fase de la campa\u00f1a, se pas\u00f3 a una segunda etapa en la que a trav\u00e9s de infograf\u00edas y con el apoyo de medios electr\u00f3nicos y redes sociales, se ofrecieron las sintomatolog\u00edas de la enfermedad y sus medidas de prevenci\u00f3n, adem\u00e1s de que en participaciones en la radio se busc\u00f3 despejar dudas sobre el tema.<\/p>\n<p>Del 30 de enero al 3 de marzo de este a\u00f1o se lanz\u00f3 una nueva encuesta de conocimiento, actitudes y pr\u00e1cticas, conservando elementos de an\u00e1lisis de la primera fase. El resultado fue que disminuy\u00f3 la participaci\u00f3n de la comunidad, no obstante se puede establecer que cerca del 90 por ciento de los encuestados tienen ya conocimiento sobre el Zika y otros profundizaron m\u00e1s en \u00e9l, el 70 por ciento se inform\u00f3 v\u00eda <em>Facebook<\/em>, el 62 por ciento lo comparti\u00f3 con su familia, amigos y\/o compa\u00f1eros de escuela y trabajo; sin embargo, existen algunas personas que dicen no tener a\u00fan suficiente informaci\u00f3n al respecto.<\/p>\n<p>Arg\u00fcelles Nave refiri\u00f3: \u201cEs preocupante que a estas alturas, aproximadamente el 10 por ciento de la poblaci\u00f3n participante asegure que no todos estamos expuestos a la enfermedad de la misma manera, lo cual es totalmente falso\u201d, por lo que consider\u00f3 que se tendr\u00e1 que continuar trabajando sobre la difusi\u00f3n de los elementos de la campa\u00f1a.<\/p>\n<p>&nbsp;<\/p>\n","protected":false},"excerpt":{"rendered":"<p><strong><em>Jos\u00e9 Luis Couttolenc.-<\/em><\/strong>En febrero del a\u00f1o pasado, la Organizaci\u00f3n Mundial de la Salud (OMS) declar\u00f3 una emergencia sanitaria global ya que a la infecci\u00f3n transmitida por el mosquito Aedes aegypti, Zika, se le relacionaba con enfermedades neurol\u00f3gicas en ni\u00f1os reci\u00e9n nacidos, lo cual llev\u00f3 a la Universidad Veracruzana (UV) a atender este llamado e instrumentar acciones preventivas.<\/p>\n","protected":false},"author":1810,"featured_media":26463,"comment_status":"closed","ping_status":"closed","sticky":false,"template":"","format":"standard","meta":[],"categories":[1],"tags":[3],"_links":{"self":[{"href":"https:\/\/www.uv.mx\/prensa\/wp-json\/wp\/v2\/posts\/26453"}],"collection":[{"href":"https:\/\/www.uv.mx\/prensa\/wp-json\/wp\/v2\/posts"}],"about":[{"href":"https:\/\/www.uv.mx\/prensa\/wp-json\/wp\/v2\/types\/post"}],"author":[{"embeddable":true,"href":"https:\/\/www.uv.mx\/prensa\/wp-json\/wp\/v2\/users\/1810"}],"replies":[{"embeddable":true,"href":"https:\/\/www.uv.mx\/prensa\/wp-json\/wp\/v2\/comments?post=26453"}],"version-history":[{"count":0,"href":"https:\/\/www.uv.mx\/prensa\/wp-json\/wp\/v2\/posts\/26453\/revisions"}],"wp:featuredmedia":[{"embeddable":true,"href":"https:\/\/www.uv.mx\/prensa\/wp-json\/wp\/v2\/media\/26463"}],"wp:attachment":[{"href":"https:\/\/www.uv.mx\/prensa\/wp-json\/wp\/v2\/media?parent=26453"}],"wp:term":[{"taxonomy":"category","embeddable":true,"href":"https:\/\/www.uv.mx\/prensa\/wp-json\/wp\/v2\/categories?post=26453"},{"taxonomy":"post_tag","embeddable":true,"href":"https:\/\/www.uv.mx\/prensa\/wp-json\/wp\/v2\/tags?post=26453"}],"curies":[{"name":"wp","href":"https:\/\/api.w.org\/{rel}","templated":true}]}}