{"id":26807,"date":"2017-05-16T13:14:38","date_gmt":"2017-05-16T18:14:38","guid":{"rendered":"https:\/\/www.uv.mx\/prensa\/?p=26807"},"modified":"2017-05-16T13:14:38","modified_gmt":"2017-05-16T18:14:38","slug":"participacion-de-universitarios-necesaria-para-fomentar-perspectiva-de-genero","status":"publish","type":"post","link":"https:\/\/www.uv.mx\/prensa\/general\/participacion-de-universitarios-necesaria-para-fomentar-perspectiva-de-genero\/","title":{"rendered":"Participaci\u00f3n de universitarios, necesaria para fomentar perspectiva de g\u00e9nero"},"content":{"rendered":"<ul>\n<li><em>Fueron clausuradas las actividades del curso \u201cEstrategias participativas para la promoci\u00f3n de una cultura de igualdad de g\u00e9nero en la UV\u201d<\/em><\/li>\n<li><em>Se impartir\u00e1 de nueva cuenta en junio, pero s\u00f3lo en las regiones de Xalapa y de Poza Rica<\/em><\/li>\n<\/ul>\n<p>&nbsp;<\/p>\n<div id=\"attachment_26823\" style=\"width: 732px\" class=\"wp-caption aligncenter\"><a href=\"https:\/\/www.uv.mx\/prensa\/files\/2017\/05\/Clausura-curso-de-genero-1-160517.jpg\"><img aria-describedby=\"caption-attachment-26823\" decoding=\"async\" loading=\"lazy\" class=\"size-full wp-image-26823\" src=\"https:\/\/www.uv.mx\/prensa\/files\/2017\/05\/Clausura-curso-de-genero-1-160517.jpg\" alt=\"\" width=\"722\" height=\"481\" srcset=\"https:\/\/www.uv.mx\/prensa\/files\/2017\/05\/Clausura-curso-de-genero-1-160517.jpg 722w, https:\/\/www.uv.mx\/prensa\/files\/2017\/05\/Clausura-curso-de-genero-1-160517-300x200.jpg 300w\" sizes=\"(max-width: 722px) 100vw, 722px\" \/><\/a><p id=\"caption-attachment-26823\" class=\"wp-caption-text\">La asociaci\u00f3n civil Auge imparti\u00f3 el curso sobre perspectiva de g\u00e9nero a funcionarios universitarios<\/p><\/div>\n<p>&nbsp;<\/p>\n<p><strong><em>Paola Cort\u00e9s P\u00e9rez<\/em><\/strong><\/p>\n<p><strong><em>\u00a0<\/em><\/strong><\/p>\n<p><strong><em>Xalapa, Ver., 16\/05\/2017.-<\/em><\/strong> Mar\u00eda Jos\u00e9 Garc\u00eda Oramas, coordinadora de la Unidad de G\u00e9nero de la Universidad Veracruzana (UV), dijo que es necesaria la participaci\u00f3n activa de toda la comunidad universitaria para construir una perspectiva de g\u00e9nero y fomentar una cultura de igualdad.<\/p>\n<p>\u201cQueremos apoyar a la comunidad universitaria a imaginar, dise\u00f1ar, pensar y reflexionar sobre lo que juntos podemos hacer para construir una cultura de igualdad\u201d, expres\u00f3 al clausurar el curso \u201cEstrategias participativas para la promoci\u00f3n de una cultura de igualdad de g\u00e9nero en la UV\u201d, el martes 9 de mayo en la sala de videoconferencia de la Unidad de Servicios Bibliotecarios y de Informaci\u00f3n (USBI) Xalapa, en la que se entregaron constancias a los 16 funcionarios asistentes.<\/p>\n<p>&nbsp;<\/p>\n<div id=\"attachment_26824\" style=\"width: 732px\" class=\"wp-caption aligncenter\"><a href=\"https:\/\/www.uv.mx\/prensa\/files\/2017\/05\/Clausura-curso-de-genero-2-160517.jpg\"><img aria-describedby=\"caption-attachment-26824\" decoding=\"async\" loading=\"lazy\" class=\"size-full wp-image-26824\" src=\"https:\/\/www.uv.mx\/prensa\/files\/2017\/05\/Clausura-curso-de-genero-2-160517.jpg\" alt=\"\" width=\"722\" height=\"483\" srcset=\"https:\/\/www.uv.mx\/prensa\/files\/2017\/05\/Clausura-curso-de-genero-2-160517.jpg 722w, https:\/\/www.uv.mx\/prensa\/files\/2017\/05\/Clausura-curso-de-genero-2-160517-300x201.jpg 300w\" sizes=\"(max-width: 722px) 100vw, 722px\" \/><\/a><p id=\"caption-attachment-26824\" class=\"wp-caption-text\">Vidal Hern\u00e1ndez Aguilar, jefe de Servicios Bibliotecarios de la USBI Xalapa<\/p><\/div>\n<p>&nbsp;<\/p>\n<p>Detall\u00f3 que el curso fue impartido por integrantes de la asociaci\u00f3n civil Desarrollo Autogestionario (<em>Auge<\/em>), los d\u00edas 2, 3 y 8 de mayo en la USBI Xalapa, con una duraci\u00f3n total de 20 horas. Esta capacitaci\u00f3n se realiz\u00f3 de manera simult\u00e1nea en las cinco regiones universitarias, dirigida a estudiantes, personal administrativo y acad\u00e9mico, as\u00ed como a funcionarios.<\/p>\n<p>Debido a que algunas personas no pudieron tomar el curso, Garc\u00eda Oramas adelant\u00f3 que se volver\u00e1 a impartir en junio, pero \u00fanicamente en las regiones Xalapa y Poza Rica, y se puede consultar la convocatoria en la p\u00e1gina de la coordinaci\u00f3n (<a href=\"https:\/\/www.uv.mx\/uge\">https:\/\/www.uv.mx\/uge<\/a>).<\/p>\n<p>Silvia Elena Dom\u00ednguez M\u00e9ndez, directora y facilitadora de <em>Auge<\/em>, indic\u00f3 que el curso se dise\u00f1\u00f3 considerando la situaci\u00f3n que vive la Universidad, por ello se abordaron temas como sexo, g\u00e9nero, subjetividades, poder, violencia, equidad de g\u00e9nero, que pueden ayudar a visibilizar situaciones y acciones que se han normalizado en la sociedad.<\/p>\n<p>\u201cEs de relevancia impartir este tipo de cursos en las instituciones educativas, porque la sociedad se nutre de los profesionistas que se forman y egresan de sus aulas. Si tienen una postura de reconocimiento y respeto a la diversidad, entonces la sociedad cambiar\u00eda.\u201d<\/p>\n<p>&nbsp;<\/p>\n<div id=\"attachment_26826\" style=\"width: 732px\" class=\"wp-caption aligncenter\"><a href=\"https:\/\/www.uv.mx\/prensa\/files\/2017\/05\/Clausura-curso-de-genero-3-160517.jpg\"><img aria-describedby=\"caption-attachment-26826\" decoding=\"async\" loading=\"lazy\" class=\"size-full wp-image-26826\" src=\"https:\/\/www.uv.mx\/prensa\/files\/2017\/05\/Clausura-curso-de-genero-3-160517.jpg\" alt=\"\" width=\"722\" height=\"483\" srcset=\"https:\/\/www.uv.mx\/prensa\/files\/2017\/05\/Clausura-curso-de-genero-3-160517.jpg 722w, https:\/\/www.uv.mx\/prensa\/files\/2017\/05\/Clausura-curso-de-genero-3-160517-300x201.jpg 300w\" sizes=\"(max-width: 722px) 100vw, 722px\" \/><\/a><p id=\"caption-attachment-26826\" class=\"wp-caption-text\">Alejandra Dur\u00e1n Tovilla, administradora de la UVI<\/p><\/div>\n<p>&nbsp;<\/p>\n<p>Algunos de los asistentes expresaron que se trat\u00f3 de un curso pertinente y adecuado dada la violencia que cotidianamente est\u00e1 presente en el entorno social del estado y del pa\u00eds.<\/p>\n<p>\u201cVivimos la violencia todos los d\u00edas, a veces ya no la notamos porque se ha hecho tan cotidiana, entonces es adecuado que se imparta este tipo de cursos al interior de la Universidad\u201d, externo Vidal Hern\u00e1ndez Aguilar, jefe de Servicios Bibliotecarios de la USBI Xalapa.<\/p>\n<p>Alejandra Dur\u00e1n Tovilla, administradora de la Universidad Veracruzana Intercultural (UVI), expres\u00f3 que este curso es necesario porque a veces no reconocemos la perspectiva que tiene el resto de las personas en temas de g\u00e9nero.<\/p>\n<p>\u201cEs importante, como funcionarios y autoridades universitarias, entender y transmitir esta informaci\u00f3n al resto de nuestros compa\u00f1eros.\u201d<\/p>\n<p>&nbsp;<\/p>\n","protected":false},"excerpt":{"rendered":"<p><strong><em>Paola Cort\u00e9s .-<\/em><\/strong>Mar\u00eda Jos\u00e9 Garc\u00eda Oramas, coordinadora de la Unidad de G\u00e9nero de la Universidad Veracruzana (UV), dijo que es necesaria la participaci\u00f3n activa de toda la comunidad universitaria para construir una perspectiva de g\u00e9nero y fomentar una cultura de igualdad.<\/p>\n","protected":false},"author":1810,"featured_media":26822,"comment_status":"closed","ping_status":"closed","sticky":false,"template":"","format":"standard","meta":[],"categories":[1],"tags":[3],"_links":{"self":[{"href":"https:\/\/www.uv.mx\/prensa\/wp-json\/wp\/v2\/posts\/26807"}],"collection":[{"href":"https:\/\/www.uv.mx\/prensa\/wp-json\/wp\/v2\/posts"}],"about":[{"href":"https:\/\/www.uv.mx\/prensa\/wp-json\/wp\/v2\/types\/post"}],"author":[{"embeddable":true,"href":"https:\/\/www.uv.mx\/prensa\/wp-json\/wp\/v2\/users\/1810"}],"replies":[{"embeddable":true,"href":"https:\/\/www.uv.mx\/prensa\/wp-json\/wp\/v2\/comments?post=26807"}],"version-history":[{"count":0,"href":"https:\/\/www.uv.mx\/prensa\/wp-json\/wp\/v2\/posts\/26807\/revisions"}],"wp:featuredmedia":[{"embeddable":true,"href":"https:\/\/www.uv.mx\/prensa\/wp-json\/wp\/v2\/media\/26822"}],"wp:attachment":[{"href":"https:\/\/www.uv.mx\/prensa\/wp-json\/wp\/v2\/media?parent=26807"}],"wp:term":[{"taxonomy":"category","embeddable":true,"href":"https:\/\/www.uv.mx\/prensa\/wp-json\/wp\/v2\/categories?post=26807"},{"taxonomy":"post_tag","embeddable":true,"href":"https:\/\/www.uv.mx\/prensa\/wp-json\/wp\/v2\/tags?post=26807"}],"curies":[{"name":"wp","href":"https:\/\/api.w.org\/{rel}","templated":true}]}}