{"id":27824,"date":"2017-05-30T11:00:10","date_gmt":"2017-05-30T16:00:10","guid":{"rendered":"https:\/\/www.uv.mx\/prensa\/?p=27824"},"modified":"2017-05-30T11:00:10","modified_gmt":"2017-05-30T16:00:10","slug":"uv-busca-eficientar-procesos-de-adquisicion-de-bienes","status":"publish","type":"post","link":"https:\/\/www.uv.mx\/prensa\/general\/uv-busca-eficientar-procesos-de-adquisicion-de-bienes\/","title":{"rendered":"UV busca eficientar procesos de adquisici\u00f3n de bienes"},"content":{"rendered":"<ul>\n<li><em>Secretar\u00eda de la Funci\u00f3n P\u00fablica (SFP) capacit\u00f3 al personal sobre la Ley de Adquisiciones y el sistema electr\u00f3nico <\/em>CompraNet<\/li>\n<li><em>A iniciativa de la Secretar\u00eda de Administraci\u00f3n y Finanzas (SAF) <\/em><\/li>\n<\/ul>\n<p>&nbsp;<\/p>\n<div id=\"attachment_27825\" style=\"width: 732px\" class=\"wp-caption aligncenter\"><a href=\"https:\/\/www.uv.mx\/prensa\/files\/2017\/05\/Curso-SFP-1-300517.jpg\"><img aria-describedby=\"caption-attachment-27825\" decoding=\"async\" loading=\"lazy\" class=\"size-full wp-image-27825\" src=\"https:\/\/www.uv.mx\/prensa\/files\/2017\/05\/Curso-SFP-1-300517.jpg\" alt=\"\" width=\"722\" height=\"481\" srcset=\"https:\/\/www.uv.mx\/prensa\/files\/2017\/05\/Curso-SFP-1-300517.jpg 722w, https:\/\/www.uv.mx\/prensa\/files\/2017\/05\/Curso-SFP-1-300517-300x200.jpg 300w\" sizes=\"(max-width: 722px) 100vw, 722px\" \/><\/a><p id=\"caption-attachment-27825\" class=\"wp-caption-text\">Francisco Lorenzana y Jos\u00e9 Moreno, funcionarios de la SFP<\/p><\/div>\n<p>&nbsp;<\/p>\n<p><strong><em>Claudia Peralta V\u00e1zquez <\/em><\/strong><\/p>\n<p>&nbsp;<\/p>\n<p><strong><em>Xalapa, Ver., 30\/05\/2017.-<\/em><\/strong><\/p>\n<p>En este tenor, los d\u00edas 25 y 26 de mayo, funcionarios de la Secretar\u00eda de la Funci\u00f3n P\u00fablica (SFP) impartieron un curso te\u00f3rico-pr\u00e1ctico sobre aspectos normativos de las contrataciones contempladas en la Ley de Adquisiciones, as\u00ed como del sistema electr\u00f3nico gubernamental <em>CompraNet<\/em>.<\/p>\n<p>Personal directivo y administrativo de las \u00e1reas de Recursos Materiales, Contralor\u00eda General, Asuntos Jur\u00eddicos y Direcci\u00f3n General de Bibliotecas, particip\u00f3 en este curso de reforzamiento de habilidades, durante el cual aclararon dudas puntuales relacionadas con\u00a0 ambos temas.<\/p>\n<p>Eric Jes\u00fas Galindo Mej\u00eda, director de Recursos Materiales, destac\u00f3 que toda contrataci\u00f3n de un bien y servicio debe realizarse a trav\u00e9s de procedimientos de licitaci\u00f3n p\u00fablica. Es por ello que la Universidad est\u00e1 obligada a ejercer los recursos p\u00fablicos federales de una forma transparente y eficiente.<\/p>\n<p>&nbsp;<\/p>\n<div id=\"attachment_27830\" style=\"width: 732px\" class=\"wp-caption aligncenter\"><a href=\"https:\/\/www.uv.mx\/prensa\/files\/2017\/05\/Curso-SFP-2-300517.jpg\"><img aria-describedby=\"caption-attachment-27830\" decoding=\"async\" loading=\"lazy\" class=\"size-full wp-image-27830\" src=\"https:\/\/www.uv.mx\/prensa\/files\/2017\/05\/Curso-SFP-2-300517.jpg\" alt=\"\" width=\"722\" height=\"481\" srcset=\"https:\/\/www.uv.mx\/prensa\/files\/2017\/05\/Curso-SFP-2-300517.jpg 722w, https:\/\/www.uv.mx\/prensa\/files\/2017\/05\/Curso-SFP-2-300517-300x200.jpg 300w\" sizes=\"(max-width: 722px) 100vw, 722px\" \/><\/a><p id=\"caption-attachment-27830\" class=\"wp-caption-text\">Personal directivo y administrativo de diversas \u00e1reas de la UV participaron en curso de capacitaci\u00f3n<\/p><\/div>\n<p>&nbsp;<\/p>\n<p>En este sentido, es necesario capacitar a los servidores p\u00fablicos inmersos en los procesos de adquisici\u00f3n de bienes y servicios.<\/p>\n<p>Precis\u00f3 que en el primer d\u00eda de actividades, donde se profundiz\u00f3 en torno a la Ley de Adquisiciones, intervinieron \u2013a trav\u00e9s del sistema de videoconferencia\u2013 administradores de las cinco regiones universitarias, quienes son el primer contacto con todos los usuarios que requieren de un bien y servicio.<\/p>\n<p>\u201cEllos elaboran las requisiciones y a su vez las trasladan a la Direcci\u00f3n de Recursos Materiales, que es la unidad compradora autorizada por la UV.\u201d<\/p>\n<p>Jos\u00e9 Moreno Rico, director de Asesor\u00eda en Adquisiciones \u201cA\u201d, adscrito a la Subsecretar\u00eda de Responsabilidades y Contrataciones P\u00fablicas de la SFP, fue el encargado de impartir el tema citado y\u00a0 resalt\u00f3 el gran inter\u00e9s del personal de la UV no solo por evitar sanciones de car\u00e1cter administrativo, sino tambi\u00e9n por el af\u00e1n de hacer bien su trabajo y cumplir con las normas.<\/p>\n<p>Se\u00f1al\u00f3 que la instituci\u00f3n educativa es un ente p\u00fablico de car\u00e1cter estatal que ejerce recursos federales, por lo que en este sentido debe sujetarse a las leyes federales y no a las locales.<\/p>\n<p>Coment\u00f3 que la Ley de Adquisiciones fue emitida en el a\u00f1o 2000 y ha sufrido diversas reformas. La m\u00e1s importante fue en 2009, cuando se incorpor\u00f3 el concepto de un nuevo sistema electr\u00f3nico de contrataciones llamado <em>CompraNet.<\/em><\/p>\n<p>Adem\u00e1s, dijo, se establecen algunos conceptos novedosos y se intenta que se homologuen esas buenas pr\u00e1cticas en todas las legislaciones estatales.<\/p>\n<p>&nbsp;<\/p>\n<div id=\"attachment_27826\" style=\"width: 693px\" class=\"wp-caption aligncenter\"><a href=\"https:\/\/www.uv.mx\/prensa\/files\/2017\/05\/Curso-SFP-3-300517.jpg\"><img aria-describedby=\"caption-attachment-27826\" decoding=\"async\" loading=\"lazy\" class=\"size-large wp-image-27826\" src=\"https:\/\/www.uv.mx\/prensa\/files\/2017\/05\/Curso-SFP-3-300517-683x1024.jpg\" alt=\"\" width=\"683\" height=\"1024\" srcset=\"https:\/\/www.uv.mx\/prensa\/files\/2017\/05\/Curso-SFP-3-300517-683x1024.jpg 683w, https:\/\/www.uv.mx\/prensa\/files\/2017\/05\/Curso-SFP-3-300517-200x300.jpg 200w, https:\/\/www.uv.mx\/prensa\/files\/2017\/05\/Curso-SFP-3-300517.jpg 722w\" sizes=\"(max-width: 683px) 100vw, 683px\" \/><\/a><p id=\"caption-attachment-27826\" class=\"wp-caption-text\">Eric Jes\u00fas Galindo, director de Recursos Materiales<\/p><\/div>\n<p>&nbsp;<\/p>\n<p>\u201cPor mandato constitucional las contrataciones se deben realizar bajo determinadas l\u00edneas de acci\u00f3n, porque se ejercen los recursos de la sociedad y \u00e9stos deben ser adecuadamente ejercidos apegados a las normas federales.\u201d<\/p>\n<p>Por ejemplo, el Art\u00edculo 134 de la Ley de Adquisiciones establece que cualquier contrataci\u00f3n debe realizarse a trav\u00e9s de licitaci\u00f3n p\u00fablica abierta para que participe cualquier interesado.<\/p>\n<p>En tanto, Francisco Lorenzana Zarco, director de Administraci\u00f3n de Contrataciones de la Unidad de Pol\u00edtica de Contrataciones P\u00fablicas, en la SFP, ofreci\u00f3 un curso especializado de <em>CompraNet<\/em>, sistema electr\u00f3nico de informaci\u00f3n p\u00fablica gubernamental sobre adquisiciones, arrendamientos, servicios y obras p\u00fablicas.<\/p>\n<p>\u201cEs un sistema que permite hacer procedimientos de contrataci\u00f3n a trav\u00e9s de Internet, registro de empresas, y se puede participar en m\u00e1s de dos mil procedimientos que se publican al d\u00eda, es un sistema electr\u00f3nico de compras gubernamentales\u201d, detall\u00f3.<\/p>\n<p>&nbsp;<\/p>\n<div id=\"attachment_27827\" style=\"width: 732px\" class=\"wp-caption aligncenter\"><a href=\"https:\/\/www.uv.mx\/prensa\/files\/2017\/05\/Curso-SFP-4-300517.jpg\"><img aria-describedby=\"caption-attachment-27827\" decoding=\"async\" loading=\"lazy\" class=\"size-full wp-image-27827\" src=\"https:\/\/www.uv.mx\/prensa\/files\/2017\/05\/Curso-SFP-4-300517.jpg\" alt=\"\" width=\"722\" height=\"481\" srcset=\"https:\/\/www.uv.mx\/prensa\/files\/2017\/05\/Curso-SFP-4-300517.jpg 722w, https:\/\/www.uv.mx\/prensa\/files\/2017\/05\/Curso-SFP-4-300517-300x200.jpg 300w\" sizes=\"(max-width: 722px) 100vw, 722px\" \/><\/a><p id=\"caption-attachment-27827\" class=\"wp-caption-text\">Dar\u00edo Fern\u00e1ndez y Jos\u00e9 Alberto Aguilar<\/p><\/div>\n<p>&nbsp;<\/p>\n<p>Actualmente utilizan el sistema poco m\u00e1s de 260 entes p\u00fablicos federales, 900 locales en todo el pa\u00eds y m\u00e1s de mil 750 municipios.<\/p>\n<p>\u201cEs obligatorio su uso cuando reciben recursos de la Federaci\u00f3n, a trav\u00e9s de la diversidad de programas.\u201d<\/p>\n<p>Dar\u00edo Fern\u00e1ndez, personal adscrito a la Direcci\u00f3n de Recursos Materiales, expres\u00f3 que como servidores p\u00fablicos deben tener conocimiento sobre dos ejes importantes en las compras: la normatividad, a trav\u00e9s de la Ley de Adquisiciones; y la operatividad, mediante el sistema de <em>CompraNet<\/em>.<\/p>\n<p>\u201cLa utilizaci\u00f3n del Sistema Compranet en los procesos de adquisici\u00f3n de bienes y servicios permite transparentar y hacer m\u00e1s eficiente nuestro trabajo.\u201d<\/p>\n<p>Otro participante fue Jos\u00e9 Alberto Aguilar Segura, director de Control y Evaluaci\u00f3n de la Contralor\u00eda General, quien subray\u00f3 que\u00a0 esta capacitaci\u00f3n es muy \u00fatil para garantizar el cumplimiento de las normas, toda vez que el manejo de recursos p\u00fablicos obliga a la instituci\u00f3n a sujetarse a la normatividad federal, estatal, e interna de la UV.<\/p>\n<p>&nbsp;<\/p>\n","protected":false},"excerpt":{"rendered":"<p><strong><em>Claudia Peralta.-<\/em><\/strong>En apego a la normatividad vigente, la Universidad Veracruzana (UV), a trav\u00e9s de la Secretar\u00eda de Administraci\u00f3n y Finanzas (SAF), busca eficientar los procesos de adquisici\u00f3n de bienes, mediante la capacitaci\u00f3n que brinda a los servidores p\u00fablicos.<\/p>\n","protected":false},"author":1810,"featured_media":27829,"comment_status":"closed","ping_status":"closed","sticky":false,"template":"","format":"standard","meta":[],"categories":[1],"tags":[2],"_links":{"self":[{"href":"https:\/\/www.uv.mx\/prensa\/wp-json\/wp\/v2\/posts\/27824"}],"collection":[{"href":"https:\/\/www.uv.mx\/prensa\/wp-json\/wp\/v2\/posts"}],"about":[{"href":"https:\/\/www.uv.mx\/prensa\/wp-json\/wp\/v2\/types\/post"}],"author":[{"embeddable":true,"href":"https:\/\/www.uv.mx\/prensa\/wp-json\/wp\/v2\/users\/1810"}],"replies":[{"embeddable":true,"href":"https:\/\/www.uv.mx\/prensa\/wp-json\/wp\/v2\/comments?post=27824"}],"version-history":[{"count":0,"href":"https:\/\/www.uv.mx\/prensa\/wp-json\/wp\/v2\/posts\/27824\/revisions"}],"wp:featuredmedia":[{"embeddable":true,"href":"https:\/\/www.uv.mx\/prensa\/wp-json\/wp\/v2\/media\/27829"}],"wp:attachment":[{"href":"https:\/\/www.uv.mx\/prensa\/wp-json\/wp\/v2\/media?parent=27824"}],"wp:term":[{"taxonomy":"category","embeddable":true,"href":"https:\/\/www.uv.mx\/prensa\/wp-json\/wp\/v2\/categories?post=27824"},{"taxonomy":"post_tag","embeddable":true,"href":"https:\/\/www.uv.mx\/prensa\/wp-json\/wp\/v2\/tags?post=27824"}],"curies":[{"name":"wp","href":"https:\/\/api.w.org\/{rel}","templated":true}]}}