{"id":29056,"date":"2017-06-15T13:54:40","date_gmt":"2017-06-15T18:54:40","guid":{"rendered":"https:\/\/www.uv.mx\/prensa\/?p=29056"},"modified":"2017-06-15T13:58:43","modified_gmt":"2017-06-15T18:58:43","slug":"curso-vacacional-ollin-oferta-15-actividades","status":"publish","type":"post","link":"https:\/\/www.uv.mx\/prensa\/deportes\/curso-vacacional-ollin-oferta-15-actividades\/","title":{"rendered":"Curso Vacacional Ollin oferta 15 actividades"},"content":{"rendered":"<ul>\n<li><i><em>Del 17 de julio al 11 de agosto, coordinado por la <\/em><em>Direcci\u00f3n de Actividades Deportivas<\/em><\/i><\/li>\n<\/ul>\n<p>&nbsp;<\/p>\n<div id=\"attachment_29058\" style=\"width: 732px\" class=\"wp-caption aligncenter\"><a href=\"https:\/\/www.uv.mx\/prensa\/files\/2017\/06\/150617.-Expectacion-Ollin-OK.jpg\"><img aria-describedby=\"caption-attachment-29058\" decoding=\"async\" loading=\"lazy\" class=\"size-full wp-image-29058\" src=\"https:\/\/www.uv.mx\/prensa\/files\/2017\/06\/150617.-Expectacion-Ollin-OK.jpg\" alt=\"\" width=\"722\" height=\"476\" \/><\/a><p id=\"caption-attachment-29058\" class=\"wp-caption-text\">El Curso Vacacional Ollin est\u00e1 conformado por cuatro categor\u00edas<\/p><\/div>\n<p>&nbsp;<\/p>\n<p><em><strong>Santiago Morales Ortiz<\/strong><\/em><\/p>\n<p>&nbsp;<\/p>\n<p><em><strong>Xalapa, Ver., 15\/06\/2017.-<\/strong><\/em> Un total de 15 actividades forman parte de la oferta del Curso Vacacional Ollin 2017 de la Universidad Veracruzana (UV), el cual est\u00e1 dirigido a ni\u00f1os de Xalapa y la regi\u00f3n, y se llevar\u00e1 a cabo del 17 de julio al 11 de agosto.<\/p>\n<p>Con un solo pago, los participantes tienen la oportunidad de tomar tres disciplinas, entre las que figuran: nataci\u00f3n, cantos y juegos, pintura y manualidades, tae kwon do, basquetbol, voleibol, futbol r\u00e1pido, futbol asociaci\u00f3n, baile, judo, handball, gimnasia aer\u00f3bica, tenis y tenis de mesa, adem\u00e1s de acondicionamiento f\u00edsico<\/p>\n<p>Convocado y organizado por la Direcci\u00f3n de Actividades Deportivas (DADUV), el Curso Vacacional Ollin tiene como coordinador general al instructor Luis Gerardo Cort\u00e9s Sosa.<br \/>\nEn la nataci\u00f3n, oferta deportiva de mayor demanda, el instructor ser\u00e1 Enrique Rosales Ronz\u00f3n; se trabajar\u00e1 con grupos reducidos para una ense\u00f1anza casi personalizada a cargo de monitores y entrenadores que han estado al frente de las selecciones de los Halcones.<\/p>\n<p>Son cuatro las categor\u00edas, donde ni\u00f1os y j\u00f3venes pueden participar: Halconcitos, para elementos de cinco a siete a\u00f1os de edad; Halc\u00f3n Verde, de ocho a 10 a\u00f1os; Halc\u00f3n Azul, de 11 a 13 a\u00f1os, y Halcones Blancos, de 14 a 16 a\u00f1os.<\/p>\n<p>Para Halconcitos, los horarios: son baloncesto de 9:00 a 10:00 horas, en el Gimnasio de la UDU; pintura y manualidades, en la sala de juntas de la DADUV, y baile, en la Sala Anexa \u201cA\u201d del Gimnasio Universitario \u201cMiguel \u00c1ngel R\u00edos\u201d.<\/p>\n<p>De 11:00 a 12:00 horas, voleibol en el Gimnasio Universitario \u201cMiguel \u00c1ngel R\u00edos\u201d; futbol r\u00e1pido, en la cancha de la UDU; cantos y juegos, en la cancha de handball.<br \/>\nDe 11:00 a 12:00 horas, nataci\u00f3n en la Alberca Universitaria \u00abEulalio R\u00edos\u00bb; 12:00 a 13:00 horas, futbol asociaci\u00f3n en la cancha 1 de la UDU.<\/p>\n<p>Para la categor\u00eda de Halc\u00f3n Verde, de 9:00 a 10:00 horas, voleibol en el Gimnasio Universitario \u201cMiguel \u00c1ngel R\u00edos\u201d; futbol asociaci\u00f3n, en el campo 1 de la UDU; cantos y juegos, en la cancha de handball.<\/p>\n<p>De 10:00 a 11:00 horas, baloncesto en el gimnasio de la UDU; tae kwon do, en la Sala Anexa \u201cA\u201d del Gimnasio Universitario \u201cMiguel \u00c1ngel R\u00edos\u201d; baile en la sala, en la Sala Anexa \u201cB\u201d del mismo espacio; pintura y manualidades, en la sala de juntas de la DADUV.<\/p>\n<p>De 11:00 a 12:00 horas, futbol r\u00e1pido en la cancha de la UDU; tenis de mesa, en el hall del Gimnasio Universitario \u201cMiguel \u00c1ngel R\u00edos\u201d, y acondicionamiento f\u00edsico, en el campo mixto de la UDU.<\/p>\n<p>Para Halc\u00f3n Azul, de 9:00 a 10:00 horas, nataci\u00f3n en la Alberca Universitaria \u00abEulalio R\u00edos\u00bb. De 10:00 a 11:00 horas, futbol asociaci\u00f3n, en la cancha 1 de la UDU; acondicionamiento f\u00edsico, en el campo mixto de la UDU, y tenis de mesa, en el hall del gimnasio universitario.<\/p>\n<p>De 11:00 a 12:00 horas, voleibol en el Gimnasio Universitario \u201cMiguel \u00c1ngel R\u00edos\u201d; handball, en la cancha anexa a la Alberca Universitaria \u00abEulalio R\u00edos\u00bb; tae kwon do, en la Sala Anexa \u201cB\u201d, y gimnasia aer\u00f3bica, en la Sala Anexa \u201cA\u201d, ambas del Gimnasio Universitario \u201cMiguel \u00c1ngel R\u00edos\u201d.<\/p>\n<p>De 12:00 a 13:00 horas, basquetbol, futbol r\u00e1pido y tenis, todos en las canchas de la UDU.<\/p>\n<p>Halcones Blancos, de 9:00 a 10:00 horas, futbol r\u00e1pido en la cancha de la UDU; acondicionamiento f\u00edsico, en el campo mixto de la UDU; tenis de mesa, en el hall del gimnasio universitario.<br \/>\nDe 10:00 a 11:00 horas, nataci\u00f3n en la Alberca Universitaria \u00abEulalio R\u00edos\u00bb. De 11:00 a 12:00, basquetbol en la UDU; futbol asociaci\u00f3n, en el campo 1 de la UDU; tenis, en la cancha de la UDU.<\/p>\n<p>De 12:00 a 13:00 horas, voleibol en el gimnasio universitario; handball, en la cancha anexa a la Alberca Universitaria \u00abEulalio R\u00edos\u00bb, y gimnasia aer\u00f3bica, en la Sala Anexa \u201cA\u201d del Gimnasio Universitario \u201cMiguel \u00c1ngel R\u00edos\u201d.<\/p>\n<p>Actividades extra: ciclismo, para elementos de nueve a 10 a a\u00f1os;\u00a0 ajedrez, de seis a 10 a\u00f1os, y judo, de seis a 17 a\u00f1os, todos de 13:00 a 14:00 horas.<\/p>\n<p>Las inscripciones siguen abiertas en d\u00edas y horas h\u00e1biles, en la parte baja de las oficinas de la DADUV, de lunes a viernes de 9:00 a 13:00 y de 17:00 a 19:30 horas.<\/p>\n<p><b><i><span style=\"font-family: 'Arial','sans-serif';font-size: 14pt\"><span style=\"color: #000000\">\u00a0<\/span><\/span><\/i><\/b><\/p>\n","protected":false},"excerpt":{"rendered":"<p><strong><em> Santiago Morales Ortiz.-<\/em><\/strong> Un total de 15 actividades forman parte de la oferta del Curso Vacacional Ollin 2017 de la Universidad Veracruzana (UV), el cual est\u00e1 dirigido a ni\u00f1os de Xalapa y la regi\u00f3n, y se llevar\u00e1 a cabo del 17 de julio al 11 de agosto.<\/p>\n","protected":false},"author":1809,"featured_media":29057,"comment_status":"closed","ping_status":"closed","sticky":false,"template":"","format":"standard","meta":[],"categories":[12],"tags":[17],"_links":{"self":[{"href":"https:\/\/www.uv.mx\/prensa\/wp-json\/wp\/v2\/posts\/29056"}],"collection":[{"href":"https:\/\/www.uv.mx\/prensa\/wp-json\/wp\/v2\/posts"}],"about":[{"href":"https:\/\/www.uv.mx\/prensa\/wp-json\/wp\/v2\/types\/post"}],"author":[{"embeddable":true,"href":"https:\/\/www.uv.mx\/prensa\/wp-json\/wp\/v2\/users\/1809"}],"replies":[{"embeddable":true,"href":"https:\/\/www.uv.mx\/prensa\/wp-json\/wp\/v2\/comments?post=29056"}],"version-history":[{"count":0,"href":"https:\/\/www.uv.mx\/prensa\/wp-json\/wp\/v2\/posts\/29056\/revisions"}],"wp:featuredmedia":[{"embeddable":true,"href":"https:\/\/www.uv.mx\/prensa\/wp-json\/wp\/v2\/media\/29057"}],"wp:attachment":[{"href":"https:\/\/www.uv.mx\/prensa\/wp-json\/wp\/v2\/media?parent=29056"}],"wp:term":[{"taxonomy":"category","embeddable":true,"href":"https:\/\/www.uv.mx\/prensa\/wp-json\/wp\/v2\/categories?post=29056"},{"taxonomy":"post_tag","embeddable":true,"href":"https:\/\/www.uv.mx\/prensa\/wp-json\/wp\/v2\/tags?post=29056"}],"curies":[{"name":"wp","href":"https:\/\/api.w.org\/{rel}","templated":true}]}}