{"id":29777,"date":"2017-06-27T14:19:08","date_gmt":"2017-06-27T19:19:08","guid":{"rendered":"https:\/\/www.uv.mx\/prensa\/?p=29777"},"modified":"2017-06-27T14:19:08","modified_gmt":"2017-06-27T19:19:08","slug":"editorial-uv-consolida-su-tradicion-e-innova-para-llegar-a-todo-el-mundo","status":"publish","type":"post","link":"https:\/\/www.uv.mx\/prensa\/general\/editorial-uv-consolida-su-tradicion-e-innova-para-llegar-a-todo-el-mundo\/","title":{"rendered":"Editorial UV consolida su tradici\u00f3n e innova para llegar a todo el mundo"},"content":{"rendered":"<ul>\n<li><em>Se desarrolla el Primer Taller de Revistas de la instituci\u00f3n, con el objetivo de establecer criterios de publicaci\u00f3n, as\u00ed como la distribuci\u00f3n en medios electr\u00f3nicos<\/em><\/li>\n<li><em>Autoridades entregaron reconocimientos a los autores de la UV que se encuentran indizados dentro del <\/em>Book Citation Index<\/li>\n<\/ul>\n<p>&nbsp;<\/p>\n<div id=\"attachment_29782\" style=\"width: 732px\" class=\"wp-caption aligncenter\"><a href=\"https:\/\/www.uv.mx\/prensa\/files\/2017\/06\/Foto-1-banner-y-destacada-270617.jpg\"><img aria-describedby=\"caption-attachment-29782\" decoding=\"async\" loading=\"lazy\" class=\"size-full wp-image-29782\" src=\"https:\/\/www.uv.mx\/prensa\/files\/2017\/06\/Foto-1-banner-y-destacada-270617.jpg\" alt=\"\" width=\"722\" height=\"430\" srcset=\"https:\/\/www.uv.mx\/prensa\/files\/2017\/06\/Foto-1-banner-y-destacada-270617.jpg 722w, https:\/\/www.uv.mx\/prensa\/files\/2017\/06\/Foto-1-banner-y-destacada-270617-300x179.jpg 300w\" sizes=\"(max-width: 722px) 100vw, 722px\" \/><\/a><p id=\"caption-attachment-29782\" class=\"wp-caption-text\">El taller es una iniciativa para armonizar el trabajo de todas las revistas que se producen en esta casa de estudio<\/p><\/div>\n<p>&nbsp;<\/p>\n<p>&nbsp;<\/p>\n<p><strong><em>David Sandoval y Karina de la Paz <\/em><\/strong><\/p>\n<p>&nbsp;<\/p>\n<p><strong><em>Xalapa, Ver., 27\/06\/2017.-<\/em><\/strong> La Editorial de la Universidad Veracruzana (UV) desarrolla el Primer Taller de Revistas de la instituci\u00f3n, del martes 27 al jueves 29 de junio, con el objetivo primordial de establecer criterios de publicaci\u00f3n, as\u00ed como la distribuci\u00f3n en medios electr\u00f3nicos. Las autoridades universitarias destacaron que se trata de un ejercicio que busca mayor visibilidad del quehacer acad\u00e9mico de la instituci\u00f3n en el escenario internacional.<\/p>\n<p>En la ceremonia de inauguraci\u00f3n participaron la rectora Sara Ladr\u00f3n de Guevara; la coordinadora del Consorcio Nacional de Recursos de Informaci\u00f3n Cient\u00edfica y Tecnol\u00f3gica, Margarita Ontiveros; la secretaria acad\u00e9mica, Leticia Rodr\u00edguez Audirac; el secretario de la Rector\u00eda, Octavio Ochoa Contreras, y el director de la Editorial UV, Edgar Garc\u00eda Valencia.<\/p>\n<p>Este \u00faltimo explic\u00f3 que entre las primordiales tareas del taller est\u00e1 el lanzamiento del Open Journal Systems (OJS), sistema de administraci\u00f3n y publicaci\u00f3n de revistas y documentos peri\u00f3dicos, proyecto que se concret\u00f3 gracias a la obtenci\u00f3n de fondos externos.<\/p>\n<p>El funcionario compar\u00f3 la calidad de la producci\u00f3n editorial con un veh\u00edculo de carreras que no tiene la infraestructura para desarrollar sus potenciales: \u201cLos contenidos (editoriales) que tenemos en la Universidad Veracruzana son de gran calidad, pero nos hac\u00eda falta construir esos puentes para conectarnos a la autopista, y las plataformas como OJS, son los equivalentes a esas grandes v\u00edas por las que podr\u00e1n circular los contenidos de nuestras revistas y libros\u201d.<\/p>\n<p>Agreg\u00f3 que \u00e9ste es el primero de varios talleres que se requieren para armonizar el trabajo de todas las revistas que se producen en la instituci\u00f3n, as\u00ed como para establecer criterios comunes.<\/p>\n<p>Sara Ladr\u00f3n de Guevara record\u00f3 que desde hace 10 a\u00f1os, cuando la UV inici\u00f3 su Repositorio Institucional, se ha tenido una decidida participaci\u00f3n en el llamado acceso abierto, y a la fecha dicho espacio se encuentra como el n\u00famero uno de consultas en M\u00e9xico y el 33 en Am\u00e9rica Latina, seg\u00fan el <em>ranking<\/em> de repositorios <em>Webometrics<\/em>.<\/p>\n<p>Tales cifras son una muestra de la confianza que la sociedad ha depositado en la producci\u00f3n acad\u00e9mica y cient\u00edfica de la instituci\u00f3n, \u201cproducci\u00f3n que gracias al acceso abierto potencia la visibilidad de nuestros acad\u00e9micos\u201d, subray\u00f3.<\/p>\n<p>La Rectora tambi\u00e9n record\u00f3 que hace a\u00f1o y medio se abri\u00f3 la plataforma electr\u00f3nica <a href=\"http:\/\/ebooks.uv.mx\/\">http:\/\/ebooks.uv.mx\/<\/a>, misma que es visitada por mil 500 personas todos los d\u00edas, de las cuales s\u00f3lo la tercera parte son de M\u00e9xico.<\/p>\n<p>Mientras tanto, Margarita Ontiveros felicit\u00f3 a la administraci\u00f3n universitaria por tal iniciativa, porque \u201cestos proyectos deben ser apoyados por la instituci\u00f3n y entender c\u00f3mo y por qu\u00e9 se mide el impacto de la ciencia, c\u00f3mo miden a la Universidad\u201d.<\/p>\n<p>Adem\u00e1s, dijo, es una muy buena estrategia para mejorar el nivel de posicionamiento de la instituci\u00f3n en la producci\u00f3n cient\u00edfica a nivel mundial.<\/p>\n<p>\u201cLos felicito porque estos caminos requieren mucho esfuerzo y a veces el cambio tecnol\u00f3gico genera cierta resistencia; tener la apertura para trabajar en nuevas cosas y escuchar nuevos lenguajes puede ser complicado, pero creo que es el camino correcto.\u201d<\/p>\n<p>Por su parte, el Secretario de la Rector\u00eda remarc\u00f3 que la labor editorial de la UV, tanto como la de su sistema bibliotecario, tiene que asumir de lleno las nuevas tecnolog\u00edas para hacer visible la producci\u00f3n acad\u00e9mica en el concierto mundial. \u201cPero cuidando siempre de cumplir con los est\u00e1ndares internacionales, con la finalidad de que sean f\u00e1cilmente localizables, medidos, valorados y citados\u201d.<\/p>\n<p>Todo ello conlleva el reto de \u201carmonizar, que no estandarizar\u201d las buenas pr\u00e1cticas y trabajar bajo est\u00e1ndares internacionales, como publicar textos dictaminados por pares acad\u00e9micos, a\u00f1adi\u00f3 el funcionario universitario.<\/p>\n<p><strong>\u00a0<\/strong><\/p>\n<div id=\"attachment_29784\" style=\"width: 732px\" class=\"wp-caption aligncenter\"><a href=\"https:\/\/www.uv.mx\/prensa\/files\/2017\/06\/Foto-2-palabra-2.jpg\"><img aria-describedby=\"caption-attachment-29784\" decoding=\"async\" loading=\"lazy\" class=\"size-full wp-image-29784\" src=\"https:\/\/www.uv.mx\/prensa\/files\/2017\/06\/Foto-2-palabra-2.jpg\" alt=\"\" width=\"722\" height=\"481\" srcset=\"https:\/\/www.uv.mx\/prensa\/files\/2017\/06\/Foto-2-palabra-2.jpg 722w, https:\/\/www.uv.mx\/prensa\/files\/2017\/06\/Foto-2-palabra-2-300x200.jpg 300w\" sizes=\"(max-width: 722px) 100vw, 722px\" \/><\/a><p id=\"caption-attachment-29784\" class=\"wp-caption-text\">En el evento se dio a conocer que la UV es la tercera instituci\u00f3n en el pa\u00eds que tiene libros indexados en el Book Citation Index<\/p><\/div>\n<p>&nbsp;<\/p>\n<p><strong><em>Book Citation Index<\/em><\/strong><\/p>\n<p>En el evento se entregaron reconocimientos a los autores de la UV que se encuentran indizados dentro del <em>Book Citation Index<\/em>, herramienta de la red Science Core Collection que permite consultar las publicaciones como libros electr\u00f3nicos.<\/p>\n<p>Garc\u00eda Valencia destac\u00f3 que la UV es la tercera instituci\u00f3n en el pa\u00eds \u2013de un grupo de 500 a nivel internacional\u2013 que tiene libros indexados en la citada herramienta y precis\u00f3 que 30 est\u00e1n aprobados, 20 en revisi\u00f3n y 50 en evaluaci\u00f3n.<\/p>\n<p>Al respecto, la Rectora cit\u00f3: \u201cSi algo nos queda claro es que el presente en la difusi\u00f3n del conocimiento es digital. De esa manera es como difundimos los libros a los que ahora entregamos reconocimientos por ingresar al prestigiado <em>Book Citation Index<\/em>\u201d.<\/p>\n<p>Los reconocimientos fueron para Juan Capetillo Hern\u00e1ndez, en representaci\u00f3n de Am\u00e9rica Espinosa y Adalberto Levi Hambra como coordinadores de <em>A cien a\u00f1os de <\/em>Introducci\u00f3n del narcisismo<em> (1914-2014)<\/em>; Elissa Rashkin y Norma Esther Garc\u00eda Meza, coordinadoras de <em>Escenarios de la cultura y la comunicaci\u00f3n en M\u00e9xico. De la memoria al devenir cultural<\/em>, y Juan Capetillo Hern\u00e1ndez por <em>La emergencia del psicoan\u00e1lisis en M\u00e9xico<\/em>.<\/p>\n<p>Norma Esther Garc\u00eda Meza lo recibi\u00f3 por <em>La garza morena y la venus de Zapotl\u00e1n. Memoria literaria y art\u00edstica en <\/em>Tres d\u00edas y un cenicero; Teresa Garc\u00eda D\u00edaz, coordinadora de <em>La po\u00e9tica de la percepci\u00f3n y los intersticios de la memoria: Luis Arturo Ramos<\/em>; Marco Antonio Garc\u00eda Mart\u00ednez como compilador de <em>La semi\u00f3tica de Charles Sanders Pierce. Arte, creatividad e interpretaci\u00f3n<\/em>; Adalberto Ceballos por <em>Los desaf\u00edos del marxismo contempor\u00e1neo<\/em>; Edgar Gonz\u00e1lez Gaudiano y Ana Luc\u00eda Maldonado Gonz\u00e1lez por <em>Los j\u00f3venes universitarios y el cambio clim\u00e1tico<\/em>.<\/p>\n<p>Tambi\u00e9n lo recibieron Efr\u00e9n Ortiz Dom\u00ednguez como coordinador de <em>Medio siglo de Ficci\u00f3n en Veracruz<\/em>; Abel Ju\u00e1rez Mart\u00ednez por <em>Mercaderes vascos en los puertos del Sotavento veracruzano, 1790-1830<\/em>; Celia del Palacio Montiel como coordinadora de <em>Prensa, revoluci\u00f3n y vida cotidiana en Veracruz, 1910-1915<\/em>; Ronald Mart\u00ednez Rodr\u00edguez por <em>Principios de justicia social y deliberaci\u00f3n<\/em>, y Mar\u00eda Ang\u00e9lica Salmer\u00f3n Jim\u00e9nez como coordinadora de <em>Reconstrucci\u00f3n de \u201crazones\u201d hispanoamericanas. Racionalidad y filosof\u00eda en lengua espa\u00f1ola<\/em>.<\/p>\n<p>Asimismo se entreg\u00f3 reconocimiento a Rogelio de la Mora por <em>Intelectuales en Am\u00e9rica Latina, escenarios y debates: finales del siglo XIX-primera mitad del siglo XX<\/em>, y Elda Moreno Mendoza como coordinadora de <em>G\u00e9nero y etnicidad en los programas de salud p\u00fablica. Tuberculosis pulmonar en la sierra de Santa Marta<\/em>.<\/p>\n<p>Esta actividad se desarrolla en el Auditorio \u201cGonzalo Aguirre Beltr\u00e1n\u201d del Instituto de Investigaciones Hist\u00f3rico-Sociales de la UV.<\/p>\n<p>&nbsp;<\/p>\n","protected":false},"excerpt":{"rendered":"<p><strong><em>David Sandoval y Karina .-<\/em><\/strong>La Editorial de la Universidad Veracruzana (UV) desarrolla el Primer Taller de Revistas de la instituci\u00f3n, del martes 27 al jueves 29 de junio, con el objetivo primordial de establecer criterios de publicaci\u00f3n, as\u00ed como la distribuci\u00f3n en medios electr\u00f3nicos. Las autoridades universitarias destacaron que se trata de un ejercicio que busca mayor visibilidad del quehacer acad\u00e9mico de la instituci\u00f3n en el escenario internacional.<\/p>\n","protected":false},"author":1810,"featured_media":29783,"comment_status":"closed","ping_status":"closed","sticky":false,"template":"","format":"standard","meta":[],"categories":[1],"tags":[2],"_links":{"self":[{"href":"https:\/\/www.uv.mx\/prensa\/wp-json\/wp\/v2\/posts\/29777"}],"collection":[{"href":"https:\/\/www.uv.mx\/prensa\/wp-json\/wp\/v2\/posts"}],"about":[{"href":"https:\/\/www.uv.mx\/prensa\/wp-json\/wp\/v2\/types\/post"}],"author":[{"embeddable":true,"href":"https:\/\/www.uv.mx\/prensa\/wp-json\/wp\/v2\/users\/1810"}],"replies":[{"embeddable":true,"href":"https:\/\/www.uv.mx\/prensa\/wp-json\/wp\/v2\/comments?post=29777"}],"version-history":[{"count":0,"href":"https:\/\/www.uv.mx\/prensa\/wp-json\/wp\/v2\/posts\/29777\/revisions"}],"wp:featuredmedia":[{"embeddable":true,"href":"https:\/\/www.uv.mx\/prensa\/wp-json\/wp\/v2\/media\/29783"}],"wp:attachment":[{"href":"https:\/\/www.uv.mx\/prensa\/wp-json\/wp\/v2\/media?parent=29777"}],"wp:term":[{"taxonomy":"category","embeddable":true,"href":"https:\/\/www.uv.mx\/prensa\/wp-json\/wp\/v2\/categories?post=29777"},{"taxonomy":"post_tag","embeddable":true,"href":"https:\/\/www.uv.mx\/prensa\/wp-json\/wp\/v2\/tags?post=29777"}],"curies":[{"name":"wp","href":"https:\/\/api.w.org\/{rel}","templated":true}]}}