{"id":30031,"date":"2017-06-30T12:36:28","date_gmt":"2017-06-30T17:36:28","guid":{"rendered":"https:\/\/www.uv.mx\/prensa\/?p=30031"},"modified":"2017-07-03T12:24:55","modified_gmt":"2017-07-03T17:24:55","slug":"uv-lidera-red-regional-de-innovacion-educativa","status":"publish","type":"post","link":"https:\/\/www.uv.mx\/prensa\/general\/uv-lidera-red-regional-de-innovacion-educativa\/","title":{"rendered":"UV lidera red regional de innovaci\u00f3n educativa"},"content":{"rendered":"<ul>\n<li><em>Nueve universidades firmaron la carta de intenci\u00f3n del establecimiento de la Red Interinstitucional Sur-Sureste de Innovaci\u00f3n Educativa<\/em><\/li>\n<\/ul>\n<p>&nbsp;<\/p>\n<div id=\"attachment_30032\" style=\"width: 732px\" class=\"wp-caption aligncenter\"><a href=\"https:\/\/www.uv.mx\/prensa\/files\/2017\/06\/Red-innovacion-educativa-1-300617.jpg\"><img aria-describedby=\"caption-attachment-30032\" decoding=\"async\" loading=\"lazy\" class=\"size-full wp-image-30032\" src=\"https:\/\/www.uv.mx\/prensa\/files\/2017\/06\/Red-innovacion-educativa-1-300617.jpg\" alt=\"\" width=\"722\" height=\"481\" srcset=\"https:\/\/www.uv.mx\/prensa\/files\/2017\/06\/Red-innovacion-educativa-1-300617.jpg 722w, https:\/\/www.uv.mx\/prensa\/files\/2017\/06\/Red-innovacion-educativa-1-300617-300x200.jpg 300w\" sizes=\"(max-width: 722px) 100vw, 722px\" \/><\/a><p id=\"caption-attachment-30032\" class=\"wp-caption-text\">Participantes de nueve universidades se sumaron a la Red Interinstitucional Sur-Sureste de Innovaci\u00f3n Educativa<\/p><\/div>\n<p>&nbsp;<\/p>\n<p><strong><em>David Sandoval Rodr\u00edguez<\/em><\/strong><\/p>\n<p>&nbsp;<\/p>\n<p><strong><em>Xalapa, Ver., 30\/06\/2017.-<\/em><\/strong> La Universidad Veracruzana (UV) recibi\u00f3 el jueves 29 de junio a representantes de nueve universidades, quienes firmaron la carta de intenci\u00f3n para establecer la Red Interinstitucional Sur-Sureste de Innovaci\u00f3n Educativa, cuyo prop\u00f3sito es consolidar las fortalezas en la materia y colaborar en la resoluci\u00f3n de los retos que enfrentan.<\/p>\n<p>En representaci\u00f3n de la UV, Jos\u00e9 Antonio Hernanz Moral, titular de la Direcci\u00f3n General de Desarrollo Acad\u00e9mico e Innovaci\u00f3n Educativa (DGDAIE), y Guadalupe Aurora Maldonado Berea, directora de Innovaci\u00f3n Educativa, coordinaron el encuentro en el que participaron directores, responsables y jefes de departamentos de esta \u00e1rea.<\/p>\n<p>\u201cTenemos inter\u00e9s en desarrollar procesos colaborativos que queremos enfatizar y sistematizar, estamos convencidos de que la innovaci\u00f3n educativa depende de la interacci\u00f3n que se produce entre pares acad\u00e9micos y pares institucionales, por ese motivo es importante destacar el car\u00e1cter regional de la red, que es en realidad una constelaci\u00f3n de integrantes con intereses diversos y con una finalidad com\u00fan que es mejorar la educaci\u00f3n superior con una mejor calidad para los estudiantes\u201d, puntualiz\u00f3 Jos\u00e9 Antonio Hernanz.<\/p>\n<p>La red se constituir\u00e1 como un espacio de colaboraci\u00f3n que alentar\u00e1 el crecimiento de las instituciones y como espacio regional de la innovaci\u00f3n.<\/p>\n<p>En ese sentido, el titular de la DGDAIE expres\u00f3 que la innovaci\u00f3n educativa tiene que constituir un aut\u00e9ntico sistema, por ello la conformaci\u00f3n de la red se inscribe en el 1er Seminario InnUVa, as\u00ed como dentro del sistema de innovaci\u00f3n educativa de la UV que implica nuevas formas de pensar la universidad, particularmente desde el \u00e1mbito acad\u00e9mico, para gestar su transformaci\u00f3n.<\/p>\n<p>&nbsp;<\/p>\n<div id=\"attachment_30033\" style=\"width: 732px\" class=\"wp-caption aligncenter\"><a href=\"https:\/\/www.uv.mx\/prensa\/files\/2017\/06\/Red-innovacion-educativa-2-300617.jpg\"><img aria-describedby=\"caption-attachment-30033\" decoding=\"async\" loading=\"lazy\" class=\"size-full wp-image-30033\" src=\"https:\/\/www.uv.mx\/prensa\/files\/2017\/06\/Red-innovacion-educativa-2-300617.jpg\" alt=\"\" width=\"722\" height=\"481\" srcset=\"https:\/\/www.uv.mx\/prensa\/files\/2017\/06\/Red-innovacion-educativa-2-300617.jpg 722w, https:\/\/www.uv.mx\/prensa\/files\/2017\/06\/Red-innovacion-educativa-2-300617-300x200.jpg 300w\" sizes=\"(max-width: 722px) 100vw, 722px\" \/><\/a><p id=\"caption-attachment-30033\" class=\"wp-caption-text\">Guadalupe Aurora Maldonado y Jos\u00e9 Antonio Hernanz subrayaron el poder de convocatoria regional de la UV<\/p><\/div>\n<p>&nbsp;<\/p>\n<p>Hernanz Moral consider\u00f3 muy significativo el inter\u00e9s y disposici\u00f3n de los asistentes al estar en temporada del cierre de ciclo escolar: \u201cHay una colaboraci\u00f3n y reciprocidad muy significativas porque al interior de las universidades de la regi\u00f3n estamos todos convencidos de que debemos trabajar como pares para incidir en la formaci\u00f3n de las generaciones j\u00f3venes\u201d.<\/p>\n<p>Agreg\u00f3 que a partir del nombramiento de la UV como coordinadora de la regi\u00f3n Sur Sureste de la Asociaci\u00f3n Nacional de Universidades e Instituciones de Educaci\u00f3n Superior (ANUIES), se trabaja en impulsar la creaci\u00f3n de una red de su tipo a nivel regional.<\/p>\n<p>\u201cEl d\u00eda de hoy firmamos una carta de intenci\u00f3n para establecer la Red Interinstitucional de Innovaci\u00f3n Educativa, en el umbral de la C\u00e1tedra Iberoamericana de Innovaci\u00f3n Educativa, para comenzar a establecer pautas a partir de los ejes tem\u00e1ticos de la C\u00e1tedra y generar acciones que conlleven a una participaci\u00f3n sustantiva en cada una de las universidades invitadas y comencemos a tener productos a corto plazo\u201d, explic\u00f3 Maldonado Berea.<\/p>\n<p>Con la consolidaci\u00f3n de la red se ha establecido un plan de trabajo y lineamientos de colaboraci\u00f3n, discusi\u00f3n, di\u00e1logo y operaci\u00f3n bajo los cuales se articular\u00e1n pr\u00e1cticas, talleres, seminarios, adem\u00e1s de conformar un espacio de pares interdisciplinar y de sistematizaci\u00f3n de pr\u00e1cticas docentes innovadoras.<\/p>\n<p>\u201cUna de las primeras tareas ser\u00e1 trabajar a partir de las diferentes visiones que se tienen sobre la innovaci\u00f3n educativa para obtener las bases que permitan generar productos sustentables, focalizados a lograr acciones concretas entre los docentes y estudiantes a corto plazo\u201d, detall\u00f3 la directiva.<\/p>\n<p>Este esfuerzo est\u00e1 entretejido con la C\u00e1tedra Iberoamericana de Innovaci\u00f3n Educativa para conjuntar esfuerzos y la presencia de los representantes institucionales en un prop\u00f3sito com\u00fan, por ello destac\u00f3 la respuesta a la convocatoria con una total apertura y colaboraci\u00f3n, y haciendo patente un liderazgo regional de la m\u00e1xima casa de estudio de Veracruz.<\/p>\n<p>Las instituciones de educaci\u00f3n superior que integran la red son: Universidad Aut\u00f3noma \u201cBenito Ju\u00e1rez\u201d de Oaxaca, Universidad Aut\u00f3noma del Estado de M\u00e9xico, Universidad Aut\u00f3noma de Chiapas, Universidad Aut\u00f3noma de Yucat\u00e1n, Universidad Aut\u00f3noma del Carmen de Campeche, Universidad Crist\u00f3bal Col\u00f3n de Veracruz, Universidad de Quintana Roo, Universidad del Caribe y Universidad Ju\u00e1rez Aut\u00f3noma de Tabasco.<\/p>\n<p>&nbsp;<\/p>\n","protected":false},"excerpt":{"rendered":"<p><strong><em>David Sandoval .-<\/em><\/strong>La Universidad Veracruzana (UV) recibi\u00f3 el jueves 29 de junio a representantes de nueve universidades, quienes firmaron la carta de intenci\u00f3n para establecer la Red Interinstitucional Sur-Sureste de Innovaci\u00f3n Educativa, cuyo prop\u00f3sito es consolidar las fortalezas en la materia y colaborar en la resoluci\u00f3n de los retos que enfrentan.<\/p>\n","protected":false},"author":1810,"featured_media":30034,"comment_status":"closed","ping_status":"closed","sticky":false,"template":"","format":"standard","meta":[],"categories":[1],"tags":[2],"_links":{"self":[{"href":"https:\/\/www.uv.mx\/prensa\/wp-json\/wp\/v2\/posts\/30031"}],"collection":[{"href":"https:\/\/www.uv.mx\/prensa\/wp-json\/wp\/v2\/posts"}],"about":[{"href":"https:\/\/www.uv.mx\/prensa\/wp-json\/wp\/v2\/types\/post"}],"author":[{"embeddable":true,"href":"https:\/\/www.uv.mx\/prensa\/wp-json\/wp\/v2\/users\/1810"}],"replies":[{"embeddable":true,"href":"https:\/\/www.uv.mx\/prensa\/wp-json\/wp\/v2\/comments?post=30031"}],"version-history":[{"count":0,"href":"https:\/\/www.uv.mx\/prensa\/wp-json\/wp\/v2\/posts\/30031\/revisions"}],"wp:featuredmedia":[{"embeddable":true,"href":"https:\/\/www.uv.mx\/prensa\/wp-json\/wp\/v2\/media\/30034"}],"wp:attachment":[{"href":"https:\/\/www.uv.mx\/prensa\/wp-json\/wp\/v2\/media?parent=30031"}],"wp:term":[{"taxonomy":"category","embeddable":true,"href":"https:\/\/www.uv.mx\/prensa\/wp-json\/wp\/v2\/categories?post=30031"},{"taxonomy":"post_tag","embeddable":true,"href":"https:\/\/www.uv.mx\/prensa\/wp-json\/wp\/v2\/tags?post=30031"}],"curies":[{"name":"wp","href":"https:\/\/api.w.org\/{rel}","templated":true}]}}