{"id":30334,"date":"2017-07-07T11:32:13","date_gmt":"2017-07-07T16:32:13","guid":{"rendered":"https:\/\/www.uv.mx\/prensa\/?p=30334"},"modified":"2017-07-07T11:32:13","modified_gmt":"2017-07-07T16:32:13","slug":"universitarios-presentaron-el-libro-practica-contable","status":"publish","type":"post","link":"https:\/\/www.uv.mx\/prensa\/regiones\/universitarios-presentaron-el-libro-practica-contable\/","title":{"rendered":"Universitarios presentaron el libro Pr\u00e1ctica contable"},"content":{"rendered":"<p>&nbsp;<\/p>\n<p>&nbsp;<\/p>\n<div id=\"attachment_30335\" style=\"width: 732px\" class=\"wp-caption aligncenter\"><a href=\"https:\/\/www.uv.mx\/prensa\/files\/2017\/07\/Practica-contable-1-070717.jpg\"><img aria-describedby=\"caption-attachment-30335\" decoding=\"async\" loading=\"lazy\" class=\"size-full wp-image-30335\" src=\"https:\/\/www.uv.mx\/prensa\/files\/2017\/07\/Practica-contable-1-070717.jpg\" alt=\"\" width=\"722\" height=\"406\" srcset=\"https:\/\/www.uv.mx\/prensa\/files\/2017\/07\/Practica-contable-1-070717.jpg 722w, https:\/\/www.uv.mx\/prensa\/files\/2017\/07\/Practica-contable-1-070717-300x169.jpg 300w\" sizes=\"(max-width: 722px) 100vw, 722px\" \/><\/a><p id=\"caption-attachment-30335\" class=\"wp-caption-text\">Pres\u00eddium con autoridades de la UV, el ITSZ y la SEV<\/p><\/div>\n<p>&nbsp;<\/p>\n<p><strong><em>Francisco Javier Chain Revuelta<\/em><\/strong><\/p>\n<p>&nbsp;<\/p>\n<p><strong><em>Ixtaczoquitl\u00e1n, Ver., 0707\/2017.-<\/em><\/strong> Roc\u00edo Enr\u00edquez Corona, Fernando Alberto Jim\u00e9nez Ferrer, Rigoberto Hern\u00e1ndez Cort\u00e9s y Humberto G\u00fcemes Medina, del cuerpo acad\u00e9mico (CA) \u201cGesti\u00f3n para el desarrollo integral de las organizaciones productivas y sociales, as\u00ed como para la creaci\u00f3n de nuevas organizaciones\u201d, y Mar\u00eda Fernanda Ur\u00edas Rodr\u00edguez, estudiante de la Licenciatura en Contadur\u00eda de la Universidad Veracruzana (UV), son autores del libro <em>Pr\u00e1ctica contable<\/em>, el cual fue presentado en la Unidad de Servicios Bibliotecarios y de informaci\u00f3n (USBI) de Ixtaczoquitl\u00e1n.<\/p>\n<p>El contenido se basa en una empresa ficticia con los antecedentes de la misma, as\u00ed como su misi\u00f3n, visi\u00f3n, valores, objetivo social, objetivo espec\u00edfico y alcance.<\/p>\n<p>Tambi\u00e9n incluye antecedentes de la contabilidad, uso de la pr\u00e1ctica, pol\u00edticas del departamento de contabilidad, an\u00e1lisis de puestos, marco legal, funci\u00f3n del departamento de contabilidad, cat\u00e1logo de cuentas, gu\u00eda de contabilizaci\u00f3n, instrucciones generales, comprobantes, facturas de compra y venta, p\u00f3lizas de cheque, fichas de dep\u00f3sito, facturas de gastos, libro diario y mayor, auxiliar de clientes y de proveedores y tarjetas de almac\u00e9n. Asimismo, bibliograf\u00eda y semblanza de los autores.<\/p>\n<p>&nbsp;<\/p>\n<div id=\"attachment_30336\" style=\"width: 732px\" class=\"wp-caption aligncenter\"><a href=\"https:\/\/www.uv.mx\/prensa\/files\/2017\/07\/Practica-contable-2-070717.jpg\"><img aria-describedby=\"caption-attachment-30336\" decoding=\"async\" loading=\"lazy\" class=\"size-full wp-image-30336\" src=\"https:\/\/www.uv.mx\/prensa\/files\/2017\/07\/Practica-contable-2-070717.jpg\" alt=\"\" width=\"722\" height=\"406\" srcset=\"https:\/\/www.uv.mx\/prensa\/files\/2017\/07\/Practica-contable-2-070717.jpg 722w, https:\/\/www.uv.mx\/prensa\/files\/2017\/07\/Practica-contable-2-070717-300x169.jpg 300w\" sizes=\"(max-width: 722px) 100vw, 722px\" \/><\/a><p id=\"caption-attachment-30336\" class=\"wp-caption-text\">Acad\u00e9micos, alumnos e invitados durante la presentaci\u00f3n del libro<\/p><\/div>\n<p>&nbsp;<\/p>\n<p>El texto es gu\u00eda para que el alumno desarrolle la pr\u00e1ctica contable y al finalizar el curso deber\u00e1 entregar la contabilidad con todos los documentos que se anexan, as\u00ed como los estados financieros que se originen del proceso contable.<\/p>\n<p>Debido a los requerimientos contables que se demandan, los autores consideran necesario que los egresados de la universidad tengan conocimientos de la realidad en esta \u00e1rea, por ello decidieron realizar una pr\u00e1ctica contable para alumnos de Licenciatura en Contadur\u00eda o carreras afines, la cual se desarrolla al impartir al experiencia educativa (EE) Fundamentos de Contabilidad.<\/p>\n<p>La obra fue presentada por autoridades de la UV y del ITSZ, estrechando con ello una gran vinculaci\u00f3n acad\u00e9mica en beneficio de la m\u00e1xima profesionalizaci\u00f3n de sus egresados.<\/p>\n<p>La edici\u00f3n estuvo a cargo de la Academia de Gesti\u00f3n Empresarial del Instituto Tecnol\u00f3gico Superior de Zongolica (ITSZ), integrada por Ramiro S\u00e1nchez Uranga, Katiuska Fern\u00e1ndez Morales, Yamil Vargas Rivera y Elyana Cristina Pel\u00e1ez Mu\u00f1oz; las ilustraciones son de Lorenzo Dom\u00ednguez G\u00e1lvez.<\/p>\n<p>El ITSZ tiene los derechos reservados y la primera edici\u00f3n es de 2016, el ISBN es: 978-607-96939-5-4.<\/p>\n<p>&nbsp;<\/p>\n","protected":false},"excerpt":{"rendered":"<p><strong><em>Francisco Javier Chain.-<\/em><\/strong>Roc\u00edo Enr\u00edquez Corona, Fernando Alberto Jim\u00e9nez Ferrer, Rigoberto Hern\u00e1ndez Cort\u00e9s y Humberto G\u00fcemes Medina, del cuerpo acad\u00e9mico (CA) \u201cGesti\u00f3n para el desarrollo integral de las organizaciones productivas y sociales, as\u00ed como para la creaci\u00f3n de nuevas organizaciones\u201d, y Mar\u00eda Fernanda Ur\u00edas Rodr\u00edguez, estudiante de la Licenciatura en Contadur\u00eda de la Universidad Veracruzana (UV), son autores del libro Pr\u00e1ctica contable, el cual fue presentado en la Unidad de Servicios Bibliotecarios y de informaci\u00f3n (USBI) de Ixtaczoquitl\u00e1n.<\/p>\n","protected":false},"author":1810,"featured_media":30337,"comment_status":"closed","ping_status":"closed","sticky":false,"template":"","format":"standard","meta":[],"categories":[32],"tags":[33],"_links":{"self":[{"href":"https:\/\/www.uv.mx\/prensa\/wp-json\/wp\/v2\/posts\/30334"}],"collection":[{"href":"https:\/\/www.uv.mx\/prensa\/wp-json\/wp\/v2\/posts"}],"about":[{"href":"https:\/\/www.uv.mx\/prensa\/wp-json\/wp\/v2\/types\/post"}],"author":[{"embeddable":true,"href":"https:\/\/www.uv.mx\/prensa\/wp-json\/wp\/v2\/users\/1810"}],"replies":[{"embeddable":true,"href":"https:\/\/www.uv.mx\/prensa\/wp-json\/wp\/v2\/comments?post=30334"}],"version-history":[{"count":0,"href":"https:\/\/www.uv.mx\/prensa\/wp-json\/wp\/v2\/posts\/30334\/revisions"}],"wp:featuredmedia":[{"embeddable":true,"href":"https:\/\/www.uv.mx\/prensa\/wp-json\/wp\/v2\/media\/30337"}],"wp:attachment":[{"href":"https:\/\/www.uv.mx\/prensa\/wp-json\/wp\/v2\/media?parent=30334"}],"wp:term":[{"taxonomy":"category","embeddable":true,"href":"https:\/\/www.uv.mx\/prensa\/wp-json\/wp\/v2\/categories?post=30334"},{"taxonomy":"post_tag","embeddable":true,"href":"https:\/\/www.uv.mx\/prensa\/wp-json\/wp\/v2\/tags?post=30334"}],"curies":[{"name":"wp","href":"https:\/\/api.w.org\/{rel}","templated":true}]}}