{"id":30785,"date":"2017-08-15T14:39:46","date_gmt":"2017-08-15T19:39:46","guid":{"rendered":"https:\/\/www.uv.mx\/prensa\/?p=30785"},"modified":"2017-08-15T14:39:46","modified_gmt":"2017-08-15T19:39:46","slug":"uv-mejoro-sus-indicadores-de-clima-organizacional","status":"publish","type":"post","link":"https:\/\/www.uv.mx\/prensa\/general\/uv-mejoro-sus-indicadores-de-clima-organizacional\/","title":{"rendered":"UV mejor\u00f3 sus indicadores   de clima organizacional"},"content":{"rendered":"<ul>\n<li><em>Seg\u00fan resultados que arroja encuesta de consultora externa <\/em><\/li>\n<li><em>En la Universidad se trabaja con firmeza, pero tambi\u00e9n con cordialidad: Rectora <\/em><\/li>\n<\/ul>\n<p><strong><em>\u00a0<\/em><\/strong><\/p>\n<div id=\"attachment_30787\" style=\"width: 732px\" class=\"wp-caption aligncenter\"><a href=\"https:\/\/www.uv.mx\/prensa\/files\/2017\/08\/Encuesta-clima-organizacional-UV-150817.jpg\"><img aria-describedby=\"caption-attachment-30787\" decoding=\"async\" loading=\"lazy\" class=\"size-full wp-image-30787\" src=\"https:\/\/www.uv.mx\/prensa\/files\/2017\/08\/Encuesta-clima-organizacional-UV-150817.jpg\" alt=\"\" width=\"722\" height=\"481\" srcset=\"https:\/\/www.uv.mx\/prensa\/files\/2017\/08\/Encuesta-clima-organizacional-UV-150817.jpg 722w, https:\/\/www.uv.mx\/prensa\/files\/2017\/08\/Encuesta-clima-organizacional-UV-150817-300x200.jpg 300w\" sizes=\"(max-width: 722px) 100vw, 722px\" \/><\/a><p id=\"caption-attachment-30787\" class=\"wp-caption-text\">La rectora Sara Ladr\u00f3n de Guevara conoci\u00f3 los resultados del clima organizacional de la Universidad Veracruzana<\/p><\/div>\n<p>&nbsp;<\/p>\n<p>&nbsp;<\/p>\n<p><strong><em>Jos\u00e9 Luis Couttolenc Soto <\/em><\/strong><\/p>\n<p><strong><em>\u00a0<\/em><\/strong><\/p>\n<p><strong><em>Xalapa, Ver., 15\/08\/2017.-<\/em><\/strong> La Universidad Veracruzana (UV) conoci\u00f3 este lunes los resultados de la encuesta del clima organizacional que impera al interior de esta casa de estudios y que fue aplicada por la consultor\u00eda externa TR3S Team &amp; Results, S. C.<\/p>\n<p>Estos resultados se\u00f1alan que en comparaci\u00f3n con la encuesta aplicada en septiembre de 2015, existe un importante avance en los indicadores de los tres vectores contemplados.<\/p>\n<p>El representante de TR3S Team &amp; Results, Jos\u00e9 Carlos Hern\u00e1ndez P\u00e9rez, explic\u00f3 que a solicitud de la Secretar\u00eda de Administraci\u00f3n y Finanzas (SAF), a cargo de Gerardo Garc\u00eda Ricardo, del 17 de mayo al 3 de junio se aplic\u00f3 un cuestionario a mil trabajadores que forman parte del personal de confianza, eventual, mandos medios y directivos, adscritos a 36 dependencias universitarias de la regi\u00f3n Xalapa, de los cuales 898 contestaron las diferentes preguntas relativas al desempe\u00f1o y caracter\u00edsticas del entorno institucional.<\/p>\n<p>Mediante este diagn\u00f3stico, dijo, se obtiene informaci\u00f3n confidencial que permite focalizar y priorizar los esfuerzos para implementar las acciones pertinentes en los aspectos que se tengan que reforzar, los cuales son m\u00ednimos, para contribuir a cerrar la brecha entre las condiciones actuales y las expectativas futuras de la Universidad.<\/p>\n<p>Refiri\u00f3 que la aplicaci\u00f3n de la encuesta \u201cno representa en s\u00ed misma un fin, sino que la informaci\u00f3n que de ella se obtiene permite la implementaci\u00f3n de acciones que orienten hacia una gesti\u00f3n de calidad y socialmente responsable\u201d.<\/p>\n<p>Tras la exposici\u00f3n de hallazgos, la Rectora reconoci\u00f3 el trabajo que los \u00a0colaboradores de la presenta administraci\u00f3n han desarrollado durante la actual administraci\u00f3n universitaria.<\/p>\n<p>Dijo tambi\u00e9n que en la UV se trabaja con firmeza, pero tambi\u00e9n con cordialidad, lo que consider\u00f3 de gran relevancia sobre todo en la actualidad pues \u201cvivimos con mayores tecnolog\u00edas de comunicaci\u00f3n que nos permiten atender a quienes est\u00e1n lejos, pero no debemos olvidar a quienes tenemos enfrente o junto a nosotros, por eso es importante la comunicaci\u00f3n entre pares\u201d.<\/p>\n<p>En la reuni\u00f3n estuvieron presentes los titulares de las secretar\u00edas Acad\u00e9mica y de Administraci\u00f3n y Finanzas; directores generales de \u00e1reas acad\u00e9micas, as\u00ed como directores y jefes de departamento de la UV.<\/p>\n","protected":false},"excerpt":{"rendered":"<p><strong><em>Jos\u00e9 Luis Couttolenc.-<\/em><\/strong>La Universidad Veracruzana (UV) conoci\u00f3 este lunes los resultados de la encuesta del clima organizacional que impera al interior de esta casa de estudios y que fue aplicada por la consultor\u00eda externa TR3S Team &amp; Results, S. C.<\/p>\n","protected":false},"author":1810,"featured_media":30786,"comment_status":"closed","ping_status":"closed","sticky":false,"template":"","format":"standard","meta":[],"categories":[1],"tags":[3],"_links":{"self":[{"href":"https:\/\/www.uv.mx\/prensa\/wp-json\/wp\/v2\/posts\/30785"}],"collection":[{"href":"https:\/\/www.uv.mx\/prensa\/wp-json\/wp\/v2\/posts"}],"about":[{"href":"https:\/\/www.uv.mx\/prensa\/wp-json\/wp\/v2\/types\/post"}],"author":[{"embeddable":true,"href":"https:\/\/www.uv.mx\/prensa\/wp-json\/wp\/v2\/users\/1810"}],"replies":[{"embeddable":true,"href":"https:\/\/www.uv.mx\/prensa\/wp-json\/wp\/v2\/comments?post=30785"}],"version-history":[{"count":0,"href":"https:\/\/www.uv.mx\/prensa\/wp-json\/wp\/v2\/posts\/30785\/revisions"}],"wp:featuredmedia":[{"embeddable":true,"href":"https:\/\/www.uv.mx\/prensa\/wp-json\/wp\/v2\/media\/30786"}],"wp:attachment":[{"href":"https:\/\/www.uv.mx\/prensa\/wp-json\/wp\/v2\/media?parent=30785"}],"wp:term":[{"taxonomy":"category","embeddable":true,"href":"https:\/\/www.uv.mx\/prensa\/wp-json\/wp\/v2\/categories?post=30785"},{"taxonomy":"post_tag","embeddable":true,"href":"https:\/\/www.uv.mx\/prensa\/wp-json\/wp\/v2\/tags?post=30785"}],"curies":[{"name":"wp","href":"https:\/\/api.w.org\/{rel}","templated":true}]}}