{"id":31512,"date":"2017-08-31T10:01:23","date_gmt":"2017-08-31T15:01:23","guid":{"rendered":"https:\/\/www.uv.mx\/prensa\/?p=31512"},"modified":"2017-08-31T10:01:58","modified_gmt":"2017-08-31T15:01:58","slug":"coro-uv-ofrecio-concierto-didactico","status":"publish","type":"post","link":"https:\/\/www.uv.mx\/prensa\/regiones\/coro-uv-ofrecio-concierto-didactico\/","title":{"rendered":"Coro UV ofreci\u00f3 concierto did\u00e1ctico"},"content":{"rendered":"<ul>\n<li><em>Como bienvenida a <\/em><em>estudiantes de nuevo ingreso<\/em><\/li>\n<li><em>En Poza Rica se present\u00f3 en la USBI, y en Tuxpan en conocido hotel, los d\u00edas 24 y 25 de agosto, respectivamente<\/em><\/li>\n<\/ul>\n<p><strong><em>\u00a0<\/em><\/strong><\/p>\n<div id=\"attachment_31513\" style=\"width: 732px\" class=\"wp-caption aligncenter\"><a href=\"https:\/\/www.uv.mx\/prensa\/files\/2017\/08\/Coro-UV-1-310817.jpg\"><img aria-describedby=\"caption-attachment-31513\" decoding=\"async\" loading=\"lazy\" class=\"size-full wp-image-31513\" src=\"https:\/\/www.uv.mx\/prensa\/files\/2017\/08\/Coro-UV-1-310817.jpg\" alt=\"\" width=\"722\" height=\"363\" srcset=\"https:\/\/www.uv.mx\/prensa\/files\/2017\/08\/Coro-UV-1-310817.jpg 722w, https:\/\/www.uv.mx\/prensa\/files\/2017\/08\/Coro-UV-1-310817-300x151.jpg 300w\" sizes=\"(max-width: 722px) 100vw, 722px\" \/><\/a><p id=\"caption-attachment-31513\" class=\"wp-caption-text\">El Coro UV se present\u00f3 en la regi\u00f3n Poza Rica-Tuxpan<\/p><\/div>\n<p>&nbsp;<\/p>\n<p><strong><em>Alma Celia San Mart\u00edn<\/em><\/strong><\/p>\n<p>&nbsp;<\/p>\n<p><strong><em>Poza Rica, Ver., 31\/08\/2017.-<\/em><\/strong> Con un concierto did\u00e1ctico por parte del Coro de la Universidad Veracruzana (UV), celebrado los d\u00edas 24 y 25 de agosto, la regi\u00f3n Poza Rica-Tuxpan dio la bienvenida a los estudiantes de nuevo ingreso.<\/p>\n<p>El Coro de la UV, bajo la direcci\u00f3n titular de Betania L\u00f3pez, present\u00f3 un concierto did\u00e1ctico interpretando piezas musicales antiguas y del Renacimiento, entre ellas el madrigal <em>De los \u00e1lamos vengo<\/em> de Juan V\u00e1zquez, el son <em>La loma<\/em> de Manuel Matamoros, concluyendo con una melod\u00eda contempor\u00e1nea.<\/p>\n<p>M\u00e1s de 200 estudiantes de nuevo ingreso de las diferentes carreras que ofrece la UV en la regi\u00f3n se dieron cita en la sala de videoconferencias de la Unidad de Servicios Bibliotecarios y de Informaci\u00f3n (USBI), el jueves 24 de agosto, para disfrutar las melod\u00edas interpretadas por el Coro UV, adem\u00e1s de escuchar con atenci\u00f3n una amplia explicaci\u00f3n de cada una de las piezas interpretadas.<\/p>\n<p>&nbsp;<\/p>\n<div id=\"attachment_31517\" style=\"width: 732px\" class=\"wp-caption aligncenter\"><a href=\"https:\/\/www.uv.mx\/prensa\/files\/2017\/08\/Coro-UV-2-310817.jpg\"><img aria-describedby=\"caption-attachment-31517\" decoding=\"async\" loading=\"lazy\" class=\"size-full wp-image-31517\" src=\"https:\/\/www.uv.mx\/prensa\/files\/2017\/08\/Coro-UV-2-310817.jpg\" alt=\"\" width=\"722\" height=\"240\" srcset=\"https:\/\/www.uv.mx\/prensa\/files\/2017\/08\/Coro-UV-2-310817.jpg 722w, https:\/\/www.uv.mx\/prensa\/files\/2017\/08\/Coro-UV-2-310817-300x100.jpg 300w\" sizes=\"(max-width: 722px) 100vw, 722px\" \/><\/a><p id=\"caption-attachment-31517\" class=\"wp-caption-text\">Estudiantes y acad\u00e9micos disfrutaron del concierto did\u00e1ctico<\/p><\/div>\n<p>&nbsp;<\/p>\n<p>Al terminar la presentaci\u00f3n el vicerrector Jos\u00e9 Luis Alan\u00eds M\u00e9ndez reconoci\u00f3 a los integrantes del Coro UV y a su directora por su excelente actuaci\u00f3n, as\u00ed como por la visita que form\u00f3 parte de una gira que realizan en las regiones universitarias.<\/p>\n<p>Asimismo agradeci\u00f3 a los estudiantes su presencia e inter\u00e9s por participar en estas actividades que ofrece la Universidad y les pidi\u00f3 llevarse esta presentaci\u00f3n como un recuerdo de las actividades que esta casa de estudios realiza.<\/p>\n<p>En el evento estuvieron presentes la secretaria acad\u00e9mica regional, Aurora Galicia Badillo; la secretaria regional de Administraci\u00f3n y Finanzas, Mar\u00eda Teresa S\u00e1nchez Pugliese, as\u00ed como directores y maestros de las diferentes facultades.<\/p>\n<p>Al siguiente d\u00eda el Coro UV se present\u00f3 en un conocido hotel de la ciudad de Tuxpan, donde estudiantes de nuevo ingreso de las facultades de Ciencias Biol\u00f3gicas y Agropecuarias, as\u00ed como Contadur\u00eda, disfrutaron del concierto did\u00e1ctico.<\/p>\n","protected":false},"excerpt":{"rendered":"<p><strong><em>Alma Celia San Mart\u00edn.-<\/em><\/strong>Con un concierto did\u00e1ctico por parte del Coro de la Universidad Veracruzana (UV), celebrado los d\u00edas 24 y 25 de agosto, la regi\u00f3n Poza Rica-Tuxpan dio la bienvenida a los estudiantes de nuevo ingreso.<\/p>\n","protected":false},"author":1810,"featured_media":31513,"comment_status":"closed","ping_status":"closed","sticky":false,"template":"","format":"standard","meta":[],"categories":[32],"tags":[33],"_links":{"self":[{"href":"https:\/\/www.uv.mx\/prensa\/wp-json\/wp\/v2\/posts\/31512"}],"collection":[{"href":"https:\/\/www.uv.mx\/prensa\/wp-json\/wp\/v2\/posts"}],"about":[{"href":"https:\/\/www.uv.mx\/prensa\/wp-json\/wp\/v2\/types\/post"}],"author":[{"embeddable":true,"href":"https:\/\/www.uv.mx\/prensa\/wp-json\/wp\/v2\/users\/1810"}],"replies":[{"embeddable":true,"href":"https:\/\/www.uv.mx\/prensa\/wp-json\/wp\/v2\/comments?post=31512"}],"version-history":[{"count":0,"href":"https:\/\/www.uv.mx\/prensa\/wp-json\/wp\/v2\/posts\/31512\/revisions"}],"wp:featuredmedia":[{"embeddable":true,"href":"https:\/\/www.uv.mx\/prensa\/wp-json\/wp\/v2\/media\/31513"}],"wp:attachment":[{"href":"https:\/\/www.uv.mx\/prensa\/wp-json\/wp\/v2\/media?parent=31512"}],"wp:term":[{"taxonomy":"category","embeddable":true,"href":"https:\/\/www.uv.mx\/prensa\/wp-json\/wp\/v2\/categories?post=31512"},{"taxonomy":"post_tag","embeddable":true,"href":"https:\/\/www.uv.mx\/prensa\/wp-json\/wp\/v2\/tags?post=31512"}],"curies":[{"name":"wp","href":"https:\/\/api.w.org\/{rel}","templated":true}]}}