{"id":31623,"date":"2017-09-01T15:29:33","date_gmt":"2017-09-01T20:29:33","guid":{"rendered":"https:\/\/www.uv.mx\/prensa\/?p=31623"},"modified":"2017-09-01T15:29:33","modified_gmt":"2017-09-01T20:29:33","slug":"sara-ladron-de-guevara-rindio-protesta-como-rectora-de-la-uv","status":"publish","type":"post","link":"https:\/\/www.uv.mx\/prensa\/general\/sara-ladron-de-guevara-rindio-protesta-como-rectora-de-la-uv\/","title":{"rendered":"Sara Ladr\u00f3n de Guevara rindi\u00f3  protesta como rectora de la UV"},"content":{"rendered":"<ul>\n<li><em>Desempe\u00f1ar\u00e1 el cargo en el periodo 2017-2021<\/em><\/li>\n<li><em>En su mensaje celebr\u00f3 las voces cr\u00edticas e hizo suyas las expresiones emanadas de la auscultaci\u00f3n que realiz\u00f3 la Junta de Gobierno <\/em><\/li>\n<\/ul>\n<p>&nbsp;<\/p>\n<p style=\"text-align: center\">\u00a0<iframe loading=\"lazy\" width=\"560\" height=\"315\" frameborder=\"0\" src=\"https:\/\/www.youtube.com\/embed\/TJ9n1Hoyugk\"><\/iframe><\/p>\n<p>&nbsp;<\/p>\n<p>&nbsp;<\/p>\n<p><strong><em>Paola Cort\u00e9s, Jos\u00e9 Luis Couttolenc y Karina de la Paz<\/em><\/strong><\/p>\n<p>&nbsp;<\/p>\n<p><strong><em>Xalapa, Ver., 01\/09\/2017.- <\/em><\/strong>La arque\u00f3loga Sara Ladr\u00f3n de Guevara rindi\u00f3 protesta este viernes como Rectora de la Universidad Veracruzana (UV) para el periodo 2017-2021 y, tras recibir el aplauso de pie por parte del Consejo Universitario General (CUG) e invitados especiales, dijo: \u201cHemos pregonado en el pasado reciente que en la UV no pedimos m\u00e1s, que damos m\u00e1s. Pero hoy esta r\u00fabrica resulta insuficiente. Vengo a pedir a ustedes, consejeros universitarios, que sean portavoces de mi sentida solicitud a todos sus pares, hoy les pido: \u00a1Demos m\u00e1s!<\/p>\n<p>\u201dInsisto: \u00a1Demos m\u00e1s por nuestro M\u00e9xico, demos m\u00e1s por nuestro lastimado Veracruz, demos m\u00e1s por nuestra noble Universidad Veracruzana\u201d, palabras que provocaron j\u00fabilo y ovaci\u00f3n de parte de los presentes.<\/p>\n<p>El pleno de la Junta de Gobierno, encabezada por la presidenta en turno, Jaqueline Jongitud Zamora, tom\u00f3 protesta a Sara Ladr\u00f3n de Guevara como rectora de la m\u00e1xima casa de estudio estatal para el periodo 2017-2021.<\/p>\n<p>&nbsp;<\/p>\n<div id=\"attachment_31601\" style=\"width: 732px\" class=\"wp-caption aligncenter\"><a href=\"https:\/\/www.uv.mx\/prensa\/files\/2017\/09\/010917-Toma-de-protesta-1-banner-y-destacada-ok.jpg\"><img aria-describedby=\"caption-attachment-31601\" decoding=\"async\" loading=\"lazy\" class=\"size-full wp-image-31601\" src=\"https:\/\/www.uv.mx\/prensa\/files\/2017\/09\/010917-Toma-de-protesta-1-banner-y-destacada-ok.jpg\" alt=\"\" width=\"722\" height=\"482\" srcset=\"https:\/\/www.uv.mx\/prensa\/files\/2017\/09\/010917-Toma-de-protesta-1-banner-y-destacada-ok.jpg 722w, https:\/\/www.uv.mx\/prensa\/files\/2017\/09\/010917-Toma-de-protesta-1-banner-y-destacada-ok-300x200.jpg 300w\" sizes=\"(max-width: 722px) 100vw, 722px\" \/><\/a><p id=\"caption-attachment-31601\" class=\"wp-caption-text\">La Junta de Gobierno destac\u00f3 que el proceso de designaci\u00f3n fue estricto y transparente, lo cual comprueba la autonom\u00eda de la UV<\/p><\/div>\n<p>&nbsp;<\/p>\n<p>El acto se desarroll\u00f3 en la sala de conciertos de Tlaqn\u00e1, Centro Cultural y all\u00ed, al rendir protesta, la ratificada Rectora asegur\u00f3 \u201che de poner atenci\u00f3n a todas y cada una de las voces auscultadas por nuestra Junta de Gobierno. Por primera vez conocimos un sistema de valoraci\u00f3n con expresiones cuantitativas frente a estimaciones cualitativas en procesos anteriores\u201d.<\/p>\n<p>Adem\u00e1s de la Presidenta, en el pres\u00eddium del acto oficial tambi\u00e9n estuvieron Ricardo Corzo Ram\u00edrez, Carlos Gonz\u00e1lez G\u00e1ndara, Jaime Gonzalo Cervantes de Gortari, Eduardo Matos Moctezuma, Jorge Mart\u00ednez Contreras, Federico Roesch Dietlen, Mauricio Merino Huerta y Elena Rustri\u00e1n Portilla, secretario e integrantes de la Junta de Gobierno, respectivamente.<\/p>\n<p>Asimismo, la Rectora aprovech\u00f3 la ocasi\u00f3n para expresar una cordial bienvenida a los nuevos titulares de las secretar\u00edas Acad\u00e9mica y de Administraci\u00f3n y Finanzas, Mar\u00eda Magdalena Hern\u00e1ndez Alarc\u00f3n y Salvador Tapia Spinoso, respectivamente, quienes le acompa\u00f1aron junto con el secretario de la Rector\u00eda, Octavio Ochoa Contreras.<\/p>\n<p>Sara Ladr\u00f3n de Guevara expres\u00f3 su respeto y agradecimiento a la Junta de Gobierno por ratificarla en el que, dijo, es el m\u00e1s grande honor al que pod\u00eda aspirar profesionalmente. Asimismo, expres\u00f3 su reconocimiento a toda la comunidad que particip\u00f3 en este proceso de designaci\u00f3n.<\/p>\n<p>&nbsp;<\/p>\n<div id=\"attachment_31602\" style=\"width: 732px\" class=\"wp-caption aligncenter\"><a href=\"https:\/\/www.uv.mx\/prensa\/files\/2017\/09\/010917-Toma-de-protesta-2-ok.jpg\"><img aria-describedby=\"caption-attachment-31602\" decoding=\"async\" loading=\"lazy\" class=\"size-full wp-image-31602\" src=\"https:\/\/www.uv.mx\/prensa\/files\/2017\/09\/010917-Toma-de-protesta-2-ok.jpg\" alt=\"\" width=\"722\" height=\"482\" srcset=\"https:\/\/www.uv.mx\/prensa\/files\/2017\/09\/010917-Toma-de-protesta-2-ok.jpg 722w, https:\/\/www.uv.mx\/prensa\/files\/2017\/09\/010917-Toma-de-protesta-2-ok-300x200.jpg 300w\" sizes=\"(max-width: 722px) 100vw, 722px\" \/><\/a><p id=\"caption-attachment-31602\" class=\"wp-caption-text\">Sara Ladr\u00f3n de Guevara fue ratificada como rectora para el periodo 2017-2021<\/p><\/div>\n<p>&nbsp;<\/p>\n<p>Record\u00f3 una frase pronunciada hace cuatro a\u00f1os, misma que se convertir\u00eda en \u00edcono de su administraci\u00f3n: \u201cTodas las voces caben en la majestuosa sonoridad de nuestra Universidad Veracruzana\u201d; no obstante, acot\u00f3: \u00a0\u00a0\u00a0\u00a0\u00a0\u00a0\u00a0\u00a0 \u201cHoy les digo que en cada ejecuci\u00f3n, as\u00ed sea de la mejor orquesta, habr\u00e1 quien discrepe del <em>tempo<\/em> marcado por la batuta, as\u00ed corresponda al m\u00e1s prestigiado director.<\/p>\n<p>\u00abHabr\u00e1 tambi\u00e9n quien disienta del lugar que le han asignado entre los atriles. Habr\u00e1 quien discuta sobre el instante de las entradas marcadas al comp\u00e1s. En fin, a alguien le toca marcar el rumbo y ser\u00e1 responsable de los resultados. Le corresponder\u00e1n los aplausos y ser\u00e1 tambi\u00e9n objeto de las cr\u00edticas\u201d.<\/p>\n<p>La Rectora tambi\u00e9n mencion\u00f3 las graves crisis financieras \u2013ajenas al responsable manejo de fondos p\u00fablicos\u2013 que han sabido sortear: \u201cHemos sobrevivido a una administraci\u00f3n gubernamental corrupta y no fuimos c\u00f3mplices del quebranto\u201d, remarc\u00f3, motivo de un aplauso m\u00e1s por parte del auditorio.<\/p>\n<p>Incluso, cit\u00f3 que hoy mantener la estafeta en la Rector\u00eda le obliga a pedir a\u00fan m\u00e1s aplomo en la defensa de la educaci\u00f3n superior p\u00fablica; m\u00e1s calidad en cada una de las tareas universitarias; m\u00e1s compromiso con los j\u00f3venes en formaci\u00f3n; con la generaci\u00f3n del conocimiento, su comunidad y su aplicaci\u00f3n comprometida con la sociedad; con la conservaci\u00f3n y difusi\u00f3n de los patrimonios naturales y culturales; con la proclama de la \u00e9tica como base impostergable de conducci\u00f3n de la comunidad.<\/p>\n<p>&nbsp;<\/p>\n<div id=\"attachment_31605\" style=\"width: 732px\" class=\"wp-caption aligncenter\"><a href=\"https:\/\/www.uv.mx\/prensa\/files\/2017\/09\/010917-Toma-de-protesta-5-ok.jpg\"><img aria-describedby=\"caption-attachment-31605\" decoding=\"async\" loading=\"lazy\" class=\"wp-image-31605 size-full\" src=\"https:\/\/www.uv.mx\/prensa\/files\/2017\/09\/010917-Toma-de-protesta-5-ok.jpg\" alt=\"\" width=\"722\" height=\"481\" srcset=\"https:\/\/www.uv.mx\/prensa\/files\/2017\/09\/010917-Toma-de-protesta-5-ok.jpg 722w, https:\/\/www.uv.mx\/prensa\/files\/2017\/09\/010917-Toma-de-protesta-5-ok-300x200.jpg 300w\" sizes=\"(max-width: 722px) 100vw, 722px\" \/><\/a><p id=\"caption-attachment-31605\" class=\"wp-caption-text\">En el pres\u00eddium le acompa\u00f1aron los integrantes de la Junta de Gobierno, y titulares de las secretar\u00edas Acad\u00e9mica, de Administraci\u00f3n y Finanzas y de la Rector\u00eda<\/p><\/div>\n<p>&nbsp;<\/p>\n<p>\u201cMe lo pido tambi\u00e9n a m\u00ed, autocr\u00edtica de lo que no he logrado consolidar a\u00fan. Hemos de ser semilla f\u00e9rtil en nuestro territorio veracruzano de mejores ciudadanos, de mejores entornos, de mayor justicia, de menor inequidad.\u201d<\/p>\n<p>En tanto, la Presidenta de la Junta de Gobierno, entreg\u00f3 a la Rectora el reporte ejecutivo de los resultados de la participaci\u00f3n universitaria en la auscultaci\u00f3n indirecta; del reporte en extenso de los documentos y comentarios emitidos por la comunidad universitaria en la auscultaci\u00f3n indirecta; del resumen de opiniones y comentarios emitidos por la comunidad en el buz\u00f3n abierto en la plataforma de informaci\u00f3n de la Junta de Gobierno; y del concentrado de las problem\u00e1ticas y propuestas manifestadas en todas las regiones universitarias.<\/p>\n<p>Cabe mencionar que esta informaci\u00f3n est\u00e1 disponible en la plataforma de informaci\u00f3n de la Junta de Gobierno (<a href=\"https:\/\/plataformadeinformacion.com.mx\/\">https:\/\/plataformadeinformacion.com.mx\/<\/a>).<\/p>\n<p>Por su parte, el secretario de la Junta de Gobierno, Ricardo Corzo Ram\u00edrez, se\u00f1al\u00f3 que se cumpli\u00f3 con la encomienda que la normatividad y la comunidad universitaria les confiri\u00f3, y que la toma de decisiones fue estricta y transparente gracias a la participaci\u00f3n, diversa y respetuosa, de la misma comunidad.<\/p>\n<p>&nbsp;<\/p>\n<div id=\"attachment_31604\" style=\"width: 732px\" class=\"wp-caption aligncenter\"><a href=\"https:\/\/www.uv.mx\/prensa\/files\/2017\/09\/010917-Toma-de-protesta-4-ok.jpg\"><img aria-describedby=\"caption-attachment-31604\" decoding=\"async\" loading=\"lazy\" class=\"size-full wp-image-31604\" src=\"https:\/\/www.uv.mx\/prensa\/files\/2017\/09\/010917-Toma-de-protesta-4-ok.jpg\" alt=\"\" width=\"722\" height=\"482\" srcset=\"https:\/\/www.uv.mx\/prensa\/files\/2017\/09\/010917-Toma-de-protesta-4-ok.jpg 722w, https:\/\/www.uv.mx\/prensa\/files\/2017\/09\/010917-Toma-de-protesta-4-ok-300x200.jpg 300w\" sizes=\"(max-width: 722px) 100vw, 722px\" \/><\/a><p id=\"caption-attachment-31604\" class=\"wp-caption-text\">Consejeros del CUG, autoridades universitarias e invitados especiales ovacionaron la toma de protesta de la Rectora<\/p><\/div>\n<p>&nbsp;<\/p>\n<p>Dijo que esta experiencia comprueba que la autonom\u00eda se ejerce d\u00eda con d\u00eda en el seno de la instituci\u00f3n, en donde la libertad de ideas, la diversidad de juicios y opiniones, as\u00ed como las circunstancias de incertidumbre que se vivieron durante el proceso, \u201ccomprueban el irrestricto respeto y tolerancia que nos debemos todos como universitarios\u201d, contribuyendo as\u00ed a la construcci\u00f3n de un presente y futuro mejor para la Universidad.<\/p>\n<p>A la Sesi\u00f3n Solemne asistieron \u2013adem\u00e1s de los integrantes del CUG\u2013 como invitados especiales: los vicerrectores de todas las regiones; senadores, diputados locales y presidentes municipales; rectores y directores de instituciones de educaci\u00f3n superior del pa\u00eds; titulares de organismos acreditadores; funcionarios estatales y federales; ex rectores, doctores <em>Honoris Causa<\/em> y Decanos de la UV; representantes de medios de comunicaci\u00f3n, de organismos p\u00fablicos aut\u00f3nomos, de sindicatos universitarios, as\u00ed como familiares y amigos de la Rectora.<\/p>\n<p>Tambi\u00e9n se apreci\u00f3 la participaci\u00f3n del Coro UV, que interpret\u00f3 el <em>Himno<\/em> <em>Nacional<\/em>, al inicio; el <em>Himno<\/em> <em>a la Universidad Veracruzana<\/em>, una vez tomada la protesta a la Rectora, y \u201cVa Pensiero\u201d de la \u00f3pera <em>Nabucco, <\/em>de Giuseppe Verdi.<\/p>\n<p>&nbsp;<\/p>\n","protected":false},"excerpt":{"rendered":"<p><strong><em>Paola Cort\u00e9s, Jos\u00e9 Luis Couttolenc y Karina de la Paz.-<\/em><\/strong>La arque\u00f3loga Sara Ladr\u00f3n de Guevara rindi\u00f3 protesta este viernes como Rectora de la Universidad Veracruzana (UV) para el periodo 2017-2021 y, tras recibir el aplauso de pie por parte del Consejo Universitario General (CUG) e invitados especiales, dijo: \u201cHemos pregonado en el pasado reciente que en la UV no pedimos m\u00e1s, que damos m\u00e1s. Pero hoy esta r\u00fabrica resulta insuficiente. Vengo a pedir a ustedes, consejeros universitarios, que sean portavoces de mi sentida solicitud a todos sus pares, hoy les pido: \u00a1Demos m\u00e1s!<\/p>\n","protected":false},"author":1810,"featured_media":31600,"comment_status":"closed","ping_status":"closed","sticky":false,"template":"","format":"standard","meta":[],"categories":[1],"tags":[2],"_links":{"self":[{"href":"https:\/\/www.uv.mx\/prensa\/wp-json\/wp\/v2\/posts\/31623"}],"collection":[{"href":"https:\/\/www.uv.mx\/prensa\/wp-json\/wp\/v2\/posts"}],"about":[{"href":"https:\/\/www.uv.mx\/prensa\/wp-json\/wp\/v2\/types\/post"}],"author":[{"embeddable":true,"href":"https:\/\/www.uv.mx\/prensa\/wp-json\/wp\/v2\/users\/1810"}],"replies":[{"embeddable":true,"href":"https:\/\/www.uv.mx\/prensa\/wp-json\/wp\/v2\/comments?post=31623"}],"version-history":[{"count":0,"href":"https:\/\/www.uv.mx\/prensa\/wp-json\/wp\/v2\/posts\/31623\/revisions"}],"wp:featuredmedia":[{"embeddable":true,"href":"https:\/\/www.uv.mx\/prensa\/wp-json\/wp\/v2\/media\/31600"}],"wp:attachment":[{"href":"https:\/\/www.uv.mx\/prensa\/wp-json\/wp\/v2\/media?parent=31623"}],"wp:term":[{"taxonomy":"category","embeddable":true,"href":"https:\/\/www.uv.mx\/prensa\/wp-json\/wp\/v2\/categories?post=31623"},{"taxonomy":"post_tag","embeddable":true,"href":"https:\/\/www.uv.mx\/prensa\/wp-json\/wp\/v2\/tags?post=31623"}],"curies":[{"name":"wp","href":"https:\/\/api.w.org\/{rel}","templated":true}]}}