{"id":31913,"date":"2017-09-10T07:00:09","date_gmt":"2017-09-10T12:00:09","guid":{"rendered":"https:\/\/www.uv.mx\/prensa\/?p=31913"},"modified":"2017-09-11T17:26:51","modified_gmt":"2017-09-11T22:26:51","slug":"uv-convoca-a-realizar-movilidad-estudiantil-en-2018","status":"publish","type":"post","link":"https:\/\/www.uv.mx\/prensa\/general\/uv-convoca-a-realizar-movilidad-estudiantil-en-2018\/","title":{"rendered":"UV convoca a realizar movilidad estudiantil en 2018"},"content":{"rendered":"<ul>\n<li><em>En modalidad nacional e internacional<\/em><\/li>\n<li><em>La fecha l\u00edmite para participar es el mi\u00e9rcoles 20 de septiembre<\/em><\/li>\n<li><em>El 9 de octubre abre la convocatoria de apoyos econ\u00f3micos de la DGRI <\/em><\/li>\n<\/ul>\n<p><strong><em>\u00a0<\/em><\/strong><\/p>\n<div id=\"attachment_31920\" style=\"width: 732px\" class=\"wp-caption aligncenter\"><a href=\"https:\/\/www.uv.mx\/prensa\/files\/2017\/09\/Movilidad-100917.jpg\"><img aria-describedby=\"caption-attachment-31920\" decoding=\"async\" loading=\"lazy\" class=\"size-full wp-image-31920\" src=\"https:\/\/www.uv.mx\/prensa\/files\/2017\/09\/Movilidad-100917.jpg\" alt=\"\" width=\"722\" height=\"542\" srcset=\"https:\/\/www.uv.mx\/prensa\/files\/2017\/09\/Movilidad-100917.jpg 722w, https:\/\/www.uv.mx\/prensa\/files\/2017\/09\/Movilidad-100917-300x225.jpg 300w\" sizes=\"(max-width: 722px) 100vw, 722px\" \/><\/a><p id=\"caption-attachment-31920\" class=\"wp-caption-text\">Estudiantes de la UV tienen la oportunidad de viajar por el pa\u00eds y el mundo, en aras de obtener m\u00e1s conocimientos que abonen a su desarrollo profesional<\/p><\/div>\n<p>&nbsp;<\/p>\n<p><strong><em>Xalapa, Ver., 10\/09\/2017.-<\/em><\/strong> La Direcci\u00f3n General de Relaciones Internacionales (DGRI) de la Universidad Veracruzana (UV), a trav\u00e9s de la Coordinaci\u00f3n de Movilidad Estudiantil y Acad\u00e9mica, convoca a estudiantes de licenciatura, posgrado y t\u00e9cnico superior universitario (sistemas escolarizado y de ense\u00f1anza abierta), a participar en el Programa de Movilidad Estudiantil y realizar una estancia acad\u00e9mica nacional o internacional entre enero y julio de 2018.<\/p>\n<p>En el caso de la nacional, puede ser de tres a seis meses para cursar asignaturas, lograr cr\u00e9ditos o desarrollar estancias de investigaci\u00f3n en instituciones de la Asociaci\u00f3n Nacional de Universidades e Instituciones de Educaci\u00f3n Superior o del Espacio Com\u00fan de Educaci\u00f3n Superior; la internacional, se trata de estancias semestrales en instituciones de educaci\u00f3n superior del extranjero con las cuales la UV sostenga convenio vigente.<\/p>\n<p>Los requisitos son: estar inscrito al programa educativo o carrera al momento de realizar la solicitud; tener promedio igual o superior a 8.5. Para movilidad nacional, haber cursado al menos el 50 por ciento de los cr\u00e9ditos de su programa; para la Internacional, tener al menos el 40 por ciento de los cr\u00e9ditos.<\/p>\n<p>Adem\u00e1s, haber concluido el 100 por ciento de las experiencias educativas del \u00c1rea de Formaci\u00f3n B\u00e1sica General; para la movilidad internacional, acreditaci\u00f3n del nivel m\u00ednimo del idioma del pa\u00eds de destino; los estudiantes de posgrado deber\u00e1n haber acreditado al menos el primer semestre de su programa; s\u00f3lo se podr\u00e1 elegir una modalidad de movilidad.<\/p>\n<p>Los interesados deber\u00e1n tener presente que el cierre de convocatoria es el 20 de septiembre; la evaluaci\u00f3n de solicitudes, del 25 al 27; la publicaci\u00f3n de resultados, el 29.<\/p>\n<p>Otro aspecto importante es la apertura de la convocatoria de apoyos econ\u00f3micos de la DGRI de la UV, el 9 de octubre; el cierre de \u00e9sta ser\u00e1 el 24 a las 18:00 horas y los resultados se publicar\u00e1n el 31 del mismo mes.<\/p>\n<p>Cabe citar que la evaluaci\u00f3n ser\u00e1 realizada por un Comit\u00e9 de Selecci\u00f3n integrado por docentes de las seis \u00e1reas acad\u00e9micas, quienes conducir\u00e1n el proceso de acuerdo a los siguientes criterios: perfil acad\u00e9mico integral \u2013desempe\u00f1o acad\u00e9mico, participaci\u00f3n en proyectos acad\u00e9micos, reconocimientos o premios, entre otros\u2013; el promedio es un indicador importante, pero \u00e9ste no definir\u00e1 la selecci\u00f3n de un estudiante, la evaluaci\u00f3n integral del desempe\u00f1o ser\u00e1 determinante.<\/p>\n<p>Un criterio m\u00e1s es la pertinencia e impacto de la movilidad, lo cual se refiere a la claridad en la justificaci\u00f3n acad\u00e9mica de la solicitud, demostrar relevancia acad\u00e9mica, calidad de la instituci\u00f3n destino, impacto en la disciplina, entre otros.<\/p>\n<p>As\u00ed como actividades extracurriculares, entendi\u00e9ndose que \u00e9stas pueden realizarse dentro y fuera de la Universidad para propiciar la formaci\u00f3n profesional y personal, como recreativas, deportivas, art\u00edsticas y asociaciones.<\/p>\n<p>Los estudiantes de regiones diferentes a Xalapa enviar\u00e1n el expediente digital a su Coordinador Regional de Internacionalizaci\u00f3n correspondiente.<\/p>\n<p>Cada solicitante tendr\u00e1 que integrar un expediente digital de acuerdo a los requisitos y anexos de esta convocatoria, haciendo los env\u00edos a: <a href=\"mailto:promuv.nacional@gmail.com\">promuv.nacional@gmail.com<\/a>, <a href=\"mailto:promuv.internacional@gmail.com\">promuv.internacional@gmail.com<\/a>, as\u00ed como a las respectivas coordinaciones regionales. Para mayores informes se sugiere consultar en los mismos correos electr\u00f3nicos.<\/p>\n<p>Adem\u00e1s, tambi\u00e9n consultar la p\u00e1gina oficial de la DGRI:\u00a0<a href=\"https:\/\/www.uv.mx\/internacional\/movilidad\/promuv\/\">https:\/\/www.uv.mx\/internacional\/movilidad\/promuv\/<\/a><\/p>\n","protected":false},"excerpt":{"rendered":"<p>La Direcci\u00f3n General de Relaciones Internacionales (DGRI) de la Universidad Veracruzana (UV), a trav\u00e9s de la Coordinaci\u00f3n de Movilidad Estudiantil y Acad\u00e9mica, convoca a estudiantes de licenciatura, posgrado y t\u00e9cnico superior universitario (sistemas escolarizado y de ense\u00f1anza abierta), a participar en el Programa de Movilidad Estudiantil y realizar una estancia acad\u00e9mica nacional o internacional entre enero y julio de 2018.<\/p>\n","protected":false},"author":1810,"featured_media":31923,"comment_status":"closed","ping_status":"closed","sticky":false,"template":"","format":"standard","meta":[],"categories":[1],"tags":[2],"_links":{"self":[{"href":"https:\/\/www.uv.mx\/prensa\/wp-json\/wp\/v2\/posts\/31913"}],"collection":[{"href":"https:\/\/www.uv.mx\/prensa\/wp-json\/wp\/v2\/posts"}],"about":[{"href":"https:\/\/www.uv.mx\/prensa\/wp-json\/wp\/v2\/types\/post"}],"author":[{"embeddable":true,"href":"https:\/\/www.uv.mx\/prensa\/wp-json\/wp\/v2\/users\/1810"}],"replies":[{"embeddable":true,"href":"https:\/\/www.uv.mx\/prensa\/wp-json\/wp\/v2\/comments?post=31913"}],"version-history":[{"count":0,"href":"https:\/\/www.uv.mx\/prensa\/wp-json\/wp\/v2\/posts\/31913\/revisions"}],"wp:featuredmedia":[{"embeddable":true,"href":"https:\/\/www.uv.mx\/prensa\/wp-json\/wp\/v2\/media\/31923"}],"wp:attachment":[{"href":"https:\/\/www.uv.mx\/prensa\/wp-json\/wp\/v2\/media?parent=31913"}],"wp:term":[{"taxonomy":"category","embeddable":true,"href":"https:\/\/www.uv.mx\/prensa\/wp-json\/wp\/v2\/categories?post=31913"},{"taxonomy":"post_tag","embeddable":true,"href":"https:\/\/www.uv.mx\/prensa\/wp-json\/wp\/v2\/tags?post=31913"}],"curies":[{"name":"wp","href":"https:\/\/api.w.org\/{rel}","templated":true}]}}