{"id":31927,"date":"2017-09-08T13:49:25","date_gmt":"2017-09-08T18:49:25","guid":{"rendered":"https:\/\/www.uv.mx\/prensa\/?p=31927"},"modified":"2017-09-09T00:03:08","modified_gmt":"2017-09-09T05:03:08","slug":"pymes-mexicanas-y-chinas-requieren-una-mayor-participacion-en-el-comercio-bilateral","status":"publish","type":"post","link":"https:\/\/www.uv.mx\/prensa\/general\/pymes-mexicanas-y-chinas-requieren-una-mayor-participacion-en-el-comercio-bilateral\/","title":{"rendered":"Pymes mexicanas y chinas requieren una mayor participaci\u00f3n en el comercio bilateral"},"content":{"rendered":"<ul>\n<li><em>En los dos pa\u00edses representan m\u00e1s del 98 por ciento de las empresas, adem\u00e1s de ser las mayores generadoras de empleo<\/em><\/li>\n<\/ul>\n<p>&nbsp;<\/p>\n<div id=\"attachment_31962\" style=\"width: 310px\" class=\"wp-caption aligncenter\"><a href=\"https:\/\/www.uv.mx\/prensa\/files\/2017\/09\/080917-cambio-libro-pymes.jpg\"><img aria-describedby=\"caption-attachment-31962\" decoding=\"async\" loading=\"lazy\" class=\"size-medium wp-image-31962\" src=\"https:\/\/www.uv.mx\/prensa\/files\/2017\/09\/080917-cambio-libro-pymes-300x225.jpg\" alt=\"\" width=\"300\" height=\"225\" srcset=\"https:\/\/www.uv.mx\/prensa\/files\/2017\/09\/080917-cambio-libro-pymes-300x225.jpg 300w, https:\/\/www.uv.mx\/prensa\/files\/2017\/09\/080917-cambio-libro-pymes.jpg 640w\" sizes=\"(max-width: 300px) 100vw, 300px\" \/><\/a><p id=\"caption-attachment-31962\" class=\"wp-caption-text\"><em>Cechiver<\/em> present\u00f3 libro sobre las Pymes mexicanas y chinas<\/p><\/div>\n<p><strong><em>David Sandoval Rodr\u00edguez<\/em><\/strong><\/p>\n<p>&nbsp;<\/p>\n<p><strong><em>Xalapa, Ver., 08\/09\/2017.-<\/em><\/strong> Las peque\u00f1as y medianas empresas (<em>Pymes<\/em>) de nuestro pa\u00eds se encuentran en un momento de gran potencial para establecer relaciones comerciales con China, por ello se hace necesario divulgar este panorama y suscitar el inter\u00e9s por involucrarse.<\/p>\n<p>En este sentido, el Centro de Estudios China-Veracruz (<em>Cechiver<\/em>) de la Universidad Veracruzana (UV), a trav\u00e9s de la Direcci\u00f3n General de Relaciones Internacionales (DGRI), y la C\u00e1mara de Comercio de M\u00e9xico en China (<em>Mexcham<\/em>) presentaron el libro <em>Las <\/em>Pymes<em> mexicanas y chinas ante el crecimiento acelerado de las relaciones econ\u00f3micas entre ambas naciones<\/em>, el jueves 7 de septiembre en la Unidad de Servicios Bibliotecarios y de Informaci\u00f3n (USBI).<\/p>\n<p>Sus autores son Li Yan, acad\u00e9mica de la Universidad Renmin de China; An\u00edbal Carlos Zottele Allende, coordinador del <em>Cechiver<\/em>, y Mario Alberto Santiago Mendoza, acad\u00e9mico y miembro del centro. Los comentarios sobre esta publicaci\u00f3n estuvieron a cargo de Silvia Barradas Troncoso, Jorge Acosta y Juan Manuel Garc\u00eda Gonz\u00e1lez.<\/p>\n<p>An\u00edbal Zottele explic\u00f3 que el libro parti\u00f3 de la idea de rescatar la experiencia de una d\u00e9cada de acompa\u00f1ar a peque\u00f1as y micro empresas mexicanas en sus viajes comerciales a China, as\u00ed como las posibilidades concretas de hacer negocios en el gigante asi\u00e1tico.<\/p>\n<p>Como academia se tiene la responsabilidad de generar el conocimiento y el <em>know how<\/em> para los empresarios, pero tambi\u00e9n est\u00e1 la responsabilidad del gobierno en respaldar las iniciativas, a las que se suma la responsabilidad de las c\u00e1maras de comercio para generar acuerdos y socios.<\/p>\n<p>China es el principal referente en materia de comercio exterior a nivel mundial y se concibe como un elemento central del proceso de globalizaci\u00f3n, agreg\u00f3 Zottele Allende, y las <em>Pymes<\/em> mexicanas representan el 98 por ciento de la producci\u00f3n, adem\u00e1s de ser las mayores generadoras de empleo, por ello se debe dar importancia a su participaci\u00f3n en el mercado chino.<\/p>\n<p>Mario Alberto Santiago recalc\u00f3 que \u201cpara las empresas mexicanas existen amplias oportunidades de impulsar mecanismos de cooperaci\u00f3n con las empresas chinas, como el comercio electr\u00f3nico que se encuentra bastante desarrollado\u201d.<\/p>\n<p>La obra aporta ideas relativas al asesoramiento y la capacitaci\u00f3n a las <em>Pymes<\/em> mexicanas para que puedan hacer negocios con China desde la academia, puntualiz\u00f3.<\/p>\n<p>&nbsp;<\/p>\n<div id=\"attachment_31939\" style=\"width: 732px\" class=\"wp-caption aligncenter\"><a href=\"https:\/\/www.uv.mx\/prensa\/files\/2017\/09\/Foto-Libro-Cechiver-080917.jpg\"><img aria-describedby=\"caption-attachment-31939\" decoding=\"async\" loading=\"lazy\" class=\"size-full wp-image-31939\" src=\"https:\/\/www.uv.mx\/prensa\/files\/2017\/09\/Foto-Libro-Cechiver-080917.jpg\" alt=\"\" width=\"722\" height=\"481\" srcset=\"https:\/\/www.uv.mx\/prensa\/files\/2017\/09\/Foto-Libro-Cechiver-080917.jpg 722w, https:\/\/www.uv.mx\/prensa\/files\/2017\/09\/Foto-Libro-Cechiver-080917-300x200.jpg 300w\" sizes=\"(max-width: 722px) 100vw, 722px\" \/><\/a><p id=\"caption-attachment-31939\" class=\"wp-caption-text\">Los comentarios sobre esta publicaci\u00f3n estuvieron a cargo de Silvia Barradas Troncoso, Jorge Acosta y Juan Manuel Garc\u00eda Gonz\u00e1lez<\/p><\/div>\n<p>&nbsp;<\/p>\n<p>En el mismo sentido, Barradas Troncoso, acad\u00e9mica de la Facultad de Administraci\u00f3n regi\u00f3n Veracruz, subray\u00f3 la pertinencia del tema de las <em>Pymes<\/em> que el libro se\u00f1ala, \u201cal concentrar la mayor parte del empleo en nuestro pa\u00eds; en cuanto a las <em>Pymes<\/em> chinas, nos brinda el conocimiento para poder entrar a este pa\u00eds\u201d.<\/p>\n<p>El impacto de las <em>Pymes<\/em> en M\u00e9xico debe tomarse en serio para la elaboraci\u00f3n de las pol\u00edticas p\u00fablicas, as\u00ed como tambi\u00e9n debe conocerse en el \u00e1mbito acad\u00e9mico el estado actual de las relaciones comerciales con otros mercados m\u00e1s all\u00e1 de Estados Unidos, de ah\u00ed la importancia de esta publicaci\u00f3n.<\/p>\n<p>Por su parte, Garc\u00eda Gonz\u00e1lez, vicepresidente de la C\u00e1mara de Comercio M\u00e9xico-China, delegaci\u00f3n Veracruz, refiri\u00f3 que se deben buscar nuevas rutas en los caminos de los negocios; en ese sentido, este libro es una \u201cherramienta b\u00e1sica para saber en d\u00f3nde estamos parados\u201d.<\/p>\n<p>A los estudiantes de la Especializaci\u00f3n en Comercio Exterior de la UV regi\u00f3n Veracruz que asistieron a la presentaci\u00f3n, les dijo que la obra es el primer cap\u00edtulo que deben leer si desean viajar y estudiar en China, pues ofrece un detallado panorama de las relaciones comerciales y de las posibilidades con las que se cuenta para su formaci\u00f3n y desarrollo profesional.<\/p>\n<p>Reconoci\u00f3 el esfuerzo del <em>Cechiver<\/em> y sus acad\u00e9micos en establecer un v\u00ednculo comercial y dijo que \u201choy tenemos los contactos necesarios para poder exportar a China\u201d.<\/p>\n<p>Jorge Antonio Acosta C\u00e1ceres, acad\u00e9mico, coordinador de vinculaci\u00f3n de la Facultad de Contadur\u00eda en Veracruz y creador del Centro de Estudios para el Desarrollo Empresarial, reconoci\u00f3 que la UV ha recorrido un camino importante en la generaci\u00f3n del conocimiento como demuestra la publicaci\u00f3n.<\/p>\n<p>El <em>Cechiver<\/em> ha creado una masa cr\u00edtica de conocimiento que se refleja en el libro, que \u201cpermite generar confianza para los negocios que se dan entre China y M\u00e9xico, permite un acercamiento a las <em>Pymes<\/em> mexicanas y chinas\u201d, dijo.<\/p>\n<p>Entre los asistentes se cont\u00f3 con la presencia de Liliana Betancourt Trevedhan, directora general del \u00c1rea Acad\u00e9mica Econ\u00f3mico-Administrativa; Hilda Trujillo Gonz\u00e1lez, delegada de la Secretar\u00eda de Econom\u00eda; Alfredo Trevi\u00f1o Flores, representante del Instituto Nacional del Emprendedor, y Luis Manuel Cuevas Padilla, director de Prom\u00e9xico en Veracruz.<\/p>\n<p>&nbsp;<\/p>\n","protected":false},"excerpt":{"rendered":"<p><strong><em>David Sandoval.-<\/em><\/strong>Las peque\u00f1as y medianas empresas (Pymes) de nuestro pa\u00eds se encuentran en un momento de gran potencial para establecer relaciones comerciales con China, por ello se hace necesario divulgar este panorama y suscitar el inter\u00e9s por involucrarse.<\/p>\n","protected":false},"author":1810,"featured_media":31937,"comment_status":"closed","ping_status":"closed","sticky":false,"template":"","format":"standard","meta":[],"categories":[1],"tags":[3],"_links":{"self":[{"href":"https:\/\/www.uv.mx\/prensa\/wp-json\/wp\/v2\/posts\/31927"}],"collection":[{"href":"https:\/\/www.uv.mx\/prensa\/wp-json\/wp\/v2\/posts"}],"about":[{"href":"https:\/\/www.uv.mx\/prensa\/wp-json\/wp\/v2\/types\/post"}],"author":[{"embeddable":true,"href":"https:\/\/www.uv.mx\/prensa\/wp-json\/wp\/v2\/users\/1810"}],"replies":[{"embeddable":true,"href":"https:\/\/www.uv.mx\/prensa\/wp-json\/wp\/v2\/comments?post=31927"}],"version-history":[{"count":0,"href":"https:\/\/www.uv.mx\/prensa\/wp-json\/wp\/v2\/posts\/31927\/revisions"}],"wp:featuredmedia":[{"embeddable":true,"href":"https:\/\/www.uv.mx\/prensa\/wp-json\/wp\/v2\/media\/31937"}],"wp:attachment":[{"href":"https:\/\/www.uv.mx\/prensa\/wp-json\/wp\/v2\/media?parent=31927"}],"wp:term":[{"taxonomy":"category","embeddable":true,"href":"https:\/\/www.uv.mx\/prensa\/wp-json\/wp\/v2\/categories?post=31927"},{"taxonomy":"post_tag","embeddable":true,"href":"https:\/\/www.uv.mx\/prensa\/wp-json\/wp\/v2\/tags?post=31927"}],"curies":[{"name":"wp","href":"https:\/\/api.w.org\/{rel}","templated":true}]}}