{"id":32501,"date":"2017-09-21T13:58:27","date_gmt":"2017-09-21T18:58:27","guid":{"rendered":"https:\/\/www.uv.mx\/prensa\/?p=32501"},"modified":"2017-09-21T13:58:27","modified_gmt":"2017-09-21T18:58:27","slug":"guardianes-de-la-salud-aprendieron-sobre-manejo-del-estres","status":"publish","type":"post","link":"https:\/\/www.uv.mx\/prensa\/deportes\/guardianes-de-la-salud-aprendieron-sobre-manejo-del-estres\/","title":{"rendered":"Guardianes de la Salud aprendieron sobre manejo del estr\u00e9s"},"content":{"rendered":"<ul>\n<li><em>Crece la promoci\u00f3n de actividad f\u00edsica y alimentaci\u00f3n saludable entre los empleados de la UV<\/em><\/li>\n<\/ul>\n<p>&nbsp;<\/p>\n<div id=\"attachment_32503\" style=\"width: 732px\" class=\"wp-caption aligncenter\"><a href=\"https:\/\/www.uv.mx\/prensa\/files\/2017\/09\/210917.-Guardianes-1-ok.jpg\"><img aria-describedby=\"caption-attachment-32503\" decoding=\"async\" loading=\"lazy\" class=\"size-full wp-image-32503\" src=\"https:\/\/www.uv.mx\/prensa\/files\/2017\/09\/210917.-Guardianes-1-ok.jpg\" alt=\"\" width=\"722\" height=\"482\" srcset=\"https:\/\/www.uv.mx\/prensa\/files\/2017\/09\/210917.-Guardianes-1-ok.jpg 722w, https:\/\/www.uv.mx\/prensa\/files\/2017\/09\/210917.-Guardianes-1-ok-300x200.jpg 300w\" sizes=\"(max-width: 722px) 100vw, 722px\" \/><\/a><p id=\"caption-attachment-32503\" class=\"wp-caption-text\">Sara\u00ed Ram\u00edrez Colina, encargada de Salud P\u00fablica del SAISUV<\/p><\/div>\n<p>&nbsp;<\/p>\n<p><strong><em>Santiago Morales Ortiz<\/em><\/strong><\/p>\n<p>&nbsp;<\/p>\n<p><strong><em>21\/09\/2017. Xalapa, Ver.-<\/em><\/strong>\u00a0Con una serie de charlas y el Taller para el Manejo del Estr\u00e9s, se llev\u00f3 a cabo la octava reuni\u00f3n de los Guardianes de la Salud que participan en el Programa de Activaci\u00f3n F\u00edsica que promueve la Universidad Veracruzana (UV), a trav\u00e9s del Sistema de Atenci\u00f3n Integral de la Salud (SAISUV).<\/p>\n<p>Sara\u00ed Ram\u00edrez Colina, coordinadora de Salud P\u00fablica del SAISUV, se\u00f1al\u00f3 que en la octava reuni\u00f3n participaron 120 Guardianes de la Salud de la regi\u00f3n Xalapa.<\/p>\n<p>Destac\u00f3 que se trata de facilitar el manejo de las din\u00e1micas que se dan dentro del programa: \u201cB\u00e1sicamente la promoci\u00f3n de la actividad f\u00edsica y alimentaci\u00f3n saludable, a trav\u00e9s de la educaci\u00f3n para la salud. Lo que buscamos es que los guardianes identifiquen la problem\u00e1tica que han experimentado dentro del programa y reconozcan el desarrollo de habilidades para enfrentarla\u201d.<\/p>\n<p>Coment\u00f3 que se busca crear un ambiente de di\u00e1logo entre los guardianes, \u201cque exista una buena comunicaci\u00f3n y que facilite la resoluci\u00f3n de los problemas de salud\u201d.<\/p>\n<p>Inform\u00f3 que en la reuni\u00f3n se analizaron las actividades que se ofrecen en la campa\u00f1a \u201cA quitarnos un kilo de encima, la familia y la UV nos necesitan\u201d, como las c\u00e1psulas de gimnasia laboral, actividad f\u00edsica deportiva, bailes de sal\u00f3n, el recetario de alimentaci\u00f3n saludable, adem\u00e1s del seguimiento del \u00edndice de masa corporal que de manera peri\u00f3dica se hace a los empleados.<\/p>\n<p>&nbsp;<\/p>\n<div id=\"attachment_32504\" style=\"width: 732px\" class=\"wp-caption aligncenter\"><a href=\"https:\/\/www.uv.mx\/prensa\/files\/2017\/09\/210917.-Guardianes-2-ok.jpg\"><img aria-describedby=\"caption-attachment-32504\" decoding=\"async\" loading=\"lazy\" class=\"size-full wp-image-32504\" src=\"https:\/\/www.uv.mx\/prensa\/files\/2017\/09\/210917.-Guardianes-2-ok.jpg\" alt=\"\" width=\"722\" height=\"403\" srcset=\"https:\/\/www.uv.mx\/prensa\/files\/2017\/09\/210917.-Guardianes-2-ok.jpg 722w, https:\/\/www.uv.mx\/prensa\/files\/2017\/09\/210917.-Guardianes-2-ok-300x167.jpg 300w\" sizes=\"(max-width: 722px) 100vw, 722px\" \/><\/a><p id=\"caption-attachment-32504\" class=\"wp-caption-text\">Los Guardianes de la Salud participaron en el Taller para el Manejo del Estr\u00e9s<\/p><\/div>\n<p>&nbsp;<\/p>\n<p>Sara\u00ed Ram\u00edrez resalt\u00f3 que en general han sido buenos los resultados que se han obtenido desde el inicio de la campa\u00f1a: \u201cLas mediciones que se han hecho permiten conocer el estado de la campa\u00f1a. Cu\u00e1ntas personas se han sumado y, a trav\u00e9s de los indicadores de masa corporal, conocer que los trabajadores mantienen el peso ideal\u201d.<\/p>\n<p>Se\u00f1al\u00f3 que m\u00e1s del 60 por ciento de los empleados participan en la campa\u00f1a y reconoci\u00f3 la labor de los Guardianes de la Salud por su estilo de vida saludable y como verdaderos ejemplos a seguir.<\/p>\n<p>Inform\u00f3 que a partir de agosto se sum\u00f3 a la campa\u00f1a la regi\u00f3n Veracruz, a trav\u00e9s de las c\u00e1psulas en las que se promueve la actividad f\u00edsica.<\/p>\n<p>Agreg\u00f3 que en esta octava reuni\u00f3n los Guardianes de la Salud participaron en un taller para desarrollar herramientas para el manejo del estr\u00e9s.<\/p>\n<p>\u201cSon los encargados de cuidar los estilos de vida saludable de los empleados, y con este taller podr\u00e1n identificar los s\u00edntomas del estr\u00e9s y c\u00f3mo controlarlo.\u201d<\/p>\n<p>&nbsp;<\/p>\n","protected":false},"excerpt":{"rendered":"<p><strong><em> Santiago Morales Ortiz.-<\/em><\/strong> Con una serie de charlas y el Taller para el Manejo del Estr\u00e9s, se llev\u00f3 a cabo la octava reuni\u00f3n de los Guardianes de la Salud que participan en el Programa de Activaci\u00f3n F\u00edsica que promueve la Universidad Veracruzana (UV), a trav\u00e9s del Sistema de Atenci\u00f3n Integral de la Salud (SAISUV).<\/p>\n","protected":false},"author":1809,"featured_media":32502,"comment_status":"closed","ping_status":"closed","sticky":false,"template":"","format":"standard","meta":[],"categories":[12],"tags":[17],"_links":{"self":[{"href":"https:\/\/www.uv.mx\/prensa\/wp-json\/wp\/v2\/posts\/32501"}],"collection":[{"href":"https:\/\/www.uv.mx\/prensa\/wp-json\/wp\/v2\/posts"}],"about":[{"href":"https:\/\/www.uv.mx\/prensa\/wp-json\/wp\/v2\/types\/post"}],"author":[{"embeddable":true,"href":"https:\/\/www.uv.mx\/prensa\/wp-json\/wp\/v2\/users\/1809"}],"replies":[{"embeddable":true,"href":"https:\/\/www.uv.mx\/prensa\/wp-json\/wp\/v2\/comments?post=32501"}],"version-history":[{"count":0,"href":"https:\/\/www.uv.mx\/prensa\/wp-json\/wp\/v2\/posts\/32501\/revisions"}],"wp:featuredmedia":[{"embeddable":true,"href":"https:\/\/www.uv.mx\/prensa\/wp-json\/wp\/v2\/media\/32502"}],"wp:attachment":[{"href":"https:\/\/www.uv.mx\/prensa\/wp-json\/wp\/v2\/media?parent=32501"}],"wp:term":[{"taxonomy":"category","embeddable":true,"href":"https:\/\/www.uv.mx\/prensa\/wp-json\/wp\/v2\/categories?post=32501"},{"taxonomy":"post_tag","embeddable":true,"href":"https:\/\/www.uv.mx\/prensa\/wp-json\/wp\/v2\/tags?post=32501"}],"curies":[{"name":"wp","href":"https:\/\/api.w.org\/{rel}","templated":true}]}}