{"id":32594,"date":"2017-09-22T12:30:52","date_gmt":"2017-09-22T17:30:52","guid":{"rendered":"https:\/\/www.uv.mx\/prensa\/?p=32594"},"modified":"2017-09-22T13:11:38","modified_gmt":"2017-09-22T18:11:38","slug":"la-universidad-permite-crecer-en-conocimientos-ida-soto","status":"publish","type":"post","link":"https:\/\/www.uv.mx\/prensa\/general\/la-universidad-permite-crecer-en-conocimientos-ida-soto\/","title":{"rendered":"La Universidad permite crecer  en conocimientos: Ida Soto"},"content":{"rendered":"<p>\u2022<em> La decana se\u00f1al\u00f3 que a los j\u00f3venes se les debe hacer ver que deben aprovechar los conocimientos y no incitarlos a la violencia<\/em><\/p>\n<p>&nbsp;<\/p>\n<div id=\"attachment_32595\" style=\"width: 732px\" class=\"wp-caption aligncenter\"><a href=\"https:\/\/www.uv.mx\/prensa\/files\/2017\/09\/220917.-Decana-Ida-Soto-ok.jpg\"><img aria-describedby=\"caption-attachment-32595\" decoding=\"async\" loading=\"lazy\" class=\"size-full wp-image-32595\" src=\"https:\/\/www.uv.mx\/prensa\/files\/2017\/09\/220917.-Decana-Ida-Soto-ok.jpg\" alt=\"\" width=\"722\" height=\"542\" srcset=\"https:\/\/www.uv.mx\/prensa\/files\/2017\/09\/220917.-Decana-Ida-Soto-ok.jpg 722w, https:\/\/www.uv.mx\/prensa\/files\/2017\/09\/220917.-Decana-Ida-Soto-ok-300x225.jpg 300w\" sizes=\"(max-width: 722px) 100vw, 722px\" \/><\/a><p id=\"caption-attachment-32595\" class=\"wp-caption-text\">Ida Soto Rodr\u00edguez, decana 2016 del \u00c1rea Acad\u00e9mica de Ciencias de la Salud<\/p><\/div>\n<p>&nbsp;<\/p>\n<p><strong><em>22\/09\/2017. Veracruz, Ver.- <\/em><\/strong>Ida Soto Rodr\u00edguez, decana 2016 del \u00c1rea Acad\u00e9mica de Ciencias de la Salud y docente de la Facultad de Bioan\u00e1lisis de la Universidad Veracruzana (UV) regi\u00f3n Veracruz, afirm\u00f3 que esta casa de estudio es un espacio que permite crecer, en donde maestros y estudiantes pueden discernir, converger en ideas, pero lo significativo es que tiene 73 a\u00f1os de generar conocimiento que sirve a las generaciones actuales y futuras.<\/p>\n<p>La acad\u00e9mica cuenta con 27 a\u00f1os al servicio de la docencia en esta instituci\u00f3n, y aunque no es su alma m\u00e1ter est\u00e1 muy agradecida por darle la oportunidad de transmitir su experiencia a los j\u00f3venes que con muchas ilusiones ingresan a sus aulas.<\/p>\n<p>Egresada de la Licenciatura en Biolog\u00eda de la Universidad Nacional Aut\u00f3noma de M\u00e9xico (UNAM), desde hace 27 a\u00f1os est\u00e1 al servicio de la Veracruzana, a la cual considera su casa. \u201cEsta Universidad me ha permitido desarrollarme como persona y contribuir a la formaci\u00f3n de otros j\u00f3venes; se trata de una de las universidades m\u00e1s emblem\u00e1ticas del pa\u00eds, la cual cuenta con egresados destacados y genera un impacto positivo entre la comunidad\u201d.<\/p>\n<p>Al hablar de la situaci\u00f3n actual de desesperanza en el pa\u00eds y en Veracruz, comparti\u00f3 su preocupaci\u00f3n por la violencia f\u00edsica y psicol\u00f3gica a la que est\u00e1n expuestos los j\u00f3venes.<\/p>\n<p>\u201cCreo que desde la academia se pueden generar cambios, es un espacio para hacerles ver que tenemos esperanza de que el pa\u00eds va a prosperar y que necesita de ellos, como m\u00e9dicos, qu\u00edmicos cl\u00ednicos, enfermeras; quienes estamos preocupados por los j\u00f3venes debemos hacerles ver esto y no incitarlos a la violencia, que aprovechen los conocimientos porque les dar\u00e1 diferentes alternativas de vida.\u201d<\/p>\n<p>A\u00f1adi\u00f3 que hay que generar en los alumnos el valor de la honestidad, que paulatinamente se ha perdido por la incertidumbre econ\u00f3mica.<\/p>\n<p>\u201cPienso que si las personas que hoy gu\u00edan la Universidad son lo suficientemente inteligentes y no se dejan amedrentar, puede ser una de las m\u00e1s importante del pa\u00eds, como lo fue hace 60 a\u00f1os cuando llegaban estudiantes de Sudam\u00e9rica a tomar clases a las aulas de las facultades de Medicina y Medicina Veterinaria y Zootecnia\u201d.<\/p>\n<p>Por \u00faltimo, dijo que el programa de movilidad es una de las fortalezas de la Universidad, pues permite que los estudiantes realicen estancias dentro y fuera del pa\u00eds.<\/p>\n","protected":false},"excerpt":{"rendered":"<p>Ida Soto Rodr\u00edguez, decana 2016 del \u00c1rea Acad\u00e9mica de Ciencias de la Salud y docente de la Facultad de Bioan\u00e1lisis de la Universidad Veracruzana (UV) regi\u00f3n Veracruz, afirm\u00f3 que esta casa de estudio es un espacio que permite crecer, en donde maestros y estudiantes pueden discernir, converger en ideas, pero lo significativo es que tiene 73 a\u00f1os de generar conocimiento que sirve a las generaciones actuales y futuras.<\/p>\n","protected":false},"author":1809,"featured_media":32596,"comment_status":"closed","ping_status":"closed","sticky":false,"template":"","format":"standard","meta":[],"categories":[1],"tags":[3],"_links":{"self":[{"href":"https:\/\/www.uv.mx\/prensa\/wp-json\/wp\/v2\/posts\/32594"}],"collection":[{"href":"https:\/\/www.uv.mx\/prensa\/wp-json\/wp\/v2\/posts"}],"about":[{"href":"https:\/\/www.uv.mx\/prensa\/wp-json\/wp\/v2\/types\/post"}],"author":[{"embeddable":true,"href":"https:\/\/www.uv.mx\/prensa\/wp-json\/wp\/v2\/users\/1809"}],"replies":[{"embeddable":true,"href":"https:\/\/www.uv.mx\/prensa\/wp-json\/wp\/v2\/comments?post=32594"}],"version-history":[{"count":0,"href":"https:\/\/www.uv.mx\/prensa\/wp-json\/wp\/v2\/posts\/32594\/revisions"}],"wp:featuredmedia":[{"embeddable":true,"href":"https:\/\/www.uv.mx\/prensa\/wp-json\/wp\/v2\/media\/32596"}],"wp:attachment":[{"href":"https:\/\/www.uv.mx\/prensa\/wp-json\/wp\/v2\/media?parent=32594"}],"wp:term":[{"taxonomy":"category","embeddable":true,"href":"https:\/\/www.uv.mx\/prensa\/wp-json\/wp\/v2\/categories?post=32594"},{"taxonomy":"post_tag","embeddable":true,"href":"https:\/\/www.uv.mx\/prensa\/wp-json\/wp\/v2\/tags?post=32594"}],"curies":[{"name":"wp","href":"https:\/\/api.w.org\/{rel}","templated":true}]}}