{"id":34001,"date":"2017-10-13T21:10:07","date_gmt":"2017-10-14T02:10:07","guid":{"rendered":"https:\/\/www.uv.mx\/prensa\/?p=34001"},"modified":"2017-10-13T21:12:02","modified_gmt":"2017-10-14T02:12:02","slug":"la-cultura-derecho-humano-que-abre-fronteras-ahmed-galai","status":"publish","type":"post","link":"https:\/\/www.uv.mx\/prensa\/general\/la-cultura-derecho-humano-que-abre-fronteras-ahmed-galai\/","title":{"rendered":"La cultura, derecho humano que abre fronteras: Ahmed Galai"},"content":{"rendered":"<ul>\n<li><i><em>En T\u00fanez y M\u00e9xico, \u201ccompartimos los ideales de la libertad, la voluntad de vivir y de enfrentar la adversidad, as\u00ed como el ir en contra de los enemigos de \u00e9stas\u201d, <\/em><\/i><i><em>expres\u00f3<\/em><\/i><b><i> <\/i><\/b><\/li>\n<\/ul>\n<p>&nbsp;<\/p>\n<div id=\"attachment_34002\" style=\"width: 732px\" class=\"wp-caption aligncenter\"><a href=\"https:\/\/www.uv.mx\/prensa\/files\/2017\/10\/131016.-Ahmed-Galai-ok.jpg\"><img aria-describedby=\"caption-attachment-34002\" decoding=\"async\" loading=\"lazy\" class=\"size-full wp-image-34002\" src=\"https:\/\/www.uv.mx\/prensa\/files\/2017\/10\/131016.-Ahmed-Galai-ok.jpg\" alt=\"\" width=\"722\" height=\"415\" srcset=\"https:\/\/www.uv.mx\/prensa\/files\/2017\/10\/131016.-Ahmed-Galai-ok.jpg 722w, https:\/\/www.uv.mx\/prensa\/files\/2017\/10\/131016.-Ahmed-Galai-ok-300x172.jpg 300w, https:\/\/www.uv.mx\/prensa\/files\/2017\/10\/131016.-Ahmed-Galai-ok-330x190.jpg 330w\" sizes=\"(max-width: 722px) 100vw, 722px\" \/><\/a><p id=\"caption-attachment-34002\" class=\"wp-caption-text\">Ahmed Galai durante su conferencia en el Museo de Antropolog\u00eda de Xalapa<\/p><\/div>\n<p>&nbsp;<\/p>\n<p><strong><em>Susana Castillo Lagos<\/em><\/strong><\/p>\n<p>&nbsp;<\/p>\n<p><em><strong>13\/10\/17.- Xalapa, Ver.-<\/strong><\/em> El activista Ahmed Galai, representante de la Liga Tunecina por los Derechos Humanos (LTDH), organizaci\u00f3n que recibi\u00f3 el Premio Nobel de la Paz 2015 como parte del Cuarteto para el Di\u00e1logo Nacional en T\u00fanez por su actuaci\u00f3n en la democratizaci\u00f3n del pa\u00eds mediterr\u00e1neo, dict\u00f3 la conferencia magistral \u201cDin\u00e1micas culturales y transformaci\u00f3n social\u201d, en el marco del IV Coloquio Internacional Discurso(s) en Frontera(s) \u201cFronteras de la memoria: lenguajes del dolor y trauma en M\u00e9xico en el siglo XXI\u201d, celebrado en la Universidad Veracruzana (UV) del 11 al 13 de octubre.<\/p>\n<p>Presentado por la escritora e investigadora Magali Velasco Vargas, Galai comparti\u00f3 en el auditorio \u201cAlfonso Medell\u00edn Zenil\u201d del Museo de Antropolog\u00eda de Xalapa, su l\u00ednea de pensamiento y su ideolog\u00eda, que se mantiene dentro de los valores humanistas.<\/p>\n<p>En T\u00fanez y M\u00e9xico, \u201ccompartimos los ideales de la libertad, la voluntad de vivir y de enfrentar la adversidad, as\u00ed como el ir en contra de los enemigos de \u00e9stas\u201d expres\u00f3 al abordar los v\u00ednculos que \u201cunen de manera muy fuerte\u201d entre las sociedades de ambas naciones.<\/p>\n<p>Tras elogiar el t\u00edtulo del coloquio, Ahmed Galai dijo que la palabra frontera a veces asusta pero todo depende del contexto en el que se haga presente. Las fronteras, continu\u00f3, son diversas y representan una limitaci\u00f3n geogr\u00e1fica ficticia entre el pasado y el presente, pero a veces son necesarias para entender que hubo un antes y un despu\u00e9s, para mirar hacia el futuro. \u201cEsas son fronteras positivas\u201d, reflexion\u00f3.<\/p>\n<p>La misma palabra tambi\u00e9n remite a muros, como lo que los dirigentes del mundo \u2500y Trump en Am\u00e9rica\u2500 hacen para separar gente, fronteras que no se pueden traspasar. \u201cLa cultura es un derecho humano, es la clave que abre las fronteras, es la fuerza del pueblo, de la sociedad, para traspasarlas, son puentes de comunicaci\u00f3n, de amistad, de relaciones humanas universales\u201d.<\/p>\n<p>El IV Coloquio Discurso(s) en Frontera(s) fue organizado por los cuerpos acad\u00e9micos Historia y Cultura, del Instituto de Investigaciones Hist\u00f3rico-Sociales (IIH-S), y Estudios Literarios Mexicanos. Siglos XX y XXI, de la Facultad de Letras Espa\u00f1olas.<\/p>\n","protected":false},"excerpt":{"rendered":"<p><strong><em> Susana Castillo Lagos.-<\/em><\/strong> El activista Ahmed Galai, representante de la Liga Tunecina por los Derechos Humanos (LTDH), organizaci\u00f3n que recibi\u00f3 el Premio Nobel de la Paz 2015 como parte del Cuarteto para el Di\u00e1logo Nacional en T\u00fanez por su actuaci\u00f3n en la democratizaci\u00f3n del pa\u00eds mediterr\u00e1neo, dict\u00f3 la conferencia magistral \u201cDin\u00e1micas culturales y transformaci\u00f3n social\u201d, en el marco del IV Coloquio Internacional Discurso(s) en Frontera(s) \u201cFronteras de la memoria: lenguajes del dolor y trauma en M\u00e9xico en el siglo XXI\u201d, celebrado en la Universidad Veracruzana (UV) del 11 al 13 de octubre.<\/p>\n","protected":false},"author":1809,"featured_media":34005,"comment_status":"closed","ping_status":"closed","sticky":false,"template":"","format":"standard","meta":[],"categories":[1],"tags":[2],"_links":{"self":[{"href":"https:\/\/www.uv.mx\/prensa\/wp-json\/wp\/v2\/posts\/34001"}],"collection":[{"href":"https:\/\/www.uv.mx\/prensa\/wp-json\/wp\/v2\/posts"}],"about":[{"href":"https:\/\/www.uv.mx\/prensa\/wp-json\/wp\/v2\/types\/post"}],"author":[{"embeddable":true,"href":"https:\/\/www.uv.mx\/prensa\/wp-json\/wp\/v2\/users\/1809"}],"replies":[{"embeddable":true,"href":"https:\/\/www.uv.mx\/prensa\/wp-json\/wp\/v2\/comments?post=34001"}],"version-history":[{"count":0,"href":"https:\/\/www.uv.mx\/prensa\/wp-json\/wp\/v2\/posts\/34001\/revisions"}],"wp:featuredmedia":[{"embeddable":true,"href":"https:\/\/www.uv.mx\/prensa\/wp-json\/wp\/v2\/media\/34005"}],"wp:attachment":[{"href":"https:\/\/www.uv.mx\/prensa\/wp-json\/wp\/v2\/media?parent=34001"}],"wp:term":[{"taxonomy":"category","embeddable":true,"href":"https:\/\/www.uv.mx\/prensa\/wp-json\/wp\/v2\/categories?post=34001"},{"taxonomy":"post_tag","embeddable":true,"href":"https:\/\/www.uv.mx\/prensa\/wp-json\/wp\/v2\/tags?post=34001"}],"curies":[{"name":"wp","href":"https:\/\/api.w.org\/{rel}","templated":true}]}}