{"id":34605,"date":"2017-10-20T12:09:03","date_gmt":"2017-10-20T17:09:03","guid":{"rendered":"https:\/\/www.uv.mx\/prensa\/?p=34605"},"modified":"2017-10-20T12:09:03","modified_gmt":"2017-10-20T17:09:03","slug":"la-violencia-tambien-se-ejerce-a-traves-del-discurso","status":"publish","type":"post","link":"https:\/\/www.uv.mx\/prensa\/general\/la-violencia-tambien-se-ejerce-a-traves-del-discurso\/","title":{"rendered":"La violencia tambi\u00e9n se ejerce a trav\u00e9s del discurso"},"content":{"rendered":"<ul>\n<li><em>Enrique S\u00e1nchez Ballesteros, acad\u00e9mico de Filosof\u00eda, propone desterrar formas argumentativas que lleven a la mentira y la trampa<\/em><\/li>\n<\/ul>\n<p>&nbsp;<\/p>\n<div id=\"attachment_34610\" style=\"width: 732px\" class=\"wp-caption aligncenter\"><a href=\"https:\/\/www.uv.mx\/prensa\/files\/2017\/10\/Discursos-llevan-a-la-mentira-y-trampa-201017.jpg\"><img aria-describedby=\"caption-attachment-34610\" decoding=\"async\" loading=\"lazy\" class=\"size-full wp-image-34610\" src=\"https:\/\/www.uv.mx\/prensa\/files\/2017\/10\/Discursos-llevan-a-la-mentira-y-trampa-201017.jpg\" alt=\"\" width=\"722\" height=\"481\" srcset=\"https:\/\/www.uv.mx\/prensa\/files\/2017\/10\/Discursos-llevan-a-la-mentira-y-trampa-201017.jpg 722w, https:\/\/www.uv.mx\/prensa\/files\/2017\/10\/Discursos-llevan-a-la-mentira-y-trampa-201017-300x200.jpg 300w\" sizes=\"(max-width: 722px) 100vw, 722px\" \/><\/a><p id=\"caption-attachment-34610\" class=\"wp-caption-text\">Marcelino Arias, Enrique S\u00e1nchez, Jacob Buganza y Ram\u00f3n L\u00f3pez, en el panel \u201cDi\u00e1logos sobre violencia y perspectivas por la paz\u201d<\/p><\/div>\n<p>&nbsp;<\/p>\n<p><strong><em>Jos\u00e9 Luis Couttolenc Soto<\/em><\/strong><\/p>\n<p>&nbsp;<\/p>\n<p><strong><em>20\/10\/2017, Xalapa, Ver.-<\/em><\/strong> En general, las personas ejercen violencia a trav\u00e9s del discurso cuando \u00e9ste no es empleado como veh\u00edculo de verdad y a quienes escuchan no se les deja capacidad de respuesta, por lo que es necesario desterrar las formas argumentativas que llevan a la mentira y la trampa.<\/p>\n<p>As\u00ed lo expres\u00f3 Enrique S\u00e1nchez Ballesteros, catedr\u00e1tico de la Facultad de Filosof\u00eda de la Universidad Veracruzana (UV), durante su intervenci\u00f3n en el panel de discusi\u00f3n \u201cDi\u00e1logos sobre violencia y perspectivas para la paz\u201d, que form\u00f3 parte del coloquio \u201cVulnerabilidad, violencia y perspectivas para la paz\u201d, desarrollado en la Unidad de Humanidades.<\/p>\n<p>El catedr\u00e1tico se\u00f1al\u00f3 que cuando existen diferencias en algunos puntos de vista \u2013sean de car\u00e1cter te\u00f3rico o pr\u00e1ctico\u2013 para enfrentar alg\u00fan problema, el ser humano asume diversas argumentaciones para resolverlo, por lo que en ocasiones trata de enga\u00f1ar, persuadir al otro o meterlo en una trampa discursiva y que no logre ver la verdad, lo que constituye una forma concreta de violencia en el ejercicio del discurso.<\/p>\n<p>Por su parte, Marcelino Arias Sandi, tambi\u00e9n acad\u00e9mico de Filosof\u00eda, present\u00f3 algunas paradojas en la vida cotidiana relacionadas con la violencia y la cultura de la paz, resalt\u00f3 c\u00f3mo de manera simult\u00e1nea se tienen elementos de convivencia pac\u00edfica y positiva, al tiempo que esas mismas personas pueden verse involucradas en eventos de violencia.<\/p>\n<p>Mencion\u00f3 que es necesario visibilizar la cotidianidad como una zona de paz, aunque se tenga una atm\u00f3sfera de vulnerabilidad por los efectos de violencia que suceden a diario.<\/p>\n<p>\u201cEn la comunidad universitaria tenemos una convivencia bastante cordial en donde lo que m\u00e1s se da son palabras hostiles entre estudiantes, pero si pensamos en la ciudad completa entonces la violencia cambia de tono porque hay homicidios, robos y todos nos sentimos vulnerables ante eso.\u201d<\/p>\n<p>Ram\u00f3n L\u00f3pez Gonz\u00e1lez, docente de la misma Facultad, habl\u00f3 del fen\u00f3meno de la violencia en sus m\u00faltiples manifestaciones, pero desde el punto de vista de la \u00e9tica, de c\u00f3mo trascienden estos aspectos. \u201cDe alguna manera (la violencia) ya se encuentra intr\u00ednseca en el ser humano, porque desde que el hombre existe hay violencia y la habr\u00e1 mientras contin\u00fae existiendo, ya que no somos angelicales\u201d.<\/p>\n<p>Mencion\u00f3 que la ense\u00f1anza que se encuentra en la sabidur\u00eda griega y en los textos sagrados de la tradici\u00f3n jud\u00edo cristiana, \u201cpermiten darse cuenta que la ra\u00edz del mal en el mundo se encuentra inserta en el hombre, pero as\u00ed como se encuentra la posibilidad de erradicar el mal, la violencia, el odio y la agresi\u00f3n, tambi\u00e9n se encuentra la otra posibilidad que es la paz, el amor y los v\u00ednculos de comunicaci\u00f3n y el di\u00e1logo\u201d.<\/p>\n<p>Por \u00faltimo, Jacob Buganza Torio habl\u00f3 de la finitud, vulnerabilidad, mortalidad y violencia; posteriormente se dio paso a la sesi\u00f3n de preguntas y respuestas.<\/p>\n","protected":false},"excerpt":{"rendered":"<p><strong><em>Jos\u00e9 Luis Couttolenc.-<\/em><\/strong>En general, las personas ejercen violencia a trav\u00e9s del discurso cuando \u00e9ste no es empleado como veh\u00edculo de verdad y a quienes escuchan no se les deja capacidad de respuesta, por lo que es necesario desterrar las formas argumentativas que llevan a la mentira y la trampa.<\/p>\n","protected":false},"author":1810,"featured_media":34609,"comment_status":"closed","ping_status":"closed","sticky":false,"template":"","format":"standard","meta":[],"categories":[1],"tags":[3],"_links":{"self":[{"href":"https:\/\/www.uv.mx\/prensa\/wp-json\/wp\/v2\/posts\/34605"}],"collection":[{"href":"https:\/\/www.uv.mx\/prensa\/wp-json\/wp\/v2\/posts"}],"about":[{"href":"https:\/\/www.uv.mx\/prensa\/wp-json\/wp\/v2\/types\/post"}],"author":[{"embeddable":true,"href":"https:\/\/www.uv.mx\/prensa\/wp-json\/wp\/v2\/users\/1810"}],"replies":[{"embeddable":true,"href":"https:\/\/www.uv.mx\/prensa\/wp-json\/wp\/v2\/comments?post=34605"}],"version-history":[{"count":0,"href":"https:\/\/www.uv.mx\/prensa\/wp-json\/wp\/v2\/posts\/34605\/revisions"}],"wp:featuredmedia":[{"embeddable":true,"href":"https:\/\/www.uv.mx\/prensa\/wp-json\/wp\/v2\/media\/34609"}],"wp:attachment":[{"href":"https:\/\/www.uv.mx\/prensa\/wp-json\/wp\/v2\/media?parent=34605"}],"wp:term":[{"taxonomy":"category","embeddable":true,"href":"https:\/\/www.uv.mx\/prensa\/wp-json\/wp\/v2\/categories?post=34605"},{"taxonomy":"post_tag","embeddable":true,"href":"https:\/\/www.uv.mx\/prensa\/wp-json\/wp\/v2\/tags?post=34605"}],"curies":[{"name":"wp","href":"https:\/\/api.w.org\/{rel}","templated":true}]}}