{"id":35037,"date":"2017-10-26T11:28:11","date_gmt":"2017-10-26T16:28:11","guid":{"rendered":"https:\/\/www.uv.mx\/prensa\/?p=35037"},"modified":"2017-10-26T12:47:31","modified_gmt":"2017-10-26T17:47:31","slug":"halcones-uv-cerca-de-hacer-historia-en-la-onefa","status":"publish","type":"post","link":"https:\/\/www.uv.mx\/prensa\/deportes\/halcones-uv-cerca-de-hacer-historia-en-la-onefa\/","title":{"rendered":"Halcones UV, cerca de hacer  historia en la ONEFA"},"content":{"rendered":"<ul>\n<li><i>El entrenador Jos\u00e9 Luis Izquierdo, con su mejor plantel para\u00a0<\/i><i>recibir<\/i><i>\u00a0a Tecos UAG, en las semifinales de la Liga Mayor<\/i><\/li>\n<\/ul>\n<p>&nbsp;<\/p>\n<div id=\"attachment_35038\" style=\"width: 732px\" class=\"wp-caption aligncenter\"><a href=\"https:\/\/www.uv.mx\/prensa\/files\/2017\/10\/261017.-Americano-ok.jpg\"><img aria-describedby=\"caption-attachment-35038\" decoding=\"async\" loading=\"lazy\" class=\"size-full wp-image-35038\" src=\"https:\/\/www.uv.mx\/prensa\/files\/2017\/10\/261017.-Americano-ok.jpg\" alt=\"\" width=\"722\" height=\"481\" srcset=\"https:\/\/www.uv.mx\/prensa\/files\/2017\/10\/261017.-Americano-ok.jpg 722w, https:\/\/www.uv.mx\/prensa\/files\/2017\/10\/261017.-Americano-ok-300x200.jpg 300w\" sizes=\"(max-width: 722px) 100vw, 722px\" \/><\/a><p id=\"caption-attachment-35038\" class=\"wp-caption-text\">Jos\u00e9 Luis Izquierdo, entrenador de Halcones UV<\/p><\/div>\n<p>&nbsp;<\/p>\n<p><b><i>Santiago Morales Ortiz<\/i><\/b><\/p>\n<p>&nbsp;<\/p>\n<p><b><i>26\/10\/<\/i><\/b><b><i>20<\/i><\/b><b><i>17,\u00a0<\/i><\/b><b><i>X<\/i><\/b><b><i>alapa<\/i><\/b><b><i>, Ver.-<\/i><\/b>\u00a0Los\u00a0<i>Halcones<\/i>\u00a0de la Universidad Veracruzana\u00a0(UV)\u00a0est\u00e1n cerca de hacer historia\u00a0en la Liga Mayor de la Organizaci\u00f3n Nacional Estudiantil de Futbol Americano\u00a0(ONEFA), como el primer equipo veracruzano que llegue a una final.<\/p>\n<p>As\u00ed lo se\u00f1al\u00f3 el entrenador\u00a0Jos\u00e9 Luis Izquierdo Bustamante, quien\u00a0apunt\u00f3 que\u00a0cuenta\u00a0con su mejor plantel para recibir el s\u00e1bado\u00a028 de octubre\u00a0a\u00a0los\u00a0Tecos de la Universidad Aut\u00f3noma de Guadalajara\u00a0(UAG), en la semifinal de esta categor\u00eda.<\/p>\n<p>Se\u00f1al\u00f3\u00a0que es la tercera ocasi\u00f3n que se presenta la oportunidad de disputar una semifinal,\u00a0pero ahora\u00a0con muchas posibilidades de\u00a0lograr el objetivo.<\/p>\n<p>Destac\u00f3 que fue una temporada bien planteada, con cinco victorias por dos derrotas,\u00a0lo\u00a0que refleja\u00a0el\u00a0buen\u00a0nivel del equipo.<\/p>\n<p>\u201cLa calidad\u00a0y\u00a0el\u00a0nivel de los jugadores\u00a0nos ha dado\u00a0resultados\u00a0pues\u00a0ello\u00a0genera competencia;\u00a0en esta temporada llegamos a tener una de las mejores defensivas con un sistema bien equilibrado,\u00a0lo cual\u00a0nos\u00a0coloca\u00a0en esta fase.\u201d<\/p>\n<p>Jos\u00e9 Luis Izquierdo\u00a0reconoci\u00f3\u00a0que viene el toque final, pues el trabajo no est\u00e1 terminado:\u00a0\u201cEl\u00a0equipo est\u00e1\u00a0concentrado,\u00a0motivado y\u00a0dispuesto a\u00a0hacer historia,\u00a0pues\u00a0nunca\u00a0un equipo del\u00a0estado de\u00a0Veracruz\u00a0ha estado en esta fase\u201d.<\/p>\n<p>Apunt\u00f3 que el encuentro\u00a0ante Tecos\u00a0ser\u00e1 una gran fiesta deportiva, con lleno en la tribuna\u00a0de\u00a0la Unidad Deportiva Universitaria, el s\u00e1bado a las 19:00 horas.<\/p>\n<p>Izquierdo Bustamante\u00a0abund\u00f3\u00a0que Tecos\u00a0es un rival especial\u00a0y\u00a0de respeto que viene a hacer su trabajo:\u00a0\u201cEs uno de los dos equipos que nos gan\u00f3 en la temporada regular all\u00e1\u00a0en Guadalajara, pero ahora\u00a0en una\u00a0situaci\u00f3n\u00a0diferente.\u00a0Hemos dise\u00f1ado una\u00a0estrategia\u00a0especial,\u00a0con\u00a0base\u00a0en\u00a0los videos que hemos visto. Hay que recordar que Tecos viene de perder sus\u00a0dos\u00a0\u00faltimos juegos \u2013ante Puebla y\u00a0Morelos\u2013, por lo que hemos analizado bien\u00a0c\u00f3mo\u00a0vamos a jugar\u201d.<\/p>\n<p>Resalt\u00f3\u00a0la\u00a0comuni\u00f3n\u00a0que existe\u00a0en el platel de los\u00a0<i>Halcones<\/i>\u00a0UV, como parte del \u00e9xito.<\/p>\n<p>Por \u00faltimo reconoci\u00f3 el apoyo de\u00a0la\u00a0rectora\u00a0Sara Ladr\u00f3n de Guevara, porque\u00a0siempre\u00a0ha estado\u00a0pendiente\u00a0del equipo,\u00a0as\u00ed como\u00a0a\u00a0la Fundaci\u00f3n UV,\u00a0entrenadores,\u00a0padres de familia\u00a0y jugadores, para hacer bien las cosas.<\/p>\n<p>&nbsp;<\/p>\n","protected":false},"excerpt":{"rendered":"<p><strong><em>Santiago Morales.-<\/em><\/strong>Los\u00a0Halcones\u00a0de la Universidad Veracruzana\u00a0(UV)\u00a0est\u00e1n cerca de hacer historia\u00a0en la Liga Mayor de la Organizaci\u00f3n Nacional Estudiantil de Futbol Americano\u00a0(ONEFA), como el primer equipo veracruzano que llegue a una final.\u00a0<\/p>\n","protected":false},"author":1810,"featured_media":35045,"comment_status":"closed","ping_status":"closed","sticky":false,"template":"","format":"standard","meta":[],"categories":[12],"tags":[],"_links":{"self":[{"href":"https:\/\/www.uv.mx\/prensa\/wp-json\/wp\/v2\/posts\/35037"}],"collection":[{"href":"https:\/\/www.uv.mx\/prensa\/wp-json\/wp\/v2\/posts"}],"about":[{"href":"https:\/\/www.uv.mx\/prensa\/wp-json\/wp\/v2\/types\/post"}],"author":[{"embeddable":true,"href":"https:\/\/www.uv.mx\/prensa\/wp-json\/wp\/v2\/users\/1810"}],"replies":[{"embeddable":true,"href":"https:\/\/www.uv.mx\/prensa\/wp-json\/wp\/v2\/comments?post=35037"}],"version-history":[{"count":0,"href":"https:\/\/www.uv.mx\/prensa\/wp-json\/wp\/v2\/posts\/35037\/revisions"}],"wp:featuredmedia":[{"embeddable":true,"href":"https:\/\/www.uv.mx\/prensa\/wp-json\/wp\/v2\/media\/35045"}],"wp:attachment":[{"href":"https:\/\/www.uv.mx\/prensa\/wp-json\/wp\/v2\/media?parent=35037"}],"wp:term":[{"taxonomy":"category","embeddable":true,"href":"https:\/\/www.uv.mx\/prensa\/wp-json\/wp\/v2\/categories?post=35037"},{"taxonomy":"post_tag","embeddable":true,"href":"https:\/\/www.uv.mx\/prensa\/wp-json\/wp\/v2\/tags?post=35037"}],"curies":[{"name":"wp","href":"https:\/\/api.w.org\/{rel}","templated":true}]}}