{"id":35055,"date":"2017-10-26T11:54:49","date_gmt":"2017-10-26T16:54:49","guid":{"rendered":"https:\/\/www.uv.mx\/prensa\/?p=35055"},"modified":"2017-10-26T11:56:08","modified_gmt":"2017-10-26T16:56:08","slug":"escuela-de-futbol-de-halcones-uv-con-nuevos-brios","status":"publish","type":"post","link":"https:\/\/www.uv.mx\/prensa\/deportes\/escuela-de-futbol-de-halcones-uv-con-nuevos-brios\/","title":{"rendered":"Escuela de Futbol de Halcones UV, con nuevos br\u00edos"},"content":{"rendered":"<ul>\n<li><i><em>Presentaron uniformes para la Temporada 2017-2018 de la Liga Nacional Juvenil<\/em><\/i><\/li>\n<\/ul>\n<p>&nbsp;<\/p>\n<div id=\"attachment_35039\" style=\"width: 732px\" class=\"wp-caption aligncenter\"><a href=\"https:\/\/www.uv.mx\/prensa\/files\/2017\/10\/261017.-Escuela-halcones-1-ok.jpg\"><img aria-describedby=\"caption-attachment-35039\" decoding=\"async\" loading=\"lazy\" class=\"size-full wp-image-35039\" src=\"https:\/\/www.uv.mx\/prensa\/files\/2017\/10\/261017.-Escuela-halcones-1-ok.jpg\" alt=\"\" width=\"722\" height=\"433\" srcset=\"https:\/\/www.uv.mx\/prensa\/files\/2017\/10\/261017.-Escuela-halcones-1-ok.jpg 722w, https:\/\/www.uv.mx\/prensa\/files\/2017\/10\/261017.-Escuela-halcones-1-ok-300x180.jpg 300w\" sizes=\"(max-width: 722px) 100vw, 722px\" \/><\/a><p id=\"caption-attachment-35039\" class=\"wp-caption-text\">Alumnos de las categor\u00edas Sub-13, Sub-15 y Sub-17 de la Escuela de Halcones UV<\/p><\/div>\n<p>&nbsp;<\/p>\n<p><strong><em>Santiago Morales Ortiz<\/em><\/strong><\/p>\n<p>&nbsp;<\/p>\n<p><strong><em>26\/10\/2017, Xalapa, Ver.-<\/em><\/strong> La Escuela de <em>Halcones<\/em> de la Universidad Veracruzana (UV) se presenta con renovados br\u00edos para encarar la Temporada 2017-2018 de la Liga Nacional Juvenil de Futbol (LNJF), torneo que avala el Sector Amateur de la Federaci\u00f3n Mexicana de la disciplina y en el que participan las mejores escuelas del pa\u00eds.<\/p>\n<p>En emotivo acto celebrado en la Unidad Deportiva del Campus para la Cultura, las Artes y el Deporte de la UV, donde realiza sus sesiones de entrenamientos de lunes a viernes, fueron presentados los uniformes que portar\u00e1n los <em>Halcones<\/em> en esta nueva aventura.<\/p>\n<p>En las prendas que los j\u00f3venes universitarios de las categor\u00edas Sub-13, Sub-15 y Sub17 presentaron y que utilizar\u00e1n en sus juegos de locales y de visitantes, destacan los colores institucionales.<\/p>\n<p>Al respecto, el director t\u00e9cnico Miguel \u00c1ngel Maldonado Hern\u00e1ndez, se\u00f1al\u00f3 que es un orgullo ver a los j\u00f3venes que se forman en la Escuela de los <em>Halcones<\/em>: \u201cTratamos de mejorar en el servicio que ofrecemos, sobre la ense\u00f1anza y aprendizaje, con maestros debidamente capacitados\u201d.<\/p>\n<p>Apunt\u00f3 que en la LNJF, los <em>Halcones<\/em> participar\u00e1n en las categor\u00edas mencionadas, la Sub-17 de nueva creaci\u00f3n, lo cual permitir\u00e1 dar seguimiento a los j\u00f3venes.<\/p>\n<p>\u201cFue un gran acierto de la liga convocar a categor\u00eda Sub-17, pues quedaba ese vac\u00edo de quienes sal\u00edan de la Sub-15, ya que no ten\u00edan donde participar.\u201d<\/p>\n<p>Maldonado Hern\u00e1ndez destac\u00f3 que <em>Halcones<\/em> viene participando en la LNJF desde 2010, con diferentes generaciones de j\u00f3venes, varios de ellos alumnos de la UV e integrantes de las selecciones representativas.<\/p>\n<p>&nbsp;<\/p>\n<div id=\"attachment_35040\" style=\"width: 732px\" class=\"wp-caption aligncenter\"><a href=\"https:\/\/www.uv.mx\/prensa\/files\/2017\/10\/261017.-Escuela-halcones-2-ok.jpg\"><img aria-describedby=\"caption-attachment-35040\" decoding=\"async\" loading=\"lazy\" class=\"size-full wp-image-35040\" src=\"https:\/\/www.uv.mx\/prensa\/files\/2017\/10\/261017.-Escuela-halcones-2-ok.jpg\" alt=\"\" width=\"722\" height=\"474\" srcset=\"https:\/\/www.uv.mx\/prensa\/files\/2017\/10\/261017.-Escuela-halcones-2-ok.jpg 722w, https:\/\/www.uv.mx\/prensa\/files\/2017\/10\/261017.-Escuela-halcones-2-ok-300x197.jpg 300w\" sizes=\"(max-width: 722px) 100vw, 722px\" \/><\/a><p id=\"caption-attachment-35040\" class=\"wp-caption-text\">Sobresalen los colores institucionales<\/p><\/div>\n<p>&nbsp;<\/p>\n<p>Ratific\u00f3 el compromiso de la Escuela de <em>Halcones<\/em> UV, que cuenta con alrededor de 200 alumnos en todas sus categor\u00edas, que van desde los cuatro hasta los 17 a\u00f1os de edad, con inscripciones abiertas permanentemente.<\/p>\n<p>\u201cTenemos ese gran compromiso con la formaci\u00f3n integral de los ni\u00f1os y j\u00f3venes en la parte deportiva, y que tengan proyecci\u00f3n en torneos nacionales.\u201d<\/p>\n<p>Miguel \u00c1ngel Maldonado comparti\u00f3 que la Escuela de <em>Halcones<\/em> cumple ocho a\u00f1os de su creaci\u00f3n con el apoyo de la Universidad Veracruzana y de la Fundaci\u00f3n UV, con el prop\u00f3sito de servir a la comunidad xalape\u00f1a y de la regi\u00f3n.<\/p>\n<p>Por \u00faltimo, reconoci\u00f3 el apoyo y esfuerzo de los padres de familia que conf\u00edan en el trabajo de la escuela y en la formaci\u00f3n deportiva de sus hijos.<\/p>\n","protected":false},"excerpt":{"rendered":"<p><strong><em> Santiago Morales Ortiz.-<\/em><\/strong> La Escuela de Halcones de la Universidad Veracruzana (UV) se presenta con renovados br\u00edos para encarar la Temporada 2017-2018 de la Liga Nacional Juvenil de Futbol (LNJF), torneo que avala el Sector Amateur de la Federaci\u00f3n Mexicana de la disciplina y en el que participan las mejores escuelas del pa\u00eds.<\/p>\n","protected":false},"author":1809,"featured_media":35047,"comment_status":"closed","ping_status":"closed","sticky":false,"template":"","format":"standard","meta":[],"categories":[12],"tags":[],"_links":{"self":[{"href":"https:\/\/www.uv.mx\/prensa\/wp-json\/wp\/v2\/posts\/35055"}],"collection":[{"href":"https:\/\/www.uv.mx\/prensa\/wp-json\/wp\/v2\/posts"}],"about":[{"href":"https:\/\/www.uv.mx\/prensa\/wp-json\/wp\/v2\/types\/post"}],"author":[{"embeddable":true,"href":"https:\/\/www.uv.mx\/prensa\/wp-json\/wp\/v2\/users\/1809"}],"replies":[{"embeddable":true,"href":"https:\/\/www.uv.mx\/prensa\/wp-json\/wp\/v2\/comments?post=35055"}],"version-history":[{"count":0,"href":"https:\/\/www.uv.mx\/prensa\/wp-json\/wp\/v2\/posts\/35055\/revisions"}],"wp:featuredmedia":[{"embeddable":true,"href":"https:\/\/www.uv.mx\/prensa\/wp-json\/wp\/v2\/media\/35047"}],"wp:attachment":[{"href":"https:\/\/www.uv.mx\/prensa\/wp-json\/wp\/v2\/media?parent=35055"}],"wp:term":[{"taxonomy":"category","embeddable":true,"href":"https:\/\/www.uv.mx\/prensa\/wp-json\/wp\/v2\/categories?post=35055"},{"taxonomy":"post_tag","embeddable":true,"href":"https:\/\/www.uv.mx\/prensa\/wp-json\/wp\/v2\/tags?post=35055"}],"curies":[{"name":"wp","href":"https:\/\/api.w.org\/{rel}","templated":true}]}}