{"id":35321,"date":"2017-10-30T14:19:24","date_gmt":"2017-10-30T20:19:24","guid":{"rendered":"https:\/\/www.uv.mx\/prensa\/?p=35321"},"modified":"2017-10-31T14:53:11","modified_gmt":"2017-10-31T20:53:11","slug":"fcas-fomenta-tradiciones-y-cultura-en-sus-estudiantes","status":"publish","type":"post","link":"https:\/\/www.uv.mx\/prensa\/general\/fcas-fomenta-tradiciones-y-cultura-en-sus-estudiantes\/","title":{"rendered":"FCAS fomenta tradiciones y cultura en sus estudiantes"},"content":{"rendered":"<p>&nbsp;<\/p>\n<ul>\n<li><em>Realiz\u00f3 el evento Mictl\u00e1n 2017, que incluy\u00f3 varios concursos<\/em><\/li>\n<\/ul>\n<p>&nbsp;<\/p>\n<div id=\"attachment_35326\" style=\"width: 732px\" class=\"wp-caption aligncenter\"><a href=\"https:\/\/www.uv.mx\/prensa\/files\/2017\/10\/Fiesta-de-muerto-FCAS-301017-ok.jpg\"><img aria-describedby=\"caption-attachment-35326\" decoding=\"async\" loading=\"lazy\" class=\"size-full wp-image-35326\" src=\"https:\/\/www.uv.mx\/prensa\/files\/2017\/10\/Fiesta-de-muerto-FCAS-301017-ok.jpg\" alt=\"\" width=\"722\" height=\"481\" srcset=\"https:\/\/www.uv.mx\/prensa\/files\/2017\/10\/Fiesta-de-muerto-FCAS-301017-ok.jpg 722w, https:\/\/www.uv.mx\/prensa\/files\/2017\/10\/Fiesta-de-muerto-FCAS-301017-ok-300x200.jpg 300w\" sizes=\"(max-width: 722px) 100vw, 722px\" \/><\/a><p id=\"caption-attachment-35326\" class=\"wp-caption-text\">La Directora de la FCAS destac\u00f3 la integraci\u00f3n que se genera con estos eventos<\/p><\/div>\n<p>&nbsp;<\/p>\n<p><strong><em>Karina de la Paz Reyes D\u00edaz<\/em><\/strong><\/p>\n<p>&nbsp;<\/p>\n<p><strong>30\/10\/2017, Xalapa, Ver.-<\/strong> La comunidad de la Facultad de Ciencias Administrativas y Sociales (FCAS) de la Universidad Veracruzana (UV) celebr\u00f3 el evento Mictl\u00e1n 2017, el viernes 27 de octubre, cuya intenci\u00f3n fue fomentar las tradiciones y cultura que distinguen al pa\u00eds.<\/p>\n<p>Martha Patricia Dom\u00ednguez Chenge, directora de FCAS, coment\u00f3 que este evento naci\u00f3 el a\u00f1o pasado a propuesta del programa educativo de Relaciones Industriales (RI), concretamente de la experiencia educativa (EE) Modelo de Competencias del Facilitador, y este a\u00f1o se sumaron los programas restantes: Administraci\u00f3n de Negocios Internacionales (ANI), Publicidad y Relaciones P\u00fablicas (PRP) y Ciencias Pol\u00edticas y Gesti\u00f3n P\u00fablica (CPGP).<\/p>\n<p>\u201cFue un d\u00eda de fiesta retomando las tradiciones de M\u00e9xico, pero fundamentalmente es un acto de integraci\u00f3n\u201d, enfatiz\u00f3 la titular de la FCAS. \u201cLos estudiantes buscaron el apoyo para los insumos y fueron premiados por parte del Comit\u00e9 Organizador; son actividades que motivan mucho porque nos parece que el rescate de las tradiciones y costumbres de M\u00e9xico son un aspecto fundamental\u201d.<\/p>\n<p>La jefa de carrera de RI, Myrna Iselda Maravert Alba, destac\u00f3 el compromiso de los estudiantes por hacer actividades encaminadas a la integraci\u00f3n y el compromiso. Por su parte, las acad\u00e9micas de la EE, Prisca Nahum Lajud y Dulce Janet L\u00f3pez Romero, se congratularon con la respuesta y resultados de los estudiantes ante eventos de esta naturaleza.<\/p>\n<p>&nbsp;<\/p>\n<div id=\"attachment_35329\" style=\"width: 693px\" class=\"wp-caption aligncenter\"><a href=\"https:\/\/www.uv.mx\/prensa\/files\/2017\/10\/Fiesta-de-muertos-FCAS-2-301017-ok.jpg\"><img aria-describedby=\"caption-attachment-35329\" decoding=\"async\" loading=\"lazy\" class=\"size-large wp-image-35329\" src=\"https:\/\/www.uv.mx\/prensa\/files\/2017\/10\/Fiesta-de-muertos-FCAS-2-301017-ok-683x1024.jpg\" alt=\"\" width=\"683\" height=\"1024\" srcset=\"https:\/\/www.uv.mx\/prensa\/files\/2017\/10\/Fiesta-de-muertos-FCAS-2-301017-ok-683x1024.jpg 683w, https:\/\/www.uv.mx\/prensa\/files\/2017\/10\/Fiesta-de-muertos-FCAS-2-301017-ok-200x300.jpg 200w, https:\/\/www.uv.mx\/prensa\/files\/2017\/10\/Fiesta-de-muertos-FCAS-2-301017-ok.jpg 722w\" sizes=\"(max-width: 683px) 100vw, 683px\" \/><\/a><p id=\"caption-attachment-35329\" class=\"wp-caption-text\">Estudiantes mostraron inter\u00e9s para organizar y participar en estas actividades<\/p><\/div>\n<p>&nbsp;<\/p>\n<p>\u201cAdem\u00e1s de retomar las tradiciones y conservarlas, se trata de desarrollar y potenciar las competencias de los alumnos, porque el 99.9 por ciento de este evento fue gracias a ellos\u201d, subray\u00f3 L\u00f3pez Romero.<\/p>\n<p>Como parte de Mictl\u00e1n 2017 se desarrollaron varios concursos: Calaverita literaria, Viste tu calaverita, Fotograf\u00eda, de Altares, de Tapetes, Disfraza tu Jefe de Carrera y de Catrines.<\/p>\n<p>Los ganadores de Disfraza a tu Jefe de Carrera fueron Sergio Ongay de la Concha de ANI, en primer lugar; Myrna Iselda Maravert Alba de RI, en segundo, y Rub\u00e9n Croda Marini de PRP, en tercero.<\/p>\n<p>En el caso del de Fotograf\u00eda, los ganadores fueron Indira Arrez B\u00e1ez, Laura Stephany Ullua Contreras y Katherine Yissel Rivas Carrera, respectivamente.<\/p>\n<p>Respecto al concurso de Altares, los mayores puntajes los alcanzaron los que representaban las tradiciones de Yucat\u00e1n, Michoac\u00e1n y Veracruz.<\/p>\n<p>Sobre la Calaverita literaria, el primer lugar fue para Ricardo Trujillo Hern\u00e1ndez con \u201cPara Paty Chenge con todo mi cari\u00f1o\u201d; en segundo, Efra\u00edn Mendoza Lagunes con \u201cLa muerte visita FCAS\u201d; en tercero, Cleotilde L\u00f3pez Ortega con \u201cDe FCAS a Pedagog\u00eda\u201d.<\/p>\n<p>En el concurso Viste tu calaverita, los ganadores del primer lugar fueron Brianda Morales Nieves, Rafael Cano Aguilar y M\u00f3nica Araid Garc\u00eda; los del segundo, Madeline Hern\u00e1ndez V\u00e1zquez, Yulissa Rivas Hern\u00e1ndez, Samantha Zavaleta y Mauncio Gonz\u00e1lez; del tercero, Danna Pneto, Itzel Contreras y Brenda Mart\u00ednez.<\/p>\n<p>Finalmente, en el de Catrines, los ganadores fueron Miguel Bonilla y Kelly Ruiz, en primero; Abigail Amaya y Gael Sandoval, en segundo, y C\u00e9sar Fricel y Cecilia Michelle, en tercero.<\/p>\n<p>&nbsp;<\/p>\n","protected":false},"excerpt":{"rendered":"<p><strong><em>Karina de la Paz Reyes.-<\/em><\/strong>La comunidad de la Facultad de Ciencias Administrativas y Sociales (FCAS) de la Universidad Veracruzana (UV) celebr\u00f3 el evento Mictl\u00e1n 2017, el viernes 27 de octubre, cuya intenci\u00f3n fue fomentar las tradiciones y cultura que distinguen al pa\u00eds.<\/p>\n","protected":false},"author":1810,"featured_media":35330,"comment_status":"closed","ping_status":"closed","sticky":false,"template":"","format":"standard","meta":[],"categories":[1],"tags":[15],"_links":{"self":[{"href":"https:\/\/www.uv.mx\/prensa\/wp-json\/wp\/v2\/posts\/35321"}],"collection":[{"href":"https:\/\/www.uv.mx\/prensa\/wp-json\/wp\/v2\/posts"}],"about":[{"href":"https:\/\/www.uv.mx\/prensa\/wp-json\/wp\/v2\/types\/post"}],"author":[{"embeddable":true,"href":"https:\/\/www.uv.mx\/prensa\/wp-json\/wp\/v2\/users\/1810"}],"replies":[{"embeddable":true,"href":"https:\/\/www.uv.mx\/prensa\/wp-json\/wp\/v2\/comments?post=35321"}],"version-history":[{"count":0,"href":"https:\/\/www.uv.mx\/prensa\/wp-json\/wp\/v2\/posts\/35321\/revisions"}],"wp:featuredmedia":[{"embeddable":true,"href":"https:\/\/www.uv.mx\/prensa\/wp-json\/wp\/v2\/media\/35330"}],"wp:attachment":[{"href":"https:\/\/www.uv.mx\/prensa\/wp-json\/wp\/v2\/media?parent=35321"}],"wp:term":[{"taxonomy":"category","embeddable":true,"href":"https:\/\/www.uv.mx\/prensa\/wp-json\/wp\/v2\/categories?post=35321"},{"taxonomy":"post_tag","embeddable":true,"href":"https:\/\/www.uv.mx\/prensa\/wp-json\/wp\/v2\/tags?post=35321"}],"curies":[{"name":"wp","href":"https:\/\/api.w.org\/{rel}","templated":true}]}}