{"id":35578,"date":"2017-11-03T12:08:52","date_gmt":"2017-11-03T18:08:52","guid":{"rendered":"https:\/\/www.uv.mx\/prensa\/?p=35578"},"modified":"2017-11-03T12:13:09","modified_gmt":"2017-11-03T18:13:09","slug":"osx-ofrecera-ensayo-general-de-las-bodas-de-figaro-para-estudiantes","status":"publish","type":"post","link":"https:\/\/www.uv.mx\/prensa\/general\/osx-ofrecera-ensayo-general-de-las-bodas-de-figaro-para-estudiantes\/","title":{"rendered":"OSX ofrecer\u00e1 ensayo general  de Las bodas de F\u00edgaro para estudiantes"},"content":{"rendered":"<p><a href=\"https:\/\/www.uv.mx\/prensa\/files\/2017\/11\/031117-OSX-estudiantes.jpg\"><img decoding=\"async\" loading=\"lazy\" class=\"aligncenter wp-image-35589 size-large\" src=\"https:\/\/www.uv.mx\/prensa\/files\/2017\/11\/031117-OSX-estudiantes-1024x1024.jpg\" alt=\"\" width=\"1024\" height=\"1024\" srcset=\"https:\/\/www.uv.mx\/prensa\/files\/2017\/11\/031117-OSX-estudiantes-1024x1024.jpg 1024w, https:\/\/www.uv.mx\/prensa\/files\/2017\/11\/031117-OSX-estudiantes-150x150.jpg 150w, https:\/\/www.uv.mx\/prensa\/files\/2017\/11\/031117-OSX-estudiantes-300x300.jpg 300w, https:\/\/www.uv.mx\/prensa\/files\/2017\/11\/031117-OSX-estudiantes-768x768.jpg 768w, https:\/\/www.uv.mx\/prensa\/files\/2017\/11\/031117-OSX-estudiantes.jpg 1200w\" sizes=\"(max-width: 1024px) 100vw, 1024px\" \/><\/a><\/p>\n<p><em><strong>03\/11\/2017, Xalapa, Ver.-<\/strong><\/em> La Orquesta Sinf\u00f3nica de Xalapa (OSX) y la Fundaci\u00f3n de la Universidad Veracruzana (UV) invitan a los estudiantes al ensayo general de la \u00f3pera <em>Las bodas de F\u00edgaro<\/em>, de Wolfgang A. Mozart, el jueves 9 de noviembre a las 18:00 horas, en la Sala de Conciertos de Tlaqn\u00e1, Centro Cultural.<\/p>\n<p>La entrada es libre, s\u00f3lo se debe mostrar la credencial oficial que otorga esta casa de estudio. El cupo es limitado, por lo cual se sugiere llegar con anticipaci\u00f3n. Tambi\u00e9n est\u00e1 la opci\u00f3n de asistir en grupo, para lo cual se pide reservar al correo conciertosdidacticos.osx@gmail.com<\/p>\n<p>Este acontecimiento es previo al concierto que la OSX ofrecer\u00e1 el viernes 10 de noviembre, a las 20:00 horas, y el s\u00e1bado 11, a las 19:00 horas, en Tlaqn\u00e1, a beneficio del programa de becas de la Fundaci\u00f3n UV.<\/p>\n<p>Los boletos pueden adquirirse de 11:00 a 19:00 horas en la taquilla de Tlaqn\u00e1, Centro Cultural, ubicado en el Campus para la Cultura, las Artes y el Deporte.<\/p>\n<p>Para mayor informaci\u00f3n consulte la p\u00e1gina de la OSX www.orquestasinfonicadexalapa.com o en <em>Facebook<\/em> como <a href=\"https:\/\/www.facebook.com\/OSXUV\/videos\/2114104815281749\/\" target=\"_blank\" rel=\"noopener\">Orquesta Sinf\u00f3nica de Xalapa<\/a>.<\/p>\n","protected":false},"excerpt":{"rendered":"<p>La Orquesta Sinf\u00f3nica de Xalapa y la Fundaci\u00f3n de la Universidad Veracruzana invitan a los estudiantes al ensayo general de la \u00f3pera Las bodas de F\u00edgaro, de Wolfgang A. Mozart, el jueves 9 de noviembre a las 18:00 horas, en la Sala de Conciertos de Tlaqn\u00e1, Centro Cultural.<\/p>\n","protected":false},"author":1777,"featured_media":35589,"comment_status":"closed","ping_status":"closed","sticky":false,"template":"","format":"standard","meta":[],"categories":[1],"tags":[],"_links":{"self":[{"href":"https:\/\/www.uv.mx\/prensa\/wp-json\/wp\/v2\/posts\/35578"}],"collection":[{"href":"https:\/\/www.uv.mx\/prensa\/wp-json\/wp\/v2\/posts"}],"about":[{"href":"https:\/\/www.uv.mx\/prensa\/wp-json\/wp\/v2\/types\/post"}],"author":[{"embeddable":true,"href":"https:\/\/www.uv.mx\/prensa\/wp-json\/wp\/v2\/users\/1777"}],"replies":[{"embeddable":true,"href":"https:\/\/www.uv.mx\/prensa\/wp-json\/wp\/v2\/comments?post=35578"}],"version-history":[{"count":0,"href":"https:\/\/www.uv.mx\/prensa\/wp-json\/wp\/v2\/posts\/35578\/revisions"}],"wp:featuredmedia":[{"embeddable":true,"href":"https:\/\/www.uv.mx\/prensa\/wp-json\/wp\/v2\/media\/35589"}],"wp:attachment":[{"href":"https:\/\/www.uv.mx\/prensa\/wp-json\/wp\/v2\/media?parent=35578"}],"wp:term":[{"taxonomy":"category","embeddable":true,"href":"https:\/\/www.uv.mx\/prensa\/wp-json\/wp\/v2\/categories?post=35578"},{"taxonomy":"post_tag","embeddable":true,"href":"https:\/\/www.uv.mx\/prensa\/wp-json\/wp\/v2\/tags?post=35578"}],"curies":[{"name":"wp","href":"https:\/\/api.w.org\/{rel}","templated":true}]}}