{"id":36399,"date":"2017-11-10T14:53:03","date_gmt":"2017-11-10T20:53:03","guid":{"rendered":"https:\/\/www.uv.mx\/prensa\/?p=36399"},"modified":"2017-11-10T15:06:19","modified_gmt":"2017-11-10T21:06:19","slug":"poemario-de-lucia-rivadeneyra-sera-presentado-en-casa-del-lago-uv","status":"publish","type":"post","link":"https:\/\/www.uv.mx\/prensa\/cultura\/poemario-de-lucia-rivadeneyra-sera-presentado-en-casa-del-lago-uv\/","title":{"rendered":"Poemario de Luc\u00eda Rivadeneyra ser\u00e1 presentado en Casa del Lago UV"},"content":{"rendered":"<ul>\n<li><i><em>Lleva por t\u00edtulo<\/em> De culpa y expiaci\u00f3n, <em>este 13 de noviembre a las 19:00 horas<\/em><\/i><\/li>\n<\/ul>\n<p>&nbsp;<\/p>\n<div id=\"attachment_36402\" style=\"width: 732px\" class=\"wp-caption aligncenter\"><a href=\"https:\/\/www.uv.mx\/prensa\/files\/2017\/11\/101117.-La-culpa-ok.jpg\"><img aria-describedby=\"caption-attachment-36402\" decoding=\"async\" loading=\"lazy\" class=\"size-full wp-image-36402\" src=\"https:\/\/www.uv.mx\/prensa\/files\/2017\/11\/101117.-La-culpa-ok.jpg\" alt=\"\" width=\"722\" height=\"1203\" srcset=\"https:\/\/www.uv.mx\/prensa\/files\/2017\/11\/101117.-La-culpa-ok.jpg 722w, https:\/\/www.uv.mx\/prensa\/files\/2017\/11\/101117.-La-culpa-ok-180x300.jpg 180w, https:\/\/www.uv.mx\/prensa\/files\/2017\/11\/101117.-La-culpa-ok-615x1024.jpg 615w\" sizes=\"(max-width: 722px) 100vw, 722px\" \/><\/a><p id=\"caption-attachment-36402\" class=\"wp-caption-text\">Esta actividad se inscribe en el marco del D\u00eda Nacional del Libro<\/p><\/div>\n<p>&nbsp;<\/p>\n<p><strong><em>10\/11\/2017, Xalapa, Ver.-<\/em><\/strong> El poemario <em>De culpa y expiaci\u00f3n<\/em>, de Luc\u00eda Rivadeneyra, ser\u00e1 presentado en la Sala de Actividades Complementarias de la Casa del Lago de la Universidad Veracruzana (UV), el lunes 13 de noviembre a las 19:00 horas.<\/p>\n<p>Esta velada po\u00e9tica se inscribe en el marco de la celebraci\u00f3n del D\u00eda Nacional del Libro, que en M\u00e9xico es el 12 de noviembre en honor al natalicio de la poeta novohispana Sor Juana In\u00e9s de la Cruz (1651), figura clave de las letras, precursora en el fomento de la lectura y la defensa del libro, y ferviente promotora del saber.<\/p>\n<p>La <em>plaquette<\/em> \u2013publicaci\u00f3n de tama\u00f1o peque\u00f1o que se usa principalmente para difundir obras literarias de corta extensi\u00f3n\u2013 <em>De culpa y expiaci\u00f3n<\/em> transita de la nostalgia al erotismo, de la muerte al amor, de la falta a la liberaci\u00f3n. Es de reciente publicaci\u00f3n por Parentalia Ediciones.<\/p>\n<p>El poema con que abre consta de siete apartados en los que alude al pez que se convierte en pescado; el ser vivo que se transforma en la comida de otro en una cadena tanto alimenticia como simb\u00f3lica. A lo largo de los poemas encontramos un dejo de nostalgia por los actos cotidianos y la presencia reiterativa de la humedad y la sal.<\/p>\n<p>La autora es poeta, periodista y catedr\u00e1tica. Ha sido merecedora de diversos premios nacionales de poes\u00eda como el \u201cEl\u00edas Nandino\u201d, \u201cEnriqueta Ochoa\u201d y \u201cEfra\u00edn Huerta\u201d; ha publicado los poemarios <em>Rescoldos<\/em>, <em>En cada cicatriz cabe la vida<\/em> y <em>Robo calificado<\/em>. Particip\u00f3 en el libro colectivo <em>Versoconverso. Poetas entrevistan poetas mexicanos<\/em>, edit\u00f3 la antolog\u00eda personal <em>Rumor de tiempos<\/em>.<\/p>\n<p>Sus poemas se han publicado en m\u00faltiples suplementos culturales. Est\u00e1 incluida en diversas antolog\u00edas y la han traducido a varios idiomas. En 2003, en Morelia, le dedicaron el Primer Encuentro Nacional de Poetas J\u00f3venes. Colabora en el portal <em>MujeresNet <\/em>con la columna \u201cCotidianidades\u201d.<\/p>\n<p>Los comentarios estar\u00e1n a cargo de Esther Hern\u00e1ndez Palacios, coordinadora de la Unidad de G\u00e9nero de la UV, y Ana Valderrama, responsable del Programa de Lectura en el Instituto Veracruzano de la Cultura.<\/p>\n<p>Como parte de esta velada po\u00e9tica en Casa del Lago UV, Luc\u00eda Rivadeneyra dar\u00e1 lectura a su obra y dialogar\u00e1 con el p\u00fablico acerca de su proceso creativo.<\/p>\n","protected":false},"excerpt":{"rendered":"<p>El poemario De culpa y expiaci\u00f3n, de Luc\u00eda Rivadeneyra, ser\u00e1 presentado en la Sala de Actividades Complementarias de la Casa del Lago de la Universidad Veracruzana (UV), el lunes 13 de noviembre a las 19:00 horas.<\/p>\n","protected":false},"author":1809,"featured_media":36401,"comment_status":"closed","ping_status":"closed","sticky":false,"template":"","format":"standard","meta":[],"categories":[11],"tags":[],"_links":{"self":[{"href":"https:\/\/www.uv.mx\/prensa\/wp-json\/wp\/v2\/posts\/36399"}],"collection":[{"href":"https:\/\/www.uv.mx\/prensa\/wp-json\/wp\/v2\/posts"}],"about":[{"href":"https:\/\/www.uv.mx\/prensa\/wp-json\/wp\/v2\/types\/post"}],"author":[{"embeddable":true,"href":"https:\/\/www.uv.mx\/prensa\/wp-json\/wp\/v2\/users\/1809"}],"replies":[{"embeddable":true,"href":"https:\/\/www.uv.mx\/prensa\/wp-json\/wp\/v2\/comments?post=36399"}],"version-history":[{"count":0,"href":"https:\/\/www.uv.mx\/prensa\/wp-json\/wp\/v2\/posts\/36399\/revisions"}],"wp:featuredmedia":[{"embeddable":true,"href":"https:\/\/www.uv.mx\/prensa\/wp-json\/wp\/v2\/media\/36401"}],"wp:attachment":[{"href":"https:\/\/www.uv.mx\/prensa\/wp-json\/wp\/v2\/media?parent=36399"}],"wp:term":[{"taxonomy":"category","embeddable":true,"href":"https:\/\/www.uv.mx\/prensa\/wp-json\/wp\/v2\/categories?post=36399"},{"taxonomy":"post_tag","embeddable":true,"href":"https:\/\/www.uv.mx\/prensa\/wp-json\/wp\/v2\/tags?post=36399"}],"curies":[{"name":"wp","href":"https:\/\/api.w.org\/{rel}","templated":true}]}}