{"id":36413,"date":"2017-11-13T11:49:22","date_gmt":"2017-11-13T17:49:22","guid":{"rendered":"https:\/\/www.uv.mx\/prensa\/?p=36413"},"modified":"2017-11-13T11:49:22","modified_gmt":"2017-11-13T17:49:22","slug":"politicas-publicas-no-propician-desarrollo-social-en-comunidades","status":"publish","type":"post","link":"https:\/\/www.uv.mx\/prensa\/general\/politicas-publicas-no-propician-desarrollo-social-en-comunidades\/","title":{"rendered":"Pol\u00edticas p\u00fablicas no propician desarrollo social en comunidades"},"content":{"rendered":"<ul>\n<li><em>Malintzin Marcial plante\u00f3 que el rezago es muy elevado porque las pol\u00edticas p\u00fablicas son aplicadas incorrectamente<\/em><\/li>\n<li><em>Felipe Gal\u00e1n se\u00f1al\u00f3 que en Tabasco ha sido poco atendido por las leyes indigenistas y pol\u00edticas p\u00fablicas del Estado<\/em><\/li>\n<\/ul>\n<p>&nbsp;<\/p>\n<div id=\"attachment_36420\" style=\"width: 732px\" class=\"wp-caption aligncenter\"><a href=\"https:\/\/www.uv.mx\/prensa\/files\/2017\/11\/Ponencias-movimiento-indigena-1311717-ok.jpg\"><img aria-describedby=\"caption-attachment-36420\" decoding=\"async\" loading=\"lazy\" class=\"size-full wp-image-36420\" src=\"https:\/\/www.uv.mx\/prensa\/files\/2017\/11\/Ponencias-movimiento-indigena-1311717-ok.jpg\" alt=\"\" width=\"722\" height=\"482\" srcset=\"https:\/\/www.uv.mx\/prensa\/files\/2017\/11\/Ponencias-movimiento-indigena-1311717-ok.jpg 722w, https:\/\/www.uv.mx\/prensa\/files\/2017\/11\/Ponencias-movimiento-indigena-1311717-ok-300x200.jpg 300w\" sizes=\"(max-width: 722px) 100vw, 722px\" \/><\/a><p id=\"caption-attachment-36420\" class=\"wp-caption-text\">Participantes de la Mesa 8 \u201cPonencias de la l\u00ednea Movimiento ind\u00edgena y campesino, la defensa del territorio\u201d<\/p><\/div>\n<p>&nbsp;<\/p>\n<p><strong><em>Paola Cort\u00e9s P\u00e9rez<\/em><\/strong><\/p>\n<p>&nbsp;<\/p>\n<p><strong><em>13\/11\/2017, Xalapa, Ver.-<\/em><\/strong> Las pol\u00edticas p\u00fablicas enfocadas a incentivar el desarrollo social no son aplicadas correctamente, en especial en las comunidades ind\u00edgenas, coincidieron los participantes en la Mesa 8 \u201cPonencias de la l\u00ednea Movimiento ind\u00edgena y campesino, la defensa del territorio\u201d del 1\u00ba Foro Regional del Golfo: acci\u00f3n colectiva y movimientos sociales, realizado del 25 al 27 de octubre, en la Unidad de Servicios Bibliotecarios y de Informaci\u00f3n (USBI) de la Universidad Veracruzana (UV).<\/p>\n<p>Entre los trabajos presentados est\u00e1 la tesis doctoral de Felipe Javier Gal\u00e1n L\u00f3pez, egresado del Doctorado en Historia y Estudios Regionales del Instituto de Investigaciones Hist\u00f3rico-Sociales (IIH-S) de la UV, intitulada \u201cLa ley de derechos y cultura ind\u00edgena en Tabasco 2009, identidades y pol\u00edticas neo-indigenistas\u201d, quien coment\u00f3 que ese estado ha sido poco atendido por las leyes indigenistas impulsadas desde el siglo XX, pero tambi\u00e9n ha sucedido esto con otras leyes y pol\u00edticas p\u00fablicas nacionales, las cuales no han impactado en esta parte del pa\u00eds.<\/p>\n<p>\u201cPor otro lado, no hay una claridad de las leyes ind\u00edgenas aplicadas por el Estado, adem\u00e1s se tiene la idea de que lo ind\u00edgena s\u00f3lo es todo aquello relacionado con lo olmeca, cuando s\u00f3lo corresponde a una regi\u00f3n y parte geogr\u00e1fica de la entidad, dejando de lado al pueblo zoque y chontal.\u201d<\/p>\n<p>En el mismo sentido fue el trabajo de Malintzin Marcial Ramos, egresada de la Licenciatura en Econom\u00eda de la UV, con su trabajo \u201cLa Huasteca veracruzana: la acumulaci\u00f3n por desposesi\u00f3n y explotaci\u00f3n de recursos naturales\u201d.<\/p>\n<p>Mencion\u00f3 que esta regi\u00f3n hist\u00f3ricamente ha tenido muchos conflictos, principalmente por los recursos naturales. Desde la Colonia, ha tenido problemas por la posesi\u00f3n de la tierra, para la producci\u00f3n agr\u00edcola y pecuaria, y actualmente por la extracci\u00f3n de petr\u00f3leo y gas natural.<\/p>\n<p>Dijo que desde el siglo pasado se ha tenido un inter\u00e9s principal en la explotaci\u00f3n de los recursos petroleros y de gas natural, al grado de que fue el eje principal en el que se bas\u00f3 la econom\u00eda de la regi\u00f3n, sin considerar el impacto social y ambiental que tendr\u00eda esta actividad.<\/p>\n<p>A la fecha, indic\u00f3 que no se ha generado un desarrollo positivo en la regi\u00f3n, por el contrario, s\u00f3lo se ha tenido un embate ambiental preocupante, el cual podr\u00eda agravarse con la Reforma Energ\u00e9tica aprobada en 2015, que tiene por objetivo explotar m\u00e1s los recursos y no considera alg\u00fan apartado que regule el impacto ambiental y social.<\/p>\n<p>\u201cEl <em>fracking<\/em> ya se sucede en la regi\u00f3n y las comunidades ind\u00edgenas se han replegado cada vez m\u00e1s, s\u00f3lo ha aumentado la brecha de marginaci\u00f3n. El rezago social es muy elevado, lo que muestra que todas las pol\u00edticas p\u00fablicas enfocadas a incentivar el desarrollo no son aplicadas correctamente.\u201d<\/p>\n<p>Resalt\u00f3 que de los 33 municipios que constituyen la regi\u00f3n, 14 son ind\u00edgenas y 27 est\u00e1n dentro de la zona de atenci\u00f3n prioritaria, porque tienen un elevado grado de marginaci\u00f3n y viven en rezago social.<\/p>\n<p>Por \u00faltimo, Victoria Antonio Candelario, Cynthia Aylin Alfonso Ol\u00e1n y Paulina del Carmen Hern\u00e1ndez Arias, estudiantes de la Licenciatura de Trabajo Social de la UV, presentaron la ponencia \u201cLa participaci\u00f3n pol\u00edtica de las mujeres CEB\u201d que tuvo por objetivo averiguar c\u00f3mo las mujeres del municipio de Zaragoza, Veracruz, han logrado tener una participaci\u00f3n activa en la lucha por los derechos humanos y en la vida pol\u00edtica.<\/p>\n<p>Las Comunidades Eclesiales de Base (CEB) son comunidades apoyadas e impulsadas por la Iglesia cat\u00f3lica, con la finalidad de mejorar la localidad a partir de la uni\u00f3n y solidaridad entre los habitantes.<\/p>\n<p>Al respecto, Victoria Antonio, ex dirigente de la CEB en Zaragoza, coment\u00f3 que agruparse en torno a esta figura social signific\u00f3 para las mujeres un despertar, les permiti\u00f3 darse cuenta que hab\u00eda otra manera de vivir y exigir sus derechos.<\/p>\n<p>Antes, \u201ctodas las mujeres no hablaban, s\u00f3lo se agachaban y no sal\u00edan de sus casas; ahora hasta hemos tenido dos presidentas municipales. Hoy las mujeres elevaron su autoestima, pueden hablar y exigir sus derechos como pueblo ind\u00edgena y como mujer\u201d.<\/p>\n<p>&nbsp;<\/p>\n","protected":false},"excerpt":{"rendered":"<p><strong><em>Paola Cort\u00e9s.-<\/em><\/strong> Las pol\u00edticas p\u00fablicas enfocadas a incentivar el desarrollo social no son aplicadas correctamente, en especial en las comunidades ind\u00edgenas, coincidieron los participantes en la Mesa 8 \u201cPonencias de la l\u00ednea Movimiento ind\u00edgena y campesino, la defensa del territorio\u201d del 1\u00ba Foro Regional del Golfo: acci\u00f3n colectiva y movimientos sociales, realizado del 25 al 27 de octubre, en la Unidad de Servicios Bibliotecarios y de Informaci\u00f3n (USBI) de la Universidad Veracruzana (UV).<\/p>\n","protected":false},"author":1810,"featured_media":36418,"comment_status":"closed","ping_status":"closed","sticky":false,"template":"","format":"standard","meta":[],"categories":[1],"tags":[3],"_links":{"self":[{"href":"https:\/\/www.uv.mx\/prensa\/wp-json\/wp\/v2\/posts\/36413"}],"collection":[{"href":"https:\/\/www.uv.mx\/prensa\/wp-json\/wp\/v2\/posts"}],"about":[{"href":"https:\/\/www.uv.mx\/prensa\/wp-json\/wp\/v2\/types\/post"}],"author":[{"embeddable":true,"href":"https:\/\/www.uv.mx\/prensa\/wp-json\/wp\/v2\/users\/1810"}],"replies":[{"embeddable":true,"href":"https:\/\/www.uv.mx\/prensa\/wp-json\/wp\/v2\/comments?post=36413"}],"version-history":[{"count":0,"href":"https:\/\/www.uv.mx\/prensa\/wp-json\/wp\/v2\/posts\/36413\/revisions"}],"wp:featuredmedia":[{"embeddable":true,"href":"https:\/\/www.uv.mx\/prensa\/wp-json\/wp\/v2\/media\/36418"}],"wp:attachment":[{"href":"https:\/\/www.uv.mx\/prensa\/wp-json\/wp\/v2\/media?parent=36413"}],"wp:term":[{"taxonomy":"category","embeddable":true,"href":"https:\/\/www.uv.mx\/prensa\/wp-json\/wp\/v2\/categories?post=36413"},{"taxonomy":"post_tag","embeddable":true,"href":"https:\/\/www.uv.mx\/prensa\/wp-json\/wp\/v2\/tags?post=36413"}],"curies":[{"name":"wp","href":"https:\/\/api.w.org\/{rel}","templated":true}]}}