{"id":36513,"date":"2017-11-14T13:20:19","date_gmt":"2017-11-14T19:20:19","guid":{"rendered":"https:\/\/www.uv.mx\/prensa\/?p=36513"},"modified":"2017-11-14T13:20:19","modified_gmt":"2017-11-14T19:20:19","slug":"estudiantes-y-egresados-de-la-uv-presentaron-revista-funk","status":"publish","type":"post","link":"https:\/\/www.uv.mx\/prensa\/cultura\/estudiantes-y-egresados-de-la-uv-presentaron-revista-funk\/","title":{"rendered":"Estudiantes y egresados de la UV presentaron revista Funk"},"content":{"rendered":"<ul>\n<li><i><em>Estar\u00e1 disponible en l\u00ednea a partir del 27 de noviembre y ser\u00e1 la primera revista digital interactiva de periodismo cultural en M\u00e9xico<\/em><\/i><\/li>\n<li><em>Manejar\u00e1 temas de alto lenguaje y cultura, en los que se destacar\u00e1 la importancia de la multiculturalidad en la sociedad contempor\u00e1nea<\/em><\/li>\n<\/ul>\n<p>&nbsp;<\/p>\n<div id=\"attachment_36514\" style=\"width: 732px\" class=\"wp-caption aligncenter\"><a href=\"https:\/\/www.uv.mx\/prensa\/files\/2017\/11\/141117.-Revista-Funk-1-ok.jpg\"><img aria-describedby=\"caption-attachment-36514\" decoding=\"async\" loading=\"lazy\" class=\"size-full wp-image-36514\" src=\"https:\/\/www.uv.mx\/prensa\/files\/2017\/11\/141117.-Revista-Funk-1-ok.jpg\" alt=\"\" width=\"722\" height=\"481\" srcset=\"https:\/\/www.uv.mx\/prensa\/files\/2017\/11\/141117.-Revista-Funk-1-ok.jpg 722w, https:\/\/www.uv.mx\/prensa\/files\/2017\/11\/141117.-Revista-Funk-1-ok-300x200.jpg 300w\" sizes=\"(max-width: 722px) 100vw, 722px\" \/><\/a><p id=\"caption-attachment-36514\" class=\"wp-caption-text\">El p\u00fablico tuvo la oportunidad de apreciar im\u00e1genes de la revista digital<\/p><\/div>\n<p>&nbsp;<\/p>\n<p><strong><em>Carlos Hugo Hermida Rosales<\/em><\/strong><\/p>\n<p>&nbsp;<\/p>\n<p><strong><em>14\/11\/2017, Xalapa, Ver.-<\/em><\/strong> Estudiantes y egresados de diversas licenciaturas de la Universidad Veracruzana (UV) presentaron el 10 de noviembre en la Galer\u00eda de Arte Contempor\u00e1neo (GAC) del Instituto Veracruzano de la Cultura (<em>Ivec<\/em>) la revista <em>Funk<\/em>, publicaci\u00f3n independiente interesada en difundir el arte, el lenguaje y la cultura.<\/p>\n<p>La propuesta editorial, que estar\u00e1 disponible en l\u00ednea a partir del 27 de noviembre, documentar\u00e1 y transmitir\u00e1 una colecci\u00f3n de historias, con el objetivo de conformar un manifiesto sobre la importancia de la multiculturalidad en la sociedad contempor\u00e1nea.<\/p>\n<p>Frida Daniela Parra Galv\u00e1n, egresada de la Licenciatura en Publicidad y Relaciones P\u00fablicas y directora de la revista, mencion\u00f3 que \u00e9sta es la primera de su tipo a nivel nacional y que es un proyecto conformado por j\u00f3venes estudiantes y egresados de las carreras de Fotograf\u00eda, Publicidad y Relaciones P\u00fablicas, Antropolog\u00eda y Lengua y Literatura Hisp\u00e1nicas, entre otras.<\/p>\n<p>&nbsp;<\/p>\n<div id=\"attachment_36515\" style=\"width: 732px\" class=\"wp-caption aligncenter\"><a href=\"https:\/\/www.uv.mx\/prensa\/files\/2017\/11\/141117.-Revista-Funk-2-ok.jpg\"><img aria-describedby=\"caption-attachment-36515\" decoding=\"async\" loading=\"lazy\" class=\"size-full wp-image-36515\" src=\"https:\/\/www.uv.mx\/prensa\/files\/2017\/11\/141117.-Revista-Funk-2-ok.jpg\" alt=\"\" width=\"722\" height=\"481\" \/><\/a><p id=\"caption-attachment-36515\" class=\"wp-caption-text\">Frida Daniela Parra Galv\u00e1n<\/p><\/div>\n<p>&nbsp;<\/p>\n<p>A\u00f1adi\u00f3 que en esta revista colaboran especialistas en el \u00e1rea de desarrollo humano, para as\u00ed crear un contexto de comprensi\u00f3n que vaya enfocado a la persona en vez de al producto.<\/p>\n<p>Comparti\u00f3 que en el primer n\u00famero se incluyen 11 art\u00edculos en los que se maneja la importancia de las ra\u00edces en una sociedad en continuo cambio: \u201cEn esos escritos se habla sobre rostros urbanos de la multiculturalidad como pueden ser el fot\u00f3grafo, el m\u00fasico y el peluquero, los cuales contribuyen al crecimiento de la sociedad y a mantener su esencia\u201d.<\/p>\n<p>Como parte de la presentaci\u00f3n se mont\u00f3 la exposici\u00f3n <em>Ra\u00edces en una sociedad cambiante<\/em>, la cual recre\u00f3 un espacio para la lectura en el que se colocaron media docena de tabletas electr\u00f3nicas para que en ellas el p\u00fablico pudiera leer la revista <em>Funk<\/em>.<\/p>\n<p>&nbsp;<\/p>\n<div id=\"attachment_36517\" style=\"width: 732px\" class=\"wp-caption aligncenter\"><a href=\"https:\/\/www.uv.mx\/prensa\/files\/2017\/11\/141117.-Revista-Funk-3-ok.jpg\"><img aria-describedby=\"caption-attachment-36517\" decoding=\"async\" loading=\"lazy\" class=\"size-full wp-image-36517\" src=\"https:\/\/www.uv.mx\/prensa\/files\/2017\/11\/141117.-Revista-Funk-3-ok.jpg\" alt=\"\" width=\"722\" height=\"481\" srcset=\"https:\/\/www.uv.mx\/prensa\/files\/2017\/11\/141117.-Revista-Funk-3-ok.jpg 722w, https:\/\/www.uv.mx\/prensa\/files\/2017\/11\/141117.-Revista-Funk-3-ok-300x200.jpg 300w\" sizes=\"(max-width: 722px) 100vw, 722px\" \/><\/a><p id=\"caption-attachment-36517\" class=\"wp-caption-text\">Equipo de la revista Funk<\/p><\/div>\n<p>&nbsp;<\/p>\n<p>\u201cQuisimos implementar dentro de la GAC un espacio que propiciara la lectura, ambientado con im\u00e1genes de la revista, con el objetivo de incentivar a los asistentes a leerla all\u00ed\u201d, explic\u00f3 Daniela Parra.<\/p>\n<p>La joven coment\u00f3 que la revista <em>Funk<\/em> estar\u00e1 disponible en www.revistafunk.com a partir del 27 de noviembre y que el costo de acceso ser\u00e1 de 25 pesos.<\/p>\n<p>\u201cSi el p\u00fablico lector quiere aprender un poco m\u00e1s de la multiculturalidad en el pa\u00eds y en el mundo, debe conocer la revista y darle oportunidad a j\u00f3venes profesionistas de presentarles una nueva experiencia de lectura enfocada al arte, la cultura y la tecnolog\u00eda\u201d, concluy\u00f3.<\/p>\n","protected":false},"excerpt":{"rendered":"<p><strong><em> Carlos Hugo Hermida Rosales.-<\/em><\/strong> Estudiantes y egresados de diversas licenciaturas de la Universidad Veracruzana (UV) presentaron el 10 de noviembre en la Galer\u00eda de Arte Contempor\u00e1neo (GAC) del Instituto Veracruzano de la Cultura (Ivec) la revista Funk, publicaci\u00f3n independiente interesada en difundir el arte, el lenguaje y la cultura.<\/p>\n","protected":false},"author":1809,"featured_media":36519,"comment_status":"closed","ping_status":"closed","sticky":false,"template":"","format":"standard","meta":[],"categories":[11],"tags":[],"_links":{"self":[{"href":"https:\/\/www.uv.mx\/prensa\/wp-json\/wp\/v2\/posts\/36513"}],"collection":[{"href":"https:\/\/www.uv.mx\/prensa\/wp-json\/wp\/v2\/posts"}],"about":[{"href":"https:\/\/www.uv.mx\/prensa\/wp-json\/wp\/v2\/types\/post"}],"author":[{"embeddable":true,"href":"https:\/\/www.uv.mx\/prensa\/wp-json\/wp\/v2\/users\/1809"}],"replies":[{"embeddable":true,"href":"https:\/\/www.uv.mx\/prensa\/wp-json\/wp\/v2\/comments?post=36513"}],"version-history":[{"count":0,"href":"https:\/\/www.uv.mx\/prensa\/wp-json\/wp\/v2\/posts\/36513\/revisions"}],"wp:featuredmedia":[{"embeddable":true,"href":"https:\/\/www.uv.mx\/prensa\/wp-json\/wp\/v2\/media\/36519"}],"wp:attachment":[{"href":"https:\/\/www.uv.mx\/prensa\/wp-json\/wp\/v2\/media?parent=36513"}],"wp:term":[{"taxonomy":"category","embeddable":true,"href":"https:\/\/www.uv.mx\/prensa\/wp-json\/wp\/v2\/categories?post=36513"},{"taxonomy":"post_tag","embeddable":true,"href":"https:\/\/www.uv.mx\/prensa\/wp-json\/wp\/v2\/tags?post=36513"}],"curies":[{"name":"wp","href":"https:\/\/api.w.org\/{rel}","templated":true}]}}