{"id":36526,"date":"2017-11-14T13:40:45","date_gmt":"2017-11-14T19:40:45","guid":{"rendered":"https:\/\/www.uv.mx\/prensa\/?p=36526"},"modified":"2017-11-14T15:40:58","modified_gmt":"2017-11-14T21:40:58","slug":"facico-conmemoro-dia-nacional-del-libro-2017","status":"publish","type":"post","link":"https:\/\/www.uv.mx\/prensa\/regiones\/facico-conmemoro-dia-nacional-del-libro-2017\/","title":{"rendered":"Facico conmemor\u00f3 D\u00eda Nacional del Libro 2017"},"content":{"rendered":"<ul>\n<li><i><em>Marat\u00f3n de lectura, taller de microcuentos, presentaciones de libro y proyecci\u00f3n de videos, entre las actividades<\/em><\/i><\/li>\n<\/ul>\n<p>&nbsp;<\/p>\n<div id=\"attachment_36565\" style=\"width: 732px\" class=\"wp-caption aligncenter\"><a href=\"https:\/\/www.uv.mx\/prensa\/files\/2017\/11\/141117.-Dia-del-libro-1-ok.jpg\"><img aria-describedby=\"caption-attachment-36565\" decoding=\"async\" loading=\"lazy\" class=\"size-full wp-image-36565\" src=\"https:\/\/www.uv.mx\/prensa\/files\/2017\/11\/141117.-Dia-del-libro-1-ok.jpg\" alt=\"\" width=\"722\" height=\"542\" srcset=\"https:\/\/www.uv.mx\/prensa\/files\/2017\/11\/141117.-Dia-del-libro-1-ok.jpg 722w, https:\/\/www.uv.mx\/prensa\/files\/2017\/11\/141117.-Dia-del-libro-1-ok-300x225.jpg 300w\" sizes=\"(max-width: 722px) 100vw, 722px\" \/><\/a><p id=\"caption-attachment-36565\" class=\"wp-caption-text\">Autoridades inauguraron la conmemoraci\u00f3n<\/p><\/div>\n<p>&nbsp;<\/p>\n<p><strong><em>F\u00e1tima Karina P\u00e9rez Ortega<\/em><\/strong><\/p>\n<p>&nbsp;<\/p>\n<p><strong><em>14\/11\/2017, Boca del R\u00edo, Ver.-<\/em><\/strong> La Academia de Lectura y Redacci\u00f3n de la regi\u00f3n Veracruz de la Universidad Veracruzana, as\u00ed como acad\u00e9micos de diferentes experiencias educativas (EE) y autoridades universitarias, inauguraron el evento conmemorativo del D\u00eda Nacional del Libro en el pasillo central de la Facultad de Ciencias de la Comunicaci\u00f3n (<em>Facico<\/em>).<\/p>\n<p>Marco Agust\u00edn Malpica, director de la <em>Facico<\/em>, reflexion\u00f3 sobre la lectura y analiz\u00f3 las oportunidades que \u00e9sta puede brindar al estudiante e indic\u00f3 que es \u201cobligaci\u00f3n de acad\u00e9micos y estudiantes acrecentar el acervo del conocimiento cultural\u201d.<\/p>\n<p>&nbsp;<\/p>\n<div id=\"attachment_36567\" style=\"width: 732px\" class=\"wp-caption aligncenter\"><a href=\"https:\/\/www.uv.mx\/prensa\/files\/2017\/11\/141117.-Dia-del-libro-2-ok.jpg\"><img aria-describedby=\"caption-attachment-36567\" decoding=\"async\" loading=\"lazy\" class=\"size-full wp-image-36567\" src=\"https:\/\/www.uv.mx\/prensa\/files\/2017\/11\/141117.-Dia-del-libro-2-ok.jpg\" alt=\"\" width=\"722\" height=\"542\" srcset=\"https:\/\/www.uv.mx\/prensa\/files\/2017\/11\/141117.-Dia-del-libro-2-ok.jpg 722w, https:\/\/www.uv.mx\/prensa\/files\/2017\/11\/141117.-Dia-del-libro-2-ok-300x225.jpg 300w\" sizes=\"(max-width: 722px) 100vw, 722px\" \/><\/a><p id=\"caption-attachment-36567\" class=\"wp-caption-text\">Alumnos expusieron grabados realizados por ellos<\/p><\/div>\n<p>&nbsp;<\/p>\n<p>Por otro lado, el vicerrector Alfonso P\u00e9rez Morales dio unas palabras de apertura y con ello el corte del list\u00f3n, que marcaron el inicio del evento.<\/p>\n<p>\u201cEl que se fomenten y se lleven a cabo este tipo de actividades en nuestra Universidad es importante para el desarrollo acad\u00e9mico de los j\u00f3venes. La cultura debe ser un aspecto cotidiano en la vida de cualquier individuo porque estoy convencido de que quien lee, vuelve a vivir\u201d, resalt\u00f3.<\/p>\n<p>En cuanto a la introducci\u00f3n de la exposici\u00f3n del Taller de Grabado y Microcuentos, Mar\u00eda Jim\u00e9nez Loya, acad\u00e9mica en los Talleres Libres de Arte (TLA), mencion\u00f3 la importancia de \u201cdetonar la imaginaci\u00f3n de los estudiantes a trav\u00e9s de la lectura\u201d. De igual manera resalt\u00f3 el apoyo de las acad\u00e9micas universitarias Irma Garc\u00eda, Silvia Borbolla y Adriana Dur\u00e1n, quienes involucraron respectivamente en sus experiencias educativas la lectura, como parte fundamental de sus actividades en el aula de clases.<\/p>\n<p>&nbsp;<\/p>\n<div id=\"attachment_36568\" style=\"width: 732px\" class=\"wp-caption aligncenter\"><a href=\"https:\/\/www.uv.mx\/prensa\/files\/2017\/11\/141117.-Dia-del-libro-3-ok.jpg\"><img aria-describedby=\"caption-attachment-36568\" decoding=\"async\" loading=\"lazy\" class=\"size-full wp-image-36568\" src=\"https:\/\/www.uv.mx\/prensa\/files\/2017\/11\/141117.-Dia-del-libro-3-ok.jpg\" alt=\"\" width=\"722\" height=\"542\" srcset=\"https:\/\/www.uv.mx\/prensa\/files\/2017\/11\/141117.-Dia-del-libro-3-ok.jpg 722w, https:\/\/www.uv.mx\/prensa\/files\/2017\/11\/141117.-Dia-del-libro-3-ok-300x225.jpg 300w\" sizes=\"(max-width: 722px) 100vw, 722px\" \/><\/a><p id=\"caption-attachment-36568\" class=\"wp-caption-text\">Acad\u00e9micas de Lectura y Redacci\u00f3n organizaron el evento<\/p><\/div>\n<p>&nbsp;<\/p>\n<p>Por otra parte, Gabriela Su\u00e1rez Franco, coordinadora de la Academia Regional de Lectura y Redacci\u00f3n, se\u00f1al\u00f3 que la iniciativa de este proyecto se dio con la finalidad de acercar a los estudiantes a la lectura y volverlos estudiantes cr\u00edticos. Adem\u00e1s, record\u00f3 el quehacer que tienen los acad\u00e9micos en fomentar en sus estudiantes el h\u00e1bito de la lectura.<\/p>\n<p>\u201cEs muy importante la labor de los profesores al motivar a los estudiantes a leer, como parte de sus actividades diarias y de provecho para su formaci\u00f3n acad\u00e9mica\u201d, puntualiz\u00f3.<\/p>\n<p>&nbsp;<\/p>\n<div id=\"attachment_36569\" style=\"width: 732px\" class=\"wp-caption aligncenter\"><a href=\"https:\/\/www.uv.mx\/prensa\/files\/2017\/11\/141117.-Dia-del-libro-4-ok.jpg\"><img aria-describedby=\"caption-attachment-36569\" decoding=\"async\" loading=\"lazy\" class=\"size-full wp-image-36569\" src=\"https:\/\/www.uv.mx\/prensa\/files\/2017\/11\/141117.-Dia-del-libro-4-ok.jpg\" alt=\"\" width=\"722\" height=\"542\" srcset=\"https:\/\/www.uv.mx\/prensa\/files\/2017\/11\/141117.-Dia-del-libro-4-ok.jpg 722w, https:\/\/www.uv.mx\/prensa\/files\/2017\/11\/141117.-Dia-del-libro-4-ok-300x225.jpg 300w\" sizes=\"(max-width: 722px) 100vw, 722px\" \/><\/a><p id=\"caption-attachment-36569\" class=\"wp-caption-text\">UV fomenta el h\u00e1bito de la lectura<\/p><\/div>\n<p>&nbsp;<\/p>\n<p>Durante el d\u00eda se realizaron diferentes actividades para conmemorar el D\u00eda Nacional del Libro: una exposici\u00f3n de grabados, un taller de microcuento, venta de libros, una charla acerca de los j\u00f3venes y la lectura, la presentaci\u00f3n del poemario <em>Trazos<\/em> de Viviana Alcoh\u00f3n, un marat\u00f3n de lectura, as\u00ed como la proyecci\u00f3n de videos alusivos a la lectura.<\/p>\n","protected":false},"excerpt":{"rendered":"<p><strong><em> F\u00e1tima Karina P\u00e9rez Ortega.-<\/em><\/strong> La Academia de Lectura y Redacci\u00f3n de la regi\u00f3n Veracruz de la Universidad Veracruzana, as\u00ed como acad\u00e9micos de diferentes experiencias educativas (EE) y autoridades universitarias, inauguraron el evento conmemorativo del D\u00eda Nacional del Libro en el pasillo central de la Facultad de Ciencias de la Comunicaci\u00f3n (Facico).<\/p>\n","protected":false},"author":1809,"featured_media":36620,"comment_status":"closed","ping_status":"closed","sticky":false,"template":"","format":"standard","meta":[],"categories":[32],"tags":[],"_links":{"self":[{"href":"https:\/\/www.uv.mx\/prensa\/wp-json\/wp\/v2\/posts\/36526"}],"collection":[{"href":"https:\/\/www.uv.mx\/prensa\/wp-json\/wp\/v2\/posts"}],"about":[{"href":"https:\/\/www.uv.mx\/prensa\/wp-json\/wp\/v2\/types\/post"}],"author":[{"embeddable":true,"href":"https:\/\/www.uv.mx\/prensa\/wp-json\/wp\/v2\/users\/1809"}],"replies":[{"embeddable":true,"href":"https:\/\/www.uv.mx\/prensa\/wp-json\/wp\/v2\/comments?post=36526"}],"version-history":[{"count":0,"href":"https:\/\/www.uv.mx\/prensa\/wp-json\/wp\/v2\/posts\/36526\/revisions"}],"wp:featuredmedia":[{"embeddable":true,"href":"https:\/\/www.uv.mx\/prensa\/wp-json\/wp\/v2\/media\/36620"}],"wp:attachment":[{"href":"https:\/\/www.uv.mx\/prensa\/wp-json\/wp\/v2\/media?parent=36526"}],"wp:term":[{"taxonomy":"category","embeddable":true,"href":"https:\/\/www.uv.mx\/prensa\/wp-json\/wp\/v2\/categories?post=36526"},{"taxonomy":"post_tag","embeddable":true,"href":"https:\/\/www.uv.mx\/prensa\/wp-json\/wp\/v2\/tags?post=36526"}],"curies":[{"name":"wp","href":"https:\/\/api.w.org\/{rel}","templated":true}]}}